{"id":9245,"date":"2018-02-21T14:55:56","date_gmt":"2018-02-21T14:55:56","guid":{"rendered":"https:\/\/infotorrent.es\/uncategorized\/torrent-augmenta-el-nombre-de-viatgers-del-servei-public-de-transport\/"},"modified":"2018-02-21T14:45:32","modified_gmt":"2018-02-21T14:45:32","slug":"torrent-augmenta-el-nombre-de-viatgers-del-servei-public-de-transport","status":"publish","type":"post","link":"https:\/\/infotorrent.es\/ca\/noticies\/torrent-augmenta-el-nombre-de-viatgers-del-servei-public-de-transport\/","title":{"rendered":"Torrent augmenta el nombre de viatgers del servei p\u00fablic de transport"},"content":{"rendered":"<p style=\"text-align: justify;\"><strong>En 2017 TorrentBus ha generat quasi un 4 % m\u00e9s d&#8217;usuaris i TorrentBici un 7,33 % pel que fa a l&#8217;any anterior\u00a0\u00a0\u00a0 <\/strong><\/p>\n<p style=\"text-align: justify;\"><strong> A partir de mar\u00e7 es podran combinar els dos serveis pel mateix preu i despla\u00e7ar-se per l\u2019\u00e0rea metropolitana\u00a0\u00a0\u00a0\u00a0\u00a0 <\/strong><\/p>\n<p style=\"text-align: justify;\"><strong> El transport p\u00fablic ser\u00e0 debades per a les persones amb diversitat funcional intel\u00b7lectual<\/strong><\/p>\n<p style=\"text-align: justify;\">Les pol\u00edtiques de mobilitat i els canvis duts a terme en estos tres anys han suposat un increment considerable en l\u2019\u00fas que els ve\u00efns i ve\u00efnes de Torrent fan del transport p\u00fablic. Aix\u00ed ho ha explicat en roda de premsa el regidor de Mobilitat, Jos\u00e9 Antonio Castillejo, juntament amb l&#8217;alcalde, Jes\u00fas Ros.<\/p>\n<p style=\"text-align: justify;\">En este sentit, Castillejo ha manifestat que la reordenaci\u00f3 de les l\u00ednies que s\u2019ha fet per a adaptar-les a les necessitats de la ciutadania, a m\u00e9s de la recuperaci\u00f3 de la gratu\u00eftat del transport per a persones amb mobilitat redu\u00efda, pensionistes, jubilades, estudiants, aturades i de baixos ingressos, han contribu\u00eft a l&#8217;increment dels viatgers.<\/p>\n<p style=\"text-align: justify;\">Per este motiu, l\u2019equip de govern ha volgut fer un pas m\u00e9s. El regidor de Mobilitat ha anunciat dos noves mesures que es duran a terme de forma imminent: d\u2019una banda la campanya MOU-TE, combina la mobilitat TorrentBus i TorrentBici; d\u2019altra, ha anunciat la gratu\u00eftat del transport per a persones amb diversitat funcional intel\u00b7lectual, les quals se sumen, aix\u00ed, a estudiants, pensionistes, j\u00f3vens amb Carnet Jove, aturats, persones amb mobilitat redu\u00efda i persones amb ingressos per sota del salari m\u00ednim interprofessional que sol\u00b7liciten la seua targeta daurada o d\u2019estudiant i que des del passat 2016 ja gaudien d\u2019este benefici.<\/p>\n<p style=\"text-align: justify;\"><strong>MOU-TE combina mobilitat TorrentBus i TorrentBici\u00a0\u00a0\u00a0\u00a0 <\/strong><\/p>\n<p style=\"text-align: justify;\">A partir de l&#8217;1 de mar\u00e7, des de l&#8217;\u00c0rea de Mobilitat s\u2019iniciar\u00e0 la campanya d&#8217;\u00fas combinat dels dos transports. Si un usuari t\u00e9 un abonament de TorrentBus, ara tamb\u00e9 podr\u00e0 utilitzar debades la bicicleta p\u00fablica de Torrent.<\/p>\n<p style=\"text-align: justify;\">La manera d\u2019utilitzar este servei \u00e9s tan senzilla com validar la targeta de TorrentBus i inserir els quatre \u00faltims d\u00edgits del DNI en qualsevol dels punts d\u2019informaci\u00f3 de les estacions que TorrentBici t\u00e9 per tot el municipi.<\/p>\n<p style=\"text-align: justify;\">A m\u00e9s, com que est\u00e0 adherida al servei metropolit\u00e0 de Val\u00e8ncia de bicicleta p\u00fablica MIBISIVALENCIA, tamb\u00e9 es podran combinar els despla\u00e7aments amb bici per l\u2019\u00e0rea metropolitana.<\/p>\n<p>&nbsp;<\/p>\n","protected":false},"excerpt":{"rendered":"<p>En 2017 TorrentBus ha generat quasi un 4 % m\u00e9s d&#8217;usuaris i TorrentBici un 7,33 % pel que fa a l&#8217;any anterior\u00a0\u00a0\u00a0 A partir de mar\u00e7 es podran combinar els dos serveis pel mateix preu i despla\u00e7ar-se per l\u2019\u00e0rea metropolitana\u00a0\u00a0\u00a0\u00a0\u00a0 El transport p\u00fablic ser\u00e0 debades per a les persones amb diversitat funcional intel\u00b7lectual Les pol\u00edtiques [&hellip;]<\/p>\n","protected":false},"author":3,"featured_media":1137,"comment_status":"closed","ping_status":"open","sticky":false,"template":"","format":"standard","meta":{"_acf_changed":false,"footnotes":""},"categories":[116,124],"tags":[349],"class_list":["post-9245","post","type-post","status-publish","format-standard","has-post-thumbnail","hentry","category-noticies","category-seguretat-ciutadana","tag-ajuntament-de-torrenttorrenttorrentbici"],"acf":[],"_links":{"self":[{"href":"https:\/\/infotorrent.es\/ca\/wp-json\/wp\/v2\/posts\/9245","targetHints":{"allow":["GET"]}}],"collection":[{"href":"https:\/\/infotorrent.es\/ca\/wp-json\/wp\/v2\/posts"}],"about":[{"href":"https:\/\/infotorrent.es\/ca\/wp-json\/wp\/v2\/types\/post"}],"author":[{"embeddable":true,"href":"https:\/\/infotorrent.es\/ca\/wp-json\/wp\/v2\/users\/3"}],"replies":[{"embeddable":true,"href":"https:\/\/infotorrent.es\/ca\/wp-json\/wp\/v2\/comments?post=9245"}],"version-history":[{"count":0,"href":"https:\/\/infotorrent.es\/ca\/wp-json\/wp\/v2\/posts\/9245\/revisions"}],"wp:featuredmedia":[{"embeddable":true,"href":"https:\/\/infotorrent.es\/ca\/wp-json\/wp\/v2\/media\/1137"}],"wp:attachment":[{"href":"https:\/\/infotorrent.es\/ca\/wp-json\/wp\/v2\/media?parent=9245"}],"wp:term":[{"taxonomy":"category","embeddable":true,"href":"https:\/\/infotorrent.es\/ca\/wp-json\/wp\/v2\/categories?post=9245"},{"taxonomy":"post_tag","embeddable":true,"href":"https:\/\/infotorrent.es\/ca\/wp-json\/wp\/v2\/tags?post=9245"}],"curies":[{"name":"wp","href":"https:\/\/api.w.org\/{rel}","templated":true}]}}