{"id":9212,"date":"2018-02-12T15:53:46","date_gmt":"2018-02-12T15:53:46","guid":{"rendered":"https:\/\/infotorrent.es\/uncategorized\/la-junta-central-de-germandats-de-setmana-santa-commemora-el-75-aniversari-de-la-seua-fundacio\/"},"modified":"2018-02-12T15:38:13","modified_gmt":"2018-02-12T15:38:13","slug":"la-junta-central-de-germandats-de-setmana-santa-commemora-el-75-aniversari-de-la-seua-fundacio","status":"publish","type":"post","link":"https:\/\/infotorrent.es\/ca\/noticies\/la-junta-central-de-germandats-de-setmana-santa-commemora-el-75-aniversari-de-la-seua-fundacio\/","title":{"rendered":"La Junta Central de Germandats de Setmana Santa commemora el 75 aniversari de la seua fundaci\u00f3"},"content":{"rendered":"<p><strong>L\u2019Antic Mercat va acollir l\u2019homenatge a les persones que han format part de l\u2019organisme, creat el 1943<\/strong><\/p>\n<p><strong>L\u2019alcalde Jes\u00fas Ros va rebre la medalla que l\u2019acredita com a membre d\u2019honor de la Junta Central<\/strong><\/p>\n<p style=\"text-align: justify;\">La Junta Central de Germandats de Setmana Santa de Torrent va celebrar diumenge l\u2019acte central per a commemorar el 75 aniversari de la seua fundaci\u00f3. La sala c\u00edvica de l\u2019Antic Mercat va acollir l\u2019homenatge a les persones que en representaci\u00f3 de les seues confraries han format part de l\u2019organisme des que es fund\u00e0, l\u2019any 1943.<\/p>\n<p style=\"text-align: justify;\">Durant la presentaci\u00f3, el president de la Junta Central, Jos\u00e9 Vicente Yago, va destacar el doble vessant del treball dels representants de les germandats. D\u2019una banda, el vessant exterior, quant a organitzaci\u00f3 i coordinaci\u00f3 dels actes i, d\u2019altra banda, l\u2019interior de les germandats <strong>\u201cper a fer realitat l\u2019esperit d\u2019ajuda m\u00fatua\u201d<\/strong> entre les agrupacions.<\/p>\n<p style=\"text-align: justify;\"><img fetchpriority=\"high\" decoding=\"async\" class=\"wp-image-10446 aligncenter\" src=\"https:\/\/www.infotorrent.es\/wp-content\/uploads\/2018\/02\/IMG_6993.jpg\" alt=\"\" width=\"605\" height=\"403\" \/><\/p>\n<p style=\"text-align: justify;\">En representaci\u00f3 dels expresidents, va prendre la paraula Alfredo Costa Alonso, que va exercir este c\u00e0rrec des de l\u2019any 1974 fins al 1991. Costa va agrair el testimoni d\u2019aquells que han format part de l\u2019ens per a <strong>\u201cengrandir la Setmana Santa des de totes les sensibilitats\u201d <\/strong>i per a projectar tot el potencial art\u00edstic i cultural que estes celebracions representen.<\/p>\n<p style=\"text-align: justify;\">L\u2019alcalde Jes\u00fas Ros, que va estar acompanyat per la regidora de Desenvolupament Sostenible, Inma Amat, va destacar la incorporaci\u00f3 de la dona a la Setmana Santa com a factor primordial en el creixement i consolidaci\u00f3 de les celebracions. En este sentit, va destacar igualment el paper de representaci\u00f3 que exercix, m\u00e9s enll\u00e0 de l\u2019Encontre glori\u00f3s, la reina de l\u2019Encontre. A m\u00e9s a m\u00e9s, el primer edil va rebre de Jos\u00e9 Vicente Yago la medalla que l\u2019acredita com a membre d\u2019honor de la Junta Central.<\/p>\n<p style=\"text-align: justify;\">Durant l\u2019acte es va projectar un v\u00eddeo que repassa els 75 anys d\u2019hist\u00f2ria de la Junta Central de Germandats amb testimonis d\u2019expresidents, aix\u00ed com de reines de l\u2019Encontre, un treball elaborat pel Gabinet de Premsa Municipal.<\/p>\n<p style=\"text-align: justify;\"><strong>Certamen de bandes<\/strong><\/p>\n<p style=\"text-align: justify;\">D\u2019altra banda, la Casa Museu de la Setmana Santa va acollir el passat dissabte el certamen de bandes de cornetes i tambors amb la participaci\u00f3 de les germandats Virgen de los Dolores, Santa Cena, Negaciones de Pedro i Jes\u00fas Nazareno.<\/p>\n<p><img decoding=\"async\" class=\"wp-image-10448 aligncenter\" src=\"https:\/\/www.infotorrent.es\/wp-content\/uploads\/2018\/02\/IMG_7934.jpg\" alt=\"\" width=\"599\" height=\"399\" \/><\/p>\n","protected":false},"excerpt":{"rendered":"<p>L\u2019Antic Mercat va acollir l\u2019homenatge a les persones que han format part de l\u2019organisme, creat el 1943 L\u2019alcalde Jes\u00fas Ros va rebre la medalla que l\u2019acredita com a membre d\u2019honor de la Junta Central La Junta Central de Germandats de Setmana Santa de Torrent va celebrar diumenge l\u2019acte central per a commemorar el 75 aniversari [&hellip;]<\/p>\n","protected":false},"author":3,"featured_media":9214,"comment_status":"closed","ping_status":"open","sticky":false,"template":"","format":"standard","meta":{"_acf_changed":false,"footnotes":""},"categories":[156,116],"tags":[847],"class_list":["post-9212","post","type-post","status-publish","format-standard","has-post-thumbnail","hentry","category-festes-i-tradicions-2","category-noticies","tag-ajuntament-de-torrentsetmana-santatorrent"],"acf":[],"_links":{"self":[{"href":"https:\/\/infotorrent.es\/ca\/wp-json\/wp\/v2\/posts\/9212","targetHints":{"allow":["GET"]}}],"collection":[{"href":"https:\/\/infotorrent.es\/ca\/wp-json\/wp\/v2\/posts"}],"about":[{"href":"https:\/\/infotorrent.es\/ca\/wp-json\/wp\/v2\/types\/post"}],"author":[{"embeddable":true,"href":"https:\/\/infotorrent.es\/ca\/wp-json\/wp\/v2\/users\/3"}],"replies":[{"embeddable":true,"href":"https:\/\/infotorrent.es\/ca\/wp-json\/wp\/v2\/comments?post=9212"}],"version-history":[{"count":0,"href":"https:\/\/infotorrent.es\/ca\/wp-json\/wp\/v2\/posts\/9212\/revisions"}],"wp:featuredmedia":[{"embeddable":true,"href":"https:\/\/infotorrent.es\/ca\/wp-json\/wp\/v2\/media\/9214"}],"wp:attachment":[{"href":"https:\/\/infotorrent.es\/ca\/wp-json\/wp\/v2\/media?parent=9212"}],"wp:term":[{"taxonomy":"category","embeddable":true,"href":"https:\/\/infotorrent.es\/ca\/wp-json\/wp\/v2\/categories?post=9212"},{"taxonomy":"post_tag","embeddable":true,"href":"https:\/\/infotorrent.es\/ca\/wp-json\/wp\/v2\/tags?post=9212"}],"curies":[{"name":"wp","href":"https:\/\/api.w.org\/{rel}","templated":true}]}}