{"id":9200,"date":"2018-02-12T14:27:37","date_gmt":"2018-02-12T14:27:37","guid":{"rendered":"https:\/\/infotorrent.es\/uncategorized\/la-falla-ramon-y-cajal-celebra-el-50-aniversari\/"},"modified":"2018-02-12T14:21:55","modified_gmt":"2018-02-12T14:21:55","slug":"la-falla-ramon-y-cajal-celebra-el-50-aniversari","status":"publish","type":"post","link":"https:\/\/infotorrent.es\/ca\/noticies\/la-falla-ramon-y-cajal-celebra-el-50-aniversari\/","title":{"rendered":"La falla Ram\u00f3n y Cajal celebra el 50 aniversari"},"content":{"rendered":"<p style=\"text-align: justify;\"><strong>La falla Ram\u00f3n y Cajal va celebrar dissabte l\u2019acte central del seu 50 aniversari amb una gala a l&#8217;Auditori de Paiporta, i divendres, com a aperitiu, es va inaugurar una exposici\u00f3 en qu\u00e8 es fa un rep\u00e0s al mig segle de vida de la comissi\u00f3<\/strong><\/p>\n<p style=\"text-align: justify;\">La vesprada de divendres, el casal de la falla Ram\u00f3n y Cajal va acollir la inauguraci\u00f3 de l\u2019exposici\u00f3 de fotografies commemoratives del seu 50 aniversari; un acte on acudiren fallers i falleres de totes les \u00e8poques, les falleres majors de Torrent, M. Jes\u00fas Rinc\u00f3n i Alexia Manzano, aix\u00ed com el regidor de Festes, Jos\u00e9 Antonio Castillejo, i l&#8217;alcalde Jes\u00fas Ros, el qual va tindre paraules d\u2019afecte i d\u2019enhorabona per a tots els fallers i falleres que, amb la seua participaci\u00f3, han fet gran la comissi\u00f3 i, en general, la festa de les falles a la ciutat.<\/p>\n<p style=\"text-align: justify;\"><img fetchpriority=\"high\" decoding=\"async\" class=\"wp-image-10403 aligncenter\" src=\"https:\/\/www.infotorrent.es\/wp-content\/uploads\/2018\/02\/Exposici\u00f3n-Ram\u00f3n-y-Cajal-2.jpg\" alt=\"\" width=\"557\" height=\"371\" \/>Dissabte de vesprada va tindre lloc l\u2019acte central de l\u2019aniversari, un moment emotiu en qu\u00e8 es va recordar tots els que no han pogut arribar a viure este aniversari, per\u00f2 que mereixen tot el reconeixement pel seu treball incansable. A continuaci\u00f3, els presidents i les falleres majors pujaren a l\u2019escenari per a rebre la ins\u00edgnia de la falla i la commemorativa del 50 aniversari.<\/p>\n<p style=\"text-align: justify;\">A m\u00e9s, abans de donar pas a les falleres majors de cada d\u00e8cada, Pascual Andreu va cantar una can\u00e7\u00f3 representativa de cada \u00e8poca. Finalment, un sopar de germanor va posar el punt final a este intens cap de setmana de celebraci\u00f3.<\/p>\n","protected":false},"excerpt":{"rendered":"<p>La falla Ram\u00f3n y Cajal va celebrar dissabte l\u2019acte central del seu 50 aniversari amb una gala a l&#8217;Auditori de Paiporta, i divendres, com a aperitiu, es va inaugurar una exposici\u00f3 en qu\u00e8 es fa un rep\u00e0s al mig segle de vida de la comissi\u00f3 La vesprada de divendres, el casal de la falla Ram\u00f3n [&hellip;]<\/p>\n","protected":false},"author":3,"featured_media":9202,"comment_status":"closed","ping_status":"open","sticky":false,"template":"","format":"standard","meta":{"_acf_changed":false,"footnotes":""},"categories":[156,116],"tags":[844],"class_list":["post-9200","post","type-post","status-publish","format-standard","has-post-thumbnail","hentry","category-festes-i-tradicions-2","category-noticies","tag-ajuntament-de-torrentfallestorrent"],"acf":[],"_links":{"self":[{"href":"https:\/\/infotorrent.es\/ca\/wp-json\/wp\/v2\/posts\/9200","targetHints":{"allow":["GET"]}}],"collection":[{"href":"https:\/\/infotorrent.es\/ca\/wp-json\/wp\/v2\/posts"}],"about":[{"href":"https:\/\/infotorrent.es\/ca\/wp-json\/wp\/v2\/types\/post"}],"author":[{"embeddable":true,"href":"https:\/\/infotorrent.es\/ca\/wp-json\/wp\/v2\/users\/3"}],"replies":[{"embeddable":true,"href":"https:\/\/infotorrent.es\/ca\/wp-json\/wp\/v2\/comments?post=9200"}],"version-history":[{"count":0,"href":"https:\/\/infotorrent.es\/ca\/wp-json\/wp\/v2\/posts\/9200\/revisions"}],"wp:featuredmedia":[{"embeddable":true,"href":"https:\/\/infotorrent.es\/ca\/wp-json\/wp\/v2\/media\/9202"}],"wp:attachment":[{"href":"https:\/\/infotorrent.es\/ca\/wp-json\/wp\/v2\/media?parent=9200"}],"wp:term":[{"taxonomy":"category","embeddable":true,"href":"https:\/\/infotorrent.es\/ca\/wp-json\/wp\/v2\/categories?post=9200"},{"taxonomy":"post_tag","embeddable":true,"href":"https:\/\/infotorrent.es\/ca\/wp-json\/wp\/v2\/tags?post=9200"}],"curies":[{"name":"wp","href":"https:\/\/api.w.org\/{rel}","templated":true}]}}