{"id":9192,"date":"2018-02-09T16:15:43","date_gmt":"2018-02-09T16:15:43","guid":{"rendered":"https:\/\/infotorrent.es\/uncategorized\/el-festival-intercultural-arrels-conclou-amb-una-proposta-que-combina-poesia-i-musica-tradicional-valenciana\/"},"modified":"2018-02-09T16:05:54","modified_gmt":"2018-02-09T16:05:54","slug":"el-festival-intercultural-arrels-conclou-amb-una-proposta-que-combina-poesia-i-musica-tradicional-valenciana","status":"publish","type":"post","link":"https:\/\/infotorrent.es\/ca\/noticies\/el-festival-intercultural-arrels-conclou-amb-una-proposta-que-combina-poesia-i-musica-tradicional-valenciana\/","title":{"rendered":"El festival intercultural Arrels conclou amb una proposta que combina poesia i m\u00fasica tradicional valenciana"},"content":{"rendered":"<p><strong>Capella de Ministrers posar\u00e0 m\u00fasica als versos de cinc poetes valencians en l\u2019\u00faltima sessi\u00f3, a l\u2019Auditori<\/strong><\/p>\n<p style=\"text-align: justify;\">El festival Arrels conclou divendres a l\u2019Auditori amb una proposta interpretativa que unix poesia i m\u00fasica tradicional valenciana. En la sessi\u00f3 de cloenda, a les 20.30 hores, Capella de Ministrers combinar\u00e0 textos dels poetes valencians Vicent Andr\u00e9s Estell\u00e9s, Marc Granell, Jaume P\u00e9rez Muntaner, Begonya Pozo i Isabel Robles amb formes de m\u00fasica hist\u00f2rica i tradicional com el cant d\u2019estil, les peteneres, els cants de batre o les can\u00e7ons de bressol.<\/p>\n<p style=\"text-align: justify;\">Es tracta en alguns casos, en paraules de Carles Magraner, director de Capella de Ministrers, de \u201ctextos \u00fanics i exclusius, escrits per a aquest concert\u201d. El music\u00f2leg es mostra \u201cmolt satisfet d\u2019aquesta col\u00b7laboraci\u00f3 amb grans noms de la poesia valenciana\u201d.<\/p>\n<p style=\"text-align: justify;\">La diversitat i el mestissatge de la proposta faran valdre el patrimoni musical valenci\u00e0 ja que la proposta ha sigut fruit d\u2019una tasca d\u2019investigaci\u00f3 musicol\u00f2gica que ha perm\u00e9s establir els vincles entre la tradici\u00f3 oral i les formes arcaiques de composici\u00f3.<\/p>\n<p style=\"text-align: justify;\"><strong>M\u00fasica i tradici\u00f3<\/strong><\/p>\n<p style=\"text-align: justify;\">En la presentaci\u00f3 de dilluns, el music\u00f2leg Josep Vicent Frechina va oferir la confer\u00e8ncia \u201cLes arrels de la tradici\u00f3\u201d sobre els g\u00e8neres musicals tradicionals valencians. L\u2019acte el presentaren la regidora de Cultura, Susi Ferrer, i el director de Capella de Ministrers, Carles Magraner, que van donar pas a Frechina.<\/p>\n<p><img fetchpriority=\"high\" decoding=\"async\" class=\"wp-image-10350 aligncenter\" src=\"https:\/\/www.infotorrent.es\/wp-content\/uploads\/2018\/02\/arrels_01.jpg\" alt=\"\" width=\"486\" height=\"365\" \/><\/p>\n<p style=\"text-align: justify;\">El dimarts, el festival es trasllad\u00e0 a l\u2019Antic Mercat. Elia Casanova (veu), Carles Magraner (viola d\u2019arc), Lixsania Fern\u00e1ndez (viola d\u2019arc) i Sara \u00c1gueda (arpa) interpretaren <em>Dol\u00e7a mem\u00f2ria<\/em>, un homenatge als compositors i int\u00e8rprets del segle XVI, una de les \u00e8poques, entre el renaixement i el barroc, m\u00e9s prol\u00edfiques de la hist\u00f2ria de la m\u00fasica.<\/p>\n<p style=\"text-align: justify;\">Encara a l\u2019Antic Mercat, el dimecres el <em>cantaor<\/em> i referent del cant d\u2019estil Josep Aparicio, <em>Apa, <\/em>acompanyat per Eduard Navarro i Robert Cases a les cordes del lla\u00fct i la guitarra, va fer un rep\u00e0s a la m\u00fasica tradicional valenciana seguint la l\u00ednia dels grans referents d\u2019esta modalitat.<\/p>\n<p><img decoding=\"async\" class=\"wp-image-10352 aligncenter\" src=\"https:\/\/www.infotorrent.es\/wp-content\/uploads\/2018\/02\/arrels_03.jpg\" alt=\"\" width=\"521\" height=\"347\" \/><\/p>\n<p style=\"text-align: justify;\">En la tercera sessi\u00f3 del festival, el grup Mediterr\u00e0nia Consort, format per Aziz Samsaoui (qanun i <em>oud<\/em>) David Antich (flautes) i Pau Ballester (percussions), va fer un recorregut pel per\u00edode compr\u00e9s entre els segles XII i XV, un dels m\u00e9s apassionants pel que fa a la relaci\u00f3 entre cultures, i la seua influ\u00e8ncia en la producci\u00f3 musical.<\/p>\n<p><img decoding=\"async\" class=\"wp-image-10354 aligncenter\" src=\"https:\/\/www.infotorrent.es\/wp-content\/uploads\/2018\/02\/arrels_04.jpg\" alt=\"\" width=\"555\" height=\"370\" \/><\/p>\n","protected":false},"excerpt":{"rendered":"<p>Capella de Ministrers posar\u00e0 m\u00fasica als versos de cinc poetes valencians en l\u2019\u00faltima sessi\u00f3, a l\u2019Auditori El festival Arrels conclou divendres a l\u2019Auditori amb una proposta interpretativa que unix poesia i m\u00fasica tradicional valenciana. En la sessi\u00f3 de cloenda, a les 20.30 hores, Capella de Ministrers combinar\u00e0 textos dels poetes valencians Vicent Andr\u00e9s Estell\u00e9s, Marc [&hellip;]<\/p>\n","protected":false},"author":3,"featured_media":9194,"comment_status":"closed","ping_status":"open","sticky":false,"template":"","format":"standard","meta":{"_acf_changed":false,"footnotes":""},"categories":[126,116],"tags":[],"class_list":["post-9192","post","type-post","status-publish","format-standard","has-post-thumbnail","hentry","category-cultura-es-2","category-noticies"],"acf":[],"_links":{"self":[{"href":"https:\/\/infotorrent.es\/ca\/wp-json\/wp\/v2\/posts\/9192","targetHints":{"allow":["GET"]}}],"collection":[{"href":"https:\/\/infotorrent.es\/ca\/wp-json\/wp\/v2\/posts"}],"about":[{"href":"https:\/\/infotorrent.es\/ca\/wp-json\/wp\/v2\/types\/post"}],"author":[{"embeddable":true,"href":"https:\/\/infotorrent.es\/ca\/wp-json\/wp\/v2\/users\/3"}],"replies":[{"embeddable":true,"href":"https:\/\/infotorrent.es\/ca\/wp-json\/wp\/v2\/comments?post=9192"}],"version-history":[{"count":0,"href":"https:\/\/infotorrent.es\/ca\/wp-json\/wp\/v2\/posts\/9192\/revisions"}],"wp:featuredmedia":[{"embeddable":true,"href":"https:\/\/infotorrent.es\/ca\/wp-json\/wp\/v2\/media\/9194"}],"wp:attachment":[{"href":"https:\/\/infotorrent.es\/ca\/wp-json\/wp\/v2\/media?parent=9192"}],"wp:term":[{"taxonomy":"category","embeddable":true,"href":"https:\/\/infotorrent.es\/ca\/wp-json\/wp\/v2\/categories?post=9192"},{"taxonomy":"post_tag","embeddable":true,"href":"https:\/\/infotorrent.es\/ca\/wp-json\/wp\/v2\/tags?post=9192"}],"curies":[{"name":"wp","href":"https:\/\/api.w.org\/{rel}","templated":true}]}}