{"id":91659,"date":"2026-01-30T10:35:51","date_gmt":"2026-01-30T09:35:51","guid":{"rendered":"https:\/\/infotorrent.es\/?p=91659"},"modified":"2026-01-30T10:41:26","modified_gmt":"2026-01-30T09:41:26","slug":"torrent-ret-homenatge-als-seus-donants-de-sang-en-un-emotiu-acte","status":"publish","type":"post","link":"https:\/\/infotorrent.es\/ca\/noticies\/sanitat-i-igualtat\/torrent-ret-homenatge-als-seus-donants-de-sang-en-un-emotiu-acte\/","title":{"rendered":"Torrent ret homenatge als seus donants de sang en un emotiu acte"},"content":{"rendered":"\n<p><strong>Prop de 300 persones participen en l\u2019homenatge als donants de sang de Torrent<\/strong><\/p>\n\n\n\n<p>La ciutat de Torrent ha celebrat un emotiu acte d\u2019homenatge als donants de sang del municipi, una cita carregada d\u2019agra\u00efment, reconeixement i comprom\u00eds social que va tindre lloc a la Sala C\u00edvica de l\u2019Antic Mercat. L\u2019encontre va servir per posar en valor la generositat silenciosa de desenes de torrentins i torrentines que, amb el seu gest altruista, contribueixen de manera decisiva a salvar vides i a enfortir el sistema sanitari.<\/p>\n\n\n\n<p>L\u2019homenatge, organitzat pel Centre de Transfusi\u00f3 de la Comunitat Valenciana i l\u2019Associaci\u00f3 de Donants de Sang de Val\u00e8ncia \u2014entitats que a m\u00e9s van nomenar Torrent com a \u201cPoble del Mes\u201d\u2014, va reunir prop de 300 persones entre donants habituals i les seues fam\u00edlies, l\u2019alcaldessa Amparo Folgado i els regidors d\u2019Igualtat, Amparo Chust, i de Sanitat, Santiago Calatayud, professionals sanitaris, representants d\u2019associacions i ciutadania. Una vesprada marcada per les emocions dels donants i les seues fam\u00edlies i el reconeixement a qui fa de la solidaritat un comprom\u00eds real.<\/p>\n\n\n\n<p><strong>Torrent, \u201cPoble del Mes\u201d pel seu comprom\u00eds solidari<\/strong><\/p>\n\n\n\n<p>L\u2019acte va comen\u00e7ar amb la recepci\u00f3 dels assistents i la benvinguda a c\u00e0rrec d\u2019Eva Xandri, responsable de comunicaci\u00f3 del Centre de Transfusi\u00f3 de la Comunitat Valenciana, qui va destacar la import\u00e0ncia de la col\u00b7laboraci\u00f3 entre administracions, entitats i ciutadania per garantir el subministrament de sang als hospitals.<\/p>\n\n\n\n<p>Xandri va subratllar que la donaci\u00f3 \u00e9s una necessitat constant i va recordar que no existixen substituts artificials per a la sang, fet que converteix cada gest solidari en imprescindible. En este sentit, va posar en valor el reconeixement atorgat a Torrent, una distinci\u00f3 que premia la implicaci\u00f3 de la ciutat i la col\u00b7laboraci\u00f3 del consistori en la promoci\u00f3 de la donaci\u00f3 i en la conscienciaci\u00f3 social.<\/p>\n\n\n\n<p><strong>Crida als joves per assegurar el relleu generacional<\/strong><\/p>\n\n\n\n<p>A continuaci\u00f3, van prendre la paraula el president de l\u2019Associaci\u00f3 de Donants de Sang de Val\u00e8ncia, el doctor Roberto Roig, i l\u2019alcaldessa de Torrent, Amparo Folgado. Tots dos van coincidir a subratllar el valor insubstitu\u00efble de la donaci\u00f3 de sang com un dels majors actes de solidaritat que pot realitzar una persona.<\/p>\n\n\n\n<p>Roig va centrar la seua intervenci\u00f3 en la necessitat d\u2019implicar les noves generacions i va animar especialment els joves a sumar-se a la donaci\u00f3. \u201c\u00c9s fonamental que els joves entenguen que donar sang \u00e9s un h\u00e0bit solidari que s\u2019ha de mantindre en el temps. Assegurar el relleu generacional \u00e9s clau per mantindre un sistema de donaci\u00f3 fort i estable\u201d, va afirmar.<\/p>\n\n\n\n<p><strong>Reconeixement institucional als donants<\/strong><\/p>\n\n\n\n<p>Durant l\u2019acte es va fer entrega d\u2019una placa d\u2019agra\u00efment a l\u2019Ajuntament de Torrent per la seua implicaci\u00f3 i suport constant a la donaci\u00f3 de sang, aix\u00ed com dels trofeus de reconeixement als donants homenatjats. Este moment va ser un dels m\u00e9s emotius de la vesprada i va culminar amb una fotografia i un v\u00eddeo de grup, s\u00edmbol de l\u2019orgull per una ciutat compromesa amb la vida.<\/p>\n\n\n\n<p>Familiars i amics van acompanyar els donants en un ambient carregat d\u2019emocions, aplaudiments i gestos de gratitud, posant de relleu que darrere de cada donaci\u00f3 hi ha tamb\u00e9 un entorn familiar que dona suport i compr\u00e9n la import\u00e0ncia d\u2019este gest altruista.<\/p>\n\n\n\n<p><strong>\u201cDonar sang \u00e9s oferir una segona oportunitat\u201d<\/strong><\/p>\n\n\n\n<p>En la seua intervenci\u00f3, l\u2019alcaldessa Amparo Folgado va oferir un discurs profundament hum\u00e0 i pr\u00f2xim, en el qual va agrair de manera expressa als donants la seua generositat i comprom\u00eds. \u201cDonar sang \u00e9s un gest senzill en aparen\u00e7a, per\u00f2 d\u2019un valor incalculable, perqu\u00e8 darrere de cada donaci\u00f3 hi ha vides salvades, fam\u00edlies que continuen unides i futurs que continuen endavant\u201d, va assenyalar.<\/p>\n\n\n\n<p>Folgado va recordar que la sang no es pot fabricar i que cada donant es convertix en una pe\u00e7a clau del sistema sanitari i de la cohesi\u00f3 social. \u201cCada vegada que una persona dona sang, est\u00e0 oferint una oportunitat, una segona oportunitat, una possibilitat de continuar vivint\u201d, va afirmar, subratllant que un sol gest pot salvar fins a tres vides.<\/p>\n\n\n\n<p><strong>L\u2019alcaldessa, tamb\u00e9 donant torrentina<\/strong><\/p>\n\n\n\n<p>L\u2019alcaldessa va voler tamb\u00e9 parlar des d\u2019una dimensi\u00f3 personal, destacant que ella mateixa \u00e9s donant de sang. \u201cMai oblidar\u00e9 aquelles paraules en una habitaci\u00f3 d\u2019hospital acompanyant un familiar, quan un sanitari va preguntar si pod\u00edem donar sang, i ja des d\u2019aleshores\u201d.<\/p>\n\n\n\n<p>\u201cQuan donem som persones cuidant de persones, sense saber a qui ajudem, per\u00f2 amb la certesa que estem fent el correcte\u201d, va afegir.<\/p>\n\n\n\n<p><strong>Herois quotidians que no necessiten capa<\/strong><\/p>\n\n\n\n<p>Durant l\u2019homenatge es va posar en valor el car\u00e0cter discret i an\u00f2nim dels donants, als quals l\u2019alcaldessa va definir com \u201cherois quotidians i silenciosos, que no necessiten capa per volar\u201d. En l\u2019acte es va destacar que darrere de cada bossa de sang hi ha hist\u00f2ries reals: xiquets que superen operacions complexes, mares que tornen a abra\u00e7ar els seus fills o fam\u00edlies que celebren nous aniversaris gr\u00e0cies a una transfusi\u00f3 a temps.<\/p>\n\n\n\n<p>Aix\u00ed mateix, l\u2019alcaldessa va agrair el suport de les fam\u00edlies dels donants, aix\u00ed com la tasca dels professionals sanitaris, voluntaris i entitats que fan possible que cada donaci\u00f3 es realitze de manera segura, efica\u00e7 i humana.<\/p>\n\n\n\n<p><strong>Un missatge de futur: Torrent, ciutat de vida<\/strong><\/p>\n\n\n\n<p>L\u2019acte va servir tamb\u00e9 per llan\u00e7ar un missatge de futur, animant la ciutadania, especialment els joves, a sumar-se a la donaci\u00f3 de sang com un h\u00e0bit solidari i continu. L\u2019alcaldessa va recordar la generositat demostrada pels ve\u00efns durant situacions dif\u00edcils com la DANA, quan molts joves van acudir de manera massiva a donar sang.<\/p>\n\n\n\n<p>\u201cHui Torrent es pot sentir molt orgullosa de tots vosaltres. No solament som un Torrent de solidaritat, som un Torrent de sang, som un Torrent de plasma i som un Torrent de vida, i ho hem de transmetre a totes les generacions\u201d, va concloure Folgado.<\/p>\n\n\n\n<p>L\u2019homenatge va finalitzar amb un vi d\u2019honor en un ambient de proximitat i reconeixement, refor\u00e7ant el comprom\u00eds de Torrent amb una cultura de solidaritat, altruisme i responsabilitat col\u00b7lectiva. Amb este acte, el Centre de Transfusions de la Comunitat Valenciana, l\u2019Associaci\u00f3 de Donants de Sang de Val\u00e8ncia i l\u2019Ajuntament de Torrent reafirmen el seu suport a la donaci\u00f3 de sang i el seu agra\u00efment a totes aquelles persones que, amb un gest altruista, contribueixen cada dia a fer una ciutat m\u00e9s humana, solid\u00e0ria i forta.<\/p>\n\n\n\n<figure class=\"wp-block-image size-large\"><img fetchpriority=\"high\" decoding=\"async\" width=\"1024\" height=\"682\" src=\"https:\/\/infotorrent.es\/wp-content\/uploads\/2026\/01\/HOMENAJE-DONANTES-SANGRE-1-1024x682.jpeg\" alt=\"\" class=\"wp-image-91654\" srcset=\"https:\/\/infotorrent.es\/wp-content\/uploads\/2026\/01\/HOMENAJE-DONANTES-SANGRE-1-1024x682.jpeg 1024w, https:\/\/infotorrent.es\/wp-content\/uploads\/2026\/01\/HOMENAJE-DONANTES-SANGRE-1-300x200.jpeg 300w, https:\/\/infotorrent.es\/wp-content\/uploads\/2026\/01\/HOMENAJE-DONANTES-SANGRE-1-768x512.jpeg 768w, https:\/\/infotorrent.es\/wp-content\/uploads\/2026\/01\/HOMENAJE-DONANTES-SANGRE-1-1536x1023.jpeg 1536w, https:\/\/infotorrent.es\/wp-content\/uploads\/2026\/01\/HOMENAJE-DONANTES-SANGRE-1.jpeg 1600w\" sizes=\"(max-width: 1024px) 100vw, 1024px\" \/><\/figure>\n\n\n\n<figure class=\"wp-block-gallery has-nested-images columns-default is-cropped wp-block-gallery-1 is-layout-flex wp-block-gallery-is-layout-flex\">\n<figure class=\"wp-block-image size-large\"><img decoding=\"async\" width=\"1024\" height=\"682\" data-id=\"91656\" src=\"https:\/\/infotorrent.es\/wp-content\/uploads\/2026\/01\/HOMENAJE-DONANTES-SANGRE-2-1024x682.jpeg\" alt=\"\" class=\"wp-image-91656\" srcset=\"https:\/\/infotorrent.es\/wp-content\/uploads\/2026\/01\/HOMENAJE-DONANTES-SANGRE-2-1024x682.jpeg 1024w, https:\/\/infotorrent.es\/wp-content\/uploads\/2026\/01\/HOMENAJE-DONANTES-SANGRE-2-300x200.jpeg 300w, https:\/\/infotorrent.es\/wp-content\/uploads\/2026\/01\/HOMENAJE-DONANTES-SANGRE-2-768x512.jpeg 768w, https:\/\/infotorrent.es\/wp-content\/uploads\/2026\/01\/HOMENAJE-DONANTES-SANGRE-2-1536x1023.jpeg 1536w, https:\/\/infotorrent.es\/wp-content\/uploads\/2026\/01\/HOMENAJE-DONANTES-SANGRE-2.jpeg 1600w\" sizes=\"(max-width: 1024px) 100vw, 1024px\" \/><\/figure>\n\n\n\n<figure class=\"wp-block-image size-large\"><img decoding=\"async\" width=\"1024\" height=\"682\" data-id=\"91652\" src=\"https:\/\/infotorrent.es\/wp-content\/uploads\/2026\/01\/HOMENAJE-DONANTES-SANGRE-4-1024x682.jpeg\" alt=\"\" class=\"wp-image-91652\" srcset=\"https:\/\/infotorrent.es\/wp-content\/uploads\/2026\/01\/HOMENAJE-DONANTES-SANGRE-4-1024x682.jpeg 1024w, https:\/\/infotorrent.es\/wp-content\/uploads\/2026\/01\/HOMENAJE-DONANTES-SANGRE-4-300x200.jpeg 300w, https:\/\/infotorrent.es\/wp-content\/uploads\/2026\/01\/HOMENAJE-DONANTES-SANGRE-4-768x512.jpeg 768w, https:\/\/infotorrent.es\/wp-content\/uploads\/2026\/01\/HOMENAJE-DONANTES-SANGRE-4-1536x1023.jpeg 1536w, https:\/\/infotorrent.es\/wp-content\/uploads\/2026\/01\/HOMENAJE-DONANTES-SANGRE-4.jpeg 1600w\" sizes=\"(max-width: 1024px) 100vw, 1024px\" \/><\/figure>\n\n\n\n<figure class=\"wp-block-image size-large\"><img loading=\"lazy\" decoding=\"async\" width=\"1024\" height=\"682\" data-id=\"91650\" src=\"https:\/\/infotorrent.es\/wp-content\/uploads\/2026\/01\/HOMENAJE-DONANTES-SANGRE-3-1024x682.jpeg\" alt=\"\" class=\"wp-image-91650\" srcset=\"https:\/\/infotorrent.es\/wp-content\/uploads\/2026\/01\/HOMENAJE-DONANTES-SANGRE-3-1024x682.jpeg 1024w, https:\/\/infotorrent.es\/wp-content\/uploads\/2026\/01\/HOMENAJE-DONANTES-SANGRE-3-300x200.jpeg 300w, https:\/\/infotorrent.es\/wp-content\/uploads\/2026\/01\/HOMENAJE-DONANTES-SANGRE-3-768x512.jpeg 768w, https:\/\/infotorrent.es\/wp-content\/uploads\/2026\/01\/HOMENAJE-DONANTES-SANGRE-3-1536x1023.jpeg 1536w, https:\/\/infotorrent.es\/wp-content\/uploads\/2026\/01\/HOMENAJE-DONANTES-SANGRE-3.jpeg 1600w\" sizes=\"(max-width: 1024px) 100vw, 1024px\" \/><\/figure>\n<\/figure>\n","protected":false},"excerpt":{"rendered":"<p>Prop de 300 persones participen en l\u2019homenatge als donants de sang de Torrent La ciutat de Torrent ha celebrat un emotiu acte d\u2019homenatge als donants de sang del municipi, una cita carregada d\u2019agra\u00efment, reconeixement i comprom\u00eds social que va tindre lloc a la Sala C\u00edvica de l\u2019Antic Mercat. L\u2019encontre va servir per posar en valor [&hellip;]<\/p>\n","protected":false},"author":21,"featured_media":91654,"comment_status":"open","ping_status":"open","sticky":false,"template":"","format":"standard","meta":{"_acf_changed":false,"footnotes":""},"categories":[141,150,1155,1164,151,118],"tags":[],"class_list":["post-91659","post","type-post","status-publish","format-standard","has-post-thumbnail","hentry","category-alcaldia-2","category-sanidad-2","category-sanidad-noticias-ca","category-sanidad-e-igualdad-ca","category-sanitat","category-sanitat-i-igualtat"],"acf":[],"_links":{"self":[{"href":"https:\/\/infotorrent.es\/ca\/wp-json\/wp\/v2\/posts\/91659","targetHints":{"allow":["GET"]}}],"collection":[{"href":"https:\/\/infotorrent.es\/ca\/wp-json\/wp\/v2\/posts"}],"about":[{"href":"https:\/\/infotorrent.es\/ca\/wp-json\/wp\/v2\/types\/post"}],"author":[{"embeddable":true,"href":"https:\/\/infotorrent.es\/ca\/wp-json\/wp\/v2\/users\/21"}],"replies":[{"embeddable":true,"href":"https:\/\/infotorrent.es\/ca\/wp-json\/wp\/v2\/comments?post=91659"}],"version-history":[{"count":1,"href":"https:\/\/infotorrent.es\/ca\/wp-json\/wp\/v2\/posts\/91659\/revisions"}],"predecessor-version":[{"id":91661,"href":"https:\/\/infotorrent.es\/ca\/wp-json\/wp\/v2\/posts\/91659\/revisions\/91661"}],"wp:featuredmedia":[{"embeddable":true,"href":"https:\/\/infotorrent.es\/ca\/wp-json\/wp\/v2\/media\/91654"}],"wp:attachment":[{"href":"https:\/\/infotorrent.es\/ca\/wp-json\/wp\/v2\/media?parent=91659"}],"wp:term":[{"taxonomy":"category","embeddable":true,"href":"https:\/\/infotorrent.es\/ca\/wp-json\/wp\/v2\/categories?post=91659"},{"taxonomy":"post_tag","embeddable":true,"href":"https:\/\/infotorrent.es\/ca\/wp-json\/wp\/v2\/tags?post=91659"}],"curies":[{"name":"wp","href":"https:\/\/api.w.org\/{rel}","templated":true}]}}