{"id":91621,"date":"2026-01-29T13:01:45","date_gmt":"2026-01-29T12:01:45","guid":{"rendered":"https:\/\/infotorrent.es\/?p=91621"},"modified":"2026-01-29T13:08:27","modified_gmt":"2026-01-29T12:08:27","slug":"torrent-acull-lexposicio-retrospectiva-ivan-tortajada_fent-cami","status":"publish","type":"post","link":"https:\/\/infotorrent.es\/ca\/noticies\/cultura\/torrent-acull-lexposicio-retrospectiva-ivan-tortajada_fent-cami\/","title":{"rendered":"Torrent acull l&#8217;exposici\u00f3 retrospectiva \u201cIV\u00c1N TORTAJADA_Fent Cam\u00ed\u201d"},"content":{"rendered":"\n<p><strong>Un recorregut, a m\u00e9s d&#8217;una d\u00e8cada, per l&#8217;evoluci\u00f3, la traject\u00f2ria i l&#8217;univers creatiu de l&#8217;artista<\/strong><\/p>\n\n\n\n<p><strong>L&#8217;exposici\u00f3 ser\u00e0 inaugurada el 4 de febrer a les 19.30 hores i podr\u00e0 visitar-se fins al 27 de mar\u00e7 en l&#8217;EMAT<\/strong><\/p>\n\n\n\n<p>L&#8217;Ajuntament de Torrent presenta l&#8217;exposici\u00f3 retrospectiva \u201cIV\u00c1N TORTAJADA_Fent Cam\u00ed\u201d, una mostra que oferix al p\u00fablic una visi\u00f3 \u00e0mplia i coherent de la traject\u00f2ria art\u00edstica d&#8217;Iv\u00e1n Tortajada, un dels creadors m\u00e9s destacats del panorama faller i art\u00edstic contemporani. L&#8217;exposici\u00f3 ser\u00e0 inaugurada el 4 de febrer a les 19.30 hores i podr\u00e0 visitar-se fins al 27 de mar\u00e7 de 2026 en l&#8217;Espai Metropolit\u00e0 d\u2019Art de Torrent (EMAT).<\/p>\n\n\n\n<p><strong>Una exposici\u00f3 retrospectiva sobre el cam\u00ed creatiu de l&#8217;artista<\/strong><\/p>\n\n\n\n<p>Sota el t\u00edtol \u2018Fent Cam\u00ed, l&#8217;exposici\u00f3 proposa un recorregut per m\u00e9s d&#8217;una d\u00e8cada de treball creatiu de dibuix, color i volum, posant l&#8217;accent en l&#8217;evoluci\u00f3, l&#8217;aprenentatge i la consolidaci\u00f3 d&#8217;un llenguatge propi. La mostra no es planteja com una simple acumulaci\u00f3 d&#8217;obres, sin\u00f3 com un relat ordenat i reflexiu que permet comprendre el proc\u00e9s art\u00edstic de l&#8217;autor, les seues inquietuds i la manera en la qual ha anat ampliant i enriquint el seu univers visual amb el pas del temps.<\/p>\n\n\n\n<p>El visitant trobar\u00e0 una selecci\u00f3 representativa de la seua producci\u00f3, que abasta diferents formats i disciplines, des d&#8217;il\u00b7lustraci\u00f3 i pintura digital fins a dibuix, obra sobre paper, pintura sobre diversos suports, peces de t\u00e8cnica mixta i treballs volum\u00e8trics. Esta diversitat permet apreciar la versatilitat de l&#8217;artista i la seua capacitat per a moure&#8217;s amb naturalitat entre llenguatges distints, mantenint sempre una identitat recognoscible i coherent.<\/p>\n\n\n\n<p>El contingut de l&#8217;exposici\u00f3 permet apreciar no sols les obres finals, sin\u00f3 tamb\u00e9 la l\u00f2gica interna del seu proc\u00e9s creatiu, posant<strong>&nbsp;en valor&nbsp;<\/strong>el dibuix com a base estructural, el color com a element constructiu i la composici\u00f3 com a ferramenta narrativa. A trav\u00e9s del conjunt exposat, el p\u00fablic pot identificar l&#8217;evoluci\u00f3 de recursos formals, la depuraci\u00f3 progressiva del llenguatge pl\u00e0stic i la manera en la qual diferents disciplines dialoguen entre si, configurant un univers visual s\u00f2lid i recognoscible que travessa tota la seua producci\u00f3.<\/p>\n\n\n\n<p><strong>Traject\u00f2ria, llenguatge propi i evoluci\u00f3 art\u00edstica<\/strong><\/p>\n\n\n\n<p>Al llarg de la seua traject\u00f2ria, Iv\u00e1n Tortajada ha desenrotllat una manera d&#8217;entendre la creaci\u00f3 art\u00edstica basada en l&#8217;ofici, la investigaci\u00f3 i la integraci\u00f3 de disciplines. El seu treball es caracteritza per una atenci\u00f3 constant al dibuix, al color i a la composici\u00f3, aix\u00ed com per una evoluci\u00f3 progressiva que no respon a estils tancats, sin\u00f3 a un proc\u00e9s de depuraci\u00f3 i aprenentatge continu. Esta traject\u00f2ria, constru\u00efda des del taller i l&#8217;experi\u00e8ncia, li ha perm\u00e9s consolidar una veu pr\u00f2pia dins i fora de l&#8217;\u00e0mbit faller, projectant el seu treball cap a altres formats i contextos art\u00edstics.<\/p>\n\n\n\n<p>L&#8217;exposici\u00f3 permet aprofundir en eixe recorregut creatiu a trav\u00e9s d&#8217;obres que mostren tant els processos com els resultats, oferint una lectura global de la seua producci\u00f3. El conjunt expositiu convida a observar com les idees es transformen, com els recursos pl\u00e0stics s&#8217;afinen amb el temps i com l&#8217;artista articula un llenguatge visual capa\u00e7 de comunicar, emocionar i connectar amb p\u00fablics de diferents edats, sempre des del rigor i la coher\u00e8ncia art\u00edstica.<\/p>\n\n\n\n<p>\u201cIV\u00c1N TORTAJADA_Fent Cam\u00ed\u201d suposa una oportunitat per a descobrir el treball d&#8217;un creador que ent\u00e9n l&#8217;art com un proc\u00e9s en constant evoluci\u00f3, en el qual l&#8217;ofici, la investigaci\u00f3 i la sensibilitat es combinen per a donar lloc a obres que connecten amb p\u00fablics diversos. Una exposici\u00f3 que convida a detindre&#8217;s, observar i comprendre el cam\u00ed recorregut, al mateix temps que obri la porta als reptes i horitzons futurs del seu autor.<\/p>\n\n\n\n<figure class=\"wp-block-gallery has-nested-images columns-default is-cropped wp-block-gallery-1 is-layout-flex wp-block-gallery-is-layout-flex\">\n<figure class=\"wp-block-image size-large\"><img fetchpriority=\"high\" decoding=\"async\" width=\"576\" height=\"1024\" data-id=\"91618\" src=\"https:\/\/infotorrent.es\/wp-content\/uploads\/2026\/01\/1-54-576x1024.jpg\" alt=\"\" class=\"wp-image-91618\" srcset=\"https:\/\/infotorrent.es\/wp-content\/uploads\/2026\/01\/1-54-576x1024.jpg 576w, https:\/\/infotorrent.es\/wp-content\/uploads\/2026\/01\/1-54-169x300.jpg 169w, https:\/\/infotorrent.es\/wp-content\/uploads\/2026\/01\/1-54-768x1365.jpg 768w, https:\/\/infotorrent.es\/wp-content\/uploads\/2026\/01\/1-54-864x1536.jpg 864w, https:\/\/infotorrent.es\/wp-content\/uploads\/2026\/01\/1-54.jpg 900w\" sizes=\"(max-width: 576px) 100vw, 576px\" \/><\/figure>\n\n\n\n<figure class=\"wp-block-image size-large\"><img decoding=\"async\" width=\"576\" height=\"1024\" data-id=\"91616\" src=\"https:\/\/infotorrent.es\/wp-content\/uploads\/2026\/01\/2-43-576x1024.jpg\" alt=\"\" class=\"wp-image-91616\" srcset=\"https:\/\/infotorrent.es\/wp-content\/uploads\/2026\/01\/2-43-576x1024.jpg 576w, https:\/\/infotorrent.es\/wp-content\/uploads\/2026\/01\/2-43-169x300.jpg 169w, https:\/\/infotorrent.es\/wp-content\/uploads\/2026\/01\/2-43-768x1365.jpg 768w, https:\/\/infotorrent.es\/wp-content\/uploads\/2026\/01\/2-43-864x1536.jpg 864w, https:\/\/infotorrent.es\/wp-content\/uploads\/2026\/01\/2-43.jpg 900w\" sizes=\"(max-width: 576px) 100vw, 576px\" \/><\/figure>\n\n\n\n<figure class=\"wp-block-image size-large\"><img decoding=\"async\" width=\"576\" height=\"1024\" data-id=\"91614\" src=\"https:\/\/infotorrent.es\/wp-content\/uploads\/2026\/01\/3-35-576x1024.jpg\" alt=\"\" class=\"wp-image-91614\" srcset=\"https:\/\/infotorrent.es\/wp-content\/uploads\/2026\/01\/3-35-576x1024.jpg 576w, https:\/\/infotorrent.es\/wp-content\/uploads\/2026\/01\/3-35-169x300.jpg 169w, https:\/\/infotorrent.es\/wp-content\/uploads\/2026\/01\/3-35-768x1365.jpg 768w, https:\/\/infotorrent.es\/wp-content\/uploads\/2026\/01\/3-35-864x1536.jpg 864w, https:\/\/infotorrent.es\/wp-content\/uploads\/2026\/01\/3-35.jpg 900w\" sizes=\"(max-width: 576px) 100vw, 576px\" \/><\/figure>\n<\/figure>\n","protected":false},"excerpt":{"rendered":"<p>Un recorregut, a m\u00e9s d&#8217;una d\u00e8cada, per l&#8217;evoluci\u00f3, la traject\u00f2ria i l&#8217;univers creatiu de l&#8217;artista L&#8217;exposici\u00f3 ser\u00e0 inaugurada el 4 de febrer a les 19.30 hores i podr\u00e0 visitar-se fins al 27 de mar\u00e7 en l&#8217;EMAT L&#8217;Ajuntament de Torrent presenta l&#8217;exposici\u00f3 retrospectiva \u201cIV\u00c1N TORTAJADA_Fent Cam\u00ed\u201d, una mostra que oferix al p\u00fablic una visi\u00f3 \u00e0mplia i [&hellip;]<\/p>\n","protected":false},"author":21,"featured_media":91618,"comment_status":"open","ping_status":"open","sticky":false,"template":"","format":"standard","meta":{"_acf_changed":false,"footnotes":""},"categories":[126,1132,117,1171],"tags":[],"class_list":["post-91621","post","type-post","status-publish","format-standard","has-post-thumbnail","hentry","category-cultura-es-2","category-cultura-ca","category-cultura","category-fallas-ca"],"acf":[],"_links":{"self":[{"href":"https:\/\/infotorrent.es\/ca\/wp-json\/wp\/v2\/posts\/91621","targetHints":{"allow":["GET"]}}],"collection":[{"href":"https:\/\/infotorrent.es\/ca\/wp-json\/wp\/v2\/posts"}],"about":[{"href":"https:\/\/infotorrent.es\/ca\/wp-json\/wp\/v2\/types\/post"}],"author":[{"embeddable":true,"href":"https:\/\/infotorrent.es\/ca\/wp-json\/wp\/v2\/users\/21"}],"replies":[{"embeddable":true,"href":"https:\/\/infotorrent.es\/ca\/wp-json\/wp\/v2\/comments?post=91621"}],"version-history":[{"count":1,"href":"https:\/\/infotorrent.es\/ca\/wp-json\/wp\/v2\/posts\/91621\/revisions"}],"predecessor-version":[{"id":91623,"href":"https:\/\/infotorrent.es\/ca\/wp-json\/wp\/v2\/posts\/91621\/revisions\/91623"}],"wp:featuredmedia":[{"embeddable":true,"href":"https:\/\/infotorrent.es\/ca\/wp-json\/wp\/v2\/media\/91618"}],"wp:attachment":[{"href":"https:\/\/infotorrent.es\/ca\/wp-json\/wp\/v2\/media?parent=91621"}],"wp:term":[{"taxonomy":"category","embeddable":true,"href":"https:\/\/infotorrent.es\/ca\/wp-json\/wp\/v2\/categories?post=91621"},{"taxonomy":"post_tag","embeddable":true,"href":"https:\/\/infotorrent.es\/ca\/wp-json\/wp\/v2\/tags?post=91621"}],"curies":[{"name":"wp","href":"https:\/\/api.w.org\/{rel}","templated":true}]}}