{"id":91565,"date":"2026-01-28T11:10:30","date_gmt":"2026-01-28T10:10:30","guid":{"rendered":"https:\/\/infotorrent.es\/?p=91565"},"modified":"2026-01-28T11:13:17","modified_gmt":"2026-01-28T10:13:17","slug":"lajuntament-de-torrent-reobrira-el-parc-infantil-de-la-urbanitzacio-el-panta-despres-de-la-finalitzacio-de-les-obres","status":"publish","type":"post","link":"https:\/\/infotorrent.es\/ca\/noticies\/urbanisme\/lajuntament-de-torrent-reobrira-el-parc-infantil-de-la-urbanitzacio-el-panta-despres-de-la-finalitzacio-de-les-obres\/","title":{"rendered":"L&#8217;Ajuntament de Torrent reobrir\u00e0 el parc infantil de la Urbanitzaci\u00f3 El Pant\u00e0 despr\u00e9s de la finalitzaci\u00f3 de les obres"},"content":{"rendered":"\n<p><strong>L&#8217;actuaci\u00f3, finan\u00e7ada amb una subvenci\u00f3 del Ministeri per a zones afectades per la DANA, retorna al barri un espai clau per a la inf\u00e0ncia i la conviv\u00e8ncia familiar<\/strong><\/p>\n\n\n\n<p>L&#8217;Ajuntament de Torrent reobrir\u00e0 dissabte que ve 31 de gener a les 12.00 hores, el parc infantil de la Urbanitzaci\u00f3 El Pant\u00e0 situat als carrers Salamanca i \u00c0vila, despr\u00e9s de la finalitzaci\u00f3 de les obres de renovaci\u00f3 integral de l&#8217;espai, una actuaci\u00f3 que permetr\u00e0 retornar als ve\u00efns una \u00e0rea de joc molt esperada i especialment necess\u00e0ria despr\u00e9s dels danys patits per la DANA.<\/p>\n\n\n\n<p>Amb motiu de la reobertura, l&#8217;alcaldessa de Torrent, Amparo Folgado, acompanyada pels regidors d&#8217;urbanisme Jos\u00e9 Gozalvo i el regidor d&#8217;Inf\u00e0ncia i Joventut, Santiago Calatayud, al costat de membres de l&#8217;equip de govern, visitaran el parc per a posar oficialment en servici els nous jocs infantils, en un acte que comptar\u00e0 amb la participaci\u00f3 de xiquets i xiquetes del Consell Municipal del Xiquet de Torrent, refor\u00e7ant aix\u00ed el protagonisme de la inf\u00e0ncia en este projecte i donant veu als m\u00e9s xicotets en un espai pensat especialment per a ells.<\/p>\n\n\n\n<p>Durant la jornada, s&#8217;han programat activitats did\u00e0ctiques i participatives dirigides als m\u00e9s xicotets, amb l&#8217;objectiu de fomentar el joc educatiu, la conviv\u00e8ncia i l&#8217;\u00fas responsable dels espais p\u00fablics, convertint la reobertura en una experi\u00e8ncia l\u00fadica i formativa per a les fam\u00edlies del barri. Estes activitats permetran, a m\u00e9s, dinamitzar l&#8217;entorn i afavorir la trobada entre ve\u00efns en un ambient festiu i familiar.<\/p>\n\n\n\n<p>L&#8217;actuaci\u00f3 ha comptat amb un pressupost de 145.841,52 euros, finan\u00e7at a trav\u00e9s d&#8217;una subvenci\u00f3 del Ministeri de Joventut i Inf\u00e0ncia per a municipis afectats per la DANA, la qual cosa ha perm\u00e9s a l&#8217;Ajuntament recuperar i millorar este espai p\u00fablic destinat a la inf\u00e0ncia i la joventut.<\/p>\n\n\n\n<p>La renovaci\u00f3 del parc infantil del Pant\u00e0 suposa un pas important en la recuperaci\u00f3 d&#8217;un dels espais p\u00fablics m\u00e9s utilitzats per les fam\u00edlies de la urbanitzaci\u00f3, refor\u00e7ant el seu paper com a punt de trobada i conviv\u00e8ncia ve\u00efnal.<\/p>\n\n\n\n<p>La reobertura del parc infantil del Pant\u00e0 s&#8217;emmarca en l&#8217;estrat\u00e8gia municipal de recuperaci\u00f3 i millora dels espais p\u00fablics, amb especial atenci\u00f3 als barris m\u00e9s afectats, i refor\u00e7a el comprom\u00eds de l&#8217;Ajuntament de Torrent amb una ciutat pensada des de la inf\u00e0ncia, m\u00e9s cohesionada i preparada per al futur.<\/p>\n\n\n\n<figure class=\"wp-block-image size-large\"><img fetchpriority=\"high\" decoding=\"async\" width=\"819\" height=\"1024\" src=\"https:\/\/infotorrent.es\/wp-content\/uploads\/2026\/01\/2-40-819x1024.jpg\" alt=\"\" class=\"wp-image-91560\" srcset=\"https:\/\/infotorrent.es\/wp-content\/uploads\/2026\/01\/2-40-819x1024.jpg 819w, https:\/\/infotorrent.es\/wp-content\/uploads\/2026\/01\/2-40-240x300.jpg 240w, https:\/\/infotorrent.es\/wp-content\/uploads\/2026\/01\/2-40-768x960.jpg 768w, https:\/\/infotorrent.es\/wp-content\/uploads\/2026\/01\/2-40.jpg 1080w\" sizes=\"(max-width: 819px) 100vw, 819px\" \/><\/figure>\n","protected":false},"excerpt":{"rendered":"<p>L&#8217;actuaci\u00f3, finan\u00e7ada amb una subvenci\u00f3 del Ministeri per a zones afectades per la DANA, retorna al barri un espai clau per a la inf\u00e0ncia i la conviv\u00e8ncia familiar L&#8217;Ajuntament de Torrent reobrir\u00e0 dissabte que ve 31 de gener a les 12.00 hores, el parc infantil de la Urbanitzaci\u00f3 El Pant\u00e0 situat als carrers Salamanca i [&hellip;]<\/p>\n","protected":false},"author":21,"featured_media":91560,"comment_status":"open","ping_status":"open","sticky":false,"template":"","format":"standard","meta":{"_acf_changed":false,"footnotes":""},"categories":[141,133,140,1160],"tags":[],"class_list":["post-91565","post","type-post","status-publish","format-standard","has-post-thumbnail","hentry","category-alcaldia-2","category-urbanisme","category-urbanismo-3","category-urbanismo-noticias-ca"],"acf":[],"_links":{"self":[{"href":"https:\/\/infotorrent.es\/ca\/wp-json\/wp\/v2\/posts\/91565","targetHints":{"allow":["GET"]}}],"collection":[{"href":"https:\/\/infotorrent.es\/ca\/wp-json\/wp\/v2\/posts"}],"about":[{"href":"https:\/\/infotorrent.es\/ca\/wp-json\/wp\/v2\/types\/post"}],"author":[{"embeddable":true,"href":"https:\/\/infotorrent.es\/ca\/wp-json\/wp\/v2\/users\/21"}],"replies":[{"embeddable":true,"href":"https:\/\/infotorrent.es\/ca\/wp-json\/wp\/v2\/comments?post=91565"}],"version-history":[{"count":1,"href":"https:\/\/infotorrent.es\/ca\/wp-json\/wp\/v2\/posts\/91565\/revisions"}],"predecessor-version":[{"id":91567,"href":"https:\/\/infotorrent.es\/ca\/wp-json\/wp\/v2\/posts\/91565\/revisions\/91567"}],"wp:featuredmedia":[{"embeddable":true,"href":"https:\/\/infotorrent.es\/ca\/wp-json\/wp\/v2\/media\/91560"}],"wp:attachment":[{"href":"https:\/\/infotorrent.es\/ca\/wp-json\/wp\/v2\/media?parent=91565"}],"wp:term":[{"taxonomy":"category","embeddable":true,"href":"https:\/\/infotorrent.es\/ca\/wp-json\/wp\/v2\/categories?post=91565"},{"taxonomy":"post_tag","embeddable":true,"href":"https:\/\/infotorrent.es\/ca\/wp-json\/wp\/v2\/tags?post=91565"}],"curies":[{"name":"wp","href":"https:\/\/api.w.org\/{rel}","templated":true}]}}