{"id":91555,"date":"2026-01-28T10:14:23","date_gmt":"2026-01-28T09:14:23","guid":{"rendered":"https:\/\/infotorrent.es\/?p=91555"},"modified":"2026-01-28T10:16:06","modified_gmt":"2026-01-28T09:16:06","slug":"la-ciutat-de-torrent-inaugura-els-actes-del-150-aniversari-de-les-teresianes","status":"publish","type":"post","link":"https:\/\/infotorrent.es\/ca\/alcaldia-2\/la-ciutat-de-torrent-inaugura-els-actes-del-150-aniversari-de-les-teresianes\/","title":{"rendered":"La ciutat de Torrent inaugura els actes del 150 aniversari de les Teresianes"},"content":{"rendered":"\n<p>El <strong>27 de gener<\/strong> va comen\u00e7ar a tot el m\u00f3n la celebraci\u00f3 del <strong>150 aniversari de la fundaci\u00f3 de la Companyia de Santa Teresa de Jes\u00fas (Teresianes)<\/strong>, congregaci\u00f3 religiosa fundada l\u2019any <strong>1876<\/strong> pel sacerdot dioces\u00e0 <strong>sant Enric d\u2019Oss\u00f3 i Cerver\u00f3<\/strong> a la ciutat de <strong>Tortosa<\/strong>. Esta important efem\u00e8ride s\u2019est\u00e0 commemorant al llarg de l\u2019any amb diversos actes religiosos, pastorals i culturals als pa\u00efsos on les <strong>Germanes Teresianes<\/strong> desenvolupen la seua missi\u00f3 educativa i evangelitzadora.<\/p>\n\n\n\n<p>L\u2019obertura oficial de l\u2019aniversari es va realitzar de manera simult\u00e0nia a nivell mundial amb la celebraci\u00f3 d\u2019<strong>eucaristies commemoratives<\/strong> en tots els llocs on la congregaci\u00f3 t\u00e9 pres\u00e8ncia. A la <strong>di\u00f2cesi de Val\u00e8ncia<\/strong>, el lloc elegit per a iniciar els actes va ser la <strong>ciutat de Torrent<\/strong>, reflex del profund vincle hist\u00f2ric i pastoral que les Teresianes mantenen amb esta localitat des de fa quasi <strong>50 anys<\/strong>.<\/p>\n\n\n\n<p>La celebraci\u00f3 central a la <strong>prov\u00edncia de Val\u00e8ncia<\/strong> va tindre lloc a la <strong>parr\u00f2quia de la Sagrada Fam\u00edlia de Torrent<\/strong>, on es va celebrar una solemne eucaristia presidida per l\u2019<strong>arquebisbe de Val\u00e8ncia, monsenyor Enrique Benavent<\/strong>, i concelebrada pel <strong>bisbe Javier Salinas<\/strong>, el rector de la Sagrada Fam\u00edlia, <strong>D. Pablo Aranda<\/strong>, aix\u00ed com per altres sacerdots de la di\u00f2cesi. La celebraci\u00f3 va reunir fidels, membres de la comunitat educativa, antics alumnes, fam\u00edlies i representants de diferents \u00e0mbits eclesials i socials.<\/p>\n\n\n\n<p>A l\u2019acte van assistir tamb\u00e9 l\u2019<strong>alcaldessa de Torrent, Amparo Folgado<\/strong>, acompanyada per les regidores de l\u2019equip de govern <strong>Amparo Chust<\/strong> i <strong>Ana Penella<\/strong>, que van voler sumar-se a este moment significatiu per a les Teresianes i recon\u00e9ixer p\u00fablicament la tasca educativa i social desenvolupada per la congregaci\u00f3 a la ciutat.<\/p>\n\n\n\n<p>Durant la celebraci\u00f3 es va posar de relleu el <strong>llegat espiritual i educatiu de sant Enric d\u2019Oss\u00f3<\/strong>, qui va fundar la Companyia de Santa Teresa amb l\u2019objectiu de promoure una educaci\u00f3 integral inspirada en l\u2019Evangeli i en l\u2019espiritualitat de <strong>Santa Teresa de Jes\u00fas<\/strong>. Al llarg dels seus <strong>150 anys d\u2019hist\u00f2ria<\/strong>, la congregaci\u00f3 ha est\u00e9s la seua pres\u00e8ncia per nombrosos pa\u00efsos, desenvolupant la seua missi\u00f3 especialment en l\u2019\u00e0mbit educatiu, pastoral i social.<\/p>\n\n\n\n<p>L\u2019elecci\u00f3 de <strong>Torrent<\/strong> com a punt de partida dels actes commemoratius a la prov\u00edncia de Val\u00e8ncia no \u00e9s casual. Les <strong>Germanes Teresianes<\/strong> mantenen una estreta i prolongada relaci\u00f3 amb la ciutat des de <strong>1978<\/strong>, any en qu\u00e8 van iniciar la seua tasca educativa amb el <strong>Col\u00b7legi concertat Santa Teresa de Jes\u00fas<\/strong>, situat a la zona del <strong>Vedat<\/strong>. En l\u2019actualitat, este centre educatiu compta amb <strong>1.246 alumnes<\/strong> i s\u2019ha consolidat com una refer\u00e8ncia en la formaci\u00f3 acad\u00e8mica i humana de generacions de joves torrentins. A m\u00e9s del col\u00b7legi, la congregaci\u00f3 compta a la ciutat amb la <strong>resid\u00e8ncia de la comunitat religiosa<\/strong>.<\/p>\n\n\n\n<p>Des de <strong>1980<\/strong>, les Teresianes estan tamb\u00e9 presents al <strong>carrer Sant Valeri\u00e0<\/strong>, col\u00b7laborant activament a la <strong>parr\u00f2quia de la Sagrada Fam\u00edlia<\/strong>, on realitzen tasques de catequesi, acompanyament pastoral i diversos serveis al conjunt de la comunitat parroquial.<\/p>\n\n\n\n<p>Aix\u00ed mateix, durant molts anys, les <strong>Germanes Teresianes<\/strong> han exercit la seua tasca com a <strong>professores de Religi\u00f3<\/strong> als tres col\u00b7legis p\u00fablics situats al <strong>carrer Azor\u00edn<\/strong>, contribuint de manera significativa a l\u2019educaci\u00f3 en valors i a l\u2019acompanyament espiritual de nombrosos alumnes i fam\u00edlies.<\/p>\n\n\n\n<p>Esta profunda vinculaci\u00f3 amb <strong>Torrent<\/strong>, tant en l\u2019\u00e0mbit educatiu com en el pastoral i social, explica que la congregaci\u00f3 haja triat esta ciutat per a iniciar els actes del <strong>150 aniversari<\/strong> a la <strong>di\u00f2cesi de Val\u00e8ncia<\/strong>. Al llarg de l\u2019any, es preveu la celebraci\u00f3 de nous encontres, celebracions lit\u00fargiques i activitats commemoratives que permetran donar a con\u00e9ixer amb major profunditat el <strong>carisma teresi\u00e0<\/strong> i renovar el comprom\u00eds de la congregaci\u00f3 amb l\u2019educaci\u00f3 i l\u2019evangelitzaci\u00f3 en el context actual.<\/p>\n\n\n\n<figure class=\"wp-block-image size-large\"><img fetchpriority=\"high\" decoding=\"async\" width=\"1024\" height=\"682\" src=\"https:\/\/infotorrent.es\/wp-content\/uploads\/2026\/01\/150-ANIVERSARIO-TERESIANAS-2-1024x682.jpeg\" alt=\"\" class=\"wp-image-91548\" srcset=\"https:\/\/infotorrent.es\/wp-content\/uploads\/2026\/01\/150-ANIVERSARIO-TERESIANAS-2-1024x682.jpeg 1024w, https:\/\/infotorrent.es\/wp-content\/uploads\/2026\/01\/150-ANIVERSARIO-TERESIANAS-2-300x200.jpeg 300w, https:\/\/infotorrent.es\/wp-content\/uploads\/2026\/01\/150-ANIVERSARIO-TERESIANAS-2-768x512.jpeg 768w, https:\/\/infotorrent.es\/wp-content\/uploads\/2026\/01\/150-ANIVERSARIO-TERESIANAS-2-1536x1023.jpeg 1536w, https:\/\/infotorrent.es\/wp-content\/uploads\/2026\/01\/150-ANIVERSARIO-TERESIANAS-2.jpeg 1600w\" sizes=\"(max-width: 1024px) 100vw, 1024px\" \/><\/figure>\n\n\n\n<figure class=\"wp-block-gallery has-nested-images columns-default is-cropped wp-block-gallery-1 is-layout-flex wp-block-gallery-is-layout-flex\">\n<figure class=\"wp-block-image size-large\"><img decoding=\"async\" width=\"1024\" height=\"682\" data-id=\"91544\" src=\"https:\/\/infotorrent.es\/wp-content\/uploads\/2026\/01\/150-ANIVERSARIO-TERESIANAS-4-1024x682.jpeg\" alt=\"\" class=\"wp-image-91544\" srcset=\"https:\/\/infotorrent.es\/wp-content\/uploads\/2026\/01\/150-ANIVERSARIO-TERESIANAS-4-1024x682.jpeg 1024w, https:\/\/infotorrent.es\/wp-content\/uploads\/2026\/01\/150-ANIVERSARIO-TERESIANAS-4-300x200.jpeg 300w, https:\/\/infotorrent.es\/wp-content\/uploads\/2026\/01\/150-ANIVERSARIO-TERESIANAS-4-768x512.jpeg 768w, https:\/\/infotorrent.es\/wp-content\/uploads\/2026\/01\/150-ANIVERSARIO-TERESIANAS-4-1536x1023.jpeg 1536w, https:\/\/infotorrent.es\/wp-content\/uploads\/2026\/01\/150-ANIVERSARIO-TERESIANAS-4.jpeg 1600w\" sizes=\"(max-width: 1024px) 100vw, 1024px\" \/><\/figure>\n\n\n\n<figure class=\"wp-block-image size-large\"><img decoding=\"async\" width=\"1024\" height=\"682\" data-id=\"91550\" src=\"https:\/\/infotorrent.es\/wp-content\/uploads\/2026\/01\/150-ANIVERSARIO-TERESIANAS-1-1024x682.jpg\" alt=\"\" class=\"wp-image-91550\" srcset=\"https:\/\/infotorrent.es\/wp-content\/uploads\/2026\/01\/150-ANIVERSARIO-TERESIANAS-1-1024x682.jpg 1024w, https:\/\/infotorrent.es\/wp-content\/uploads\/2026\/01\/150-ANIVERSARIO-TERESIANAS-1-300x200.jpg 300w, https:\/\/infotorrent.es\/wp-content\/uploads\/2026\/01\/150-ANIVERSARIO-TERESIANAS-1-768x512.jpg 768w, https:\/\/infotorrent.es\/wp-content\/uploads\/2026\/01\/150-ANIVERSARIO-TERESIANAS-1-1536x1023.jpg 1536w, https:\/\/infotorrent.es\/wp-content\/uploads\/2026\/01\/150-ANIVERSARIO-TERESIANAS-1.jpg 1600w\" sizes=\"(max-width: 1024px) 100vw, 1024px\" \/><\/figure>\n\n\n\n<figure class=\"wp-block-image size-large\"><img loading=\"lazy\" decoding=\"async\" width=\"1024\" height=\"682\" data-id=\"91552\" src=\"https:\/\/infotorrent.es\/wp-content\/uploads\/2026\/01\/150-ANIVERSARIO-TERESIANAS-3-1024x682.jpeg\" alt=\"\" class=\"wp-image-91552\" srcset=\"https:\/\/infotorrent.es\/wp-content\/uploads\/2026\/01\/150-ANIVERSARIO-TERESIANAS-3-1024x682.jpeg 1024w, https:\/\/infotorrent.es\/wp-content\/uploads\/2026\/01\/150-ANIVERSARIO-TERESIANAS-3-300x200.jpeg 300w, https:\/\/infotorrent.es\/wp-content\/uploads\/2026\/01\/150-ANIVERSARIO-TERESIANAS-3-768x512.jpeg 768w, https:\/\/infotorrent.es\/wp-content\/uploads\/2026\/01\/150-ANIVERSARIO-TERESIANAS-3-1536x1023.jpeg 1536w, https:\/\/infotorrent.es\/wp-content\/uploads\/2026\/01\/150-ANIVERSARIO-TERESIANAS-3.jpeg 1600w\" sizes=\"(max-width: 1024px) 100vw, 1024px\" \/><\/figure>\n\n\n\n<figure class=\"wp-block-image size-large\"><img loading=\"lazy\" decoding=\"async\" width=\"1024\" height=\"682\" data-id=\"91546\" src=\"https:\/\/infotorrent.es\/wp-content\/uploads\/2026\/01\/150-ANIVERSARIO-TERESIANAS-1-1024x682.jpeg\" alt=\"\" class=\"wp-image-91546\" srcset=\"https:\/\/infotorrent.es\/wp-content\/uploads\/2026\/01\/150-ANIVERSARIO-TERESIANAS-1-1024x682.jpeg 1024w, https:\/\/infotorrent.es\/wp-content\/uploads\/2026\/01\/150-ANIVERSARIO-TERESIANAS-1-300x200.jpeg 300w, https:\/\/infotorrent.es\/wp-content\/uploads\/2026\/01\/150-ANIVERSARIO-TERESIANAS-1-768x512.jpeg 768w, https:\/\/infotorrent.es\/wp-content\/uploads\/2026\/01\/150-ANIVERSARIO-TERESIANAS-1-1536x1023.jpeg 1536w, https:\/\/infotorrent.es\/wp-content\/uploads\/2026\/01\/150-ANIVERSARIO-TERESIANAS-1.jpeg 1600w\" sizes=\"(max-width: 1024px) 100vw, 1024px\" \/><\/figure>\n<\/figure>\n","protected":false},"excerpt":{"rendered":"<p>El 27 de gener va comen\u00e7ar a tot el m\u00f3n la celebraci\u00f3 del 150 aniversari de la fundaci\u00f3 de la Companyia de Santa Teresa de Jes\u00fas (Teresianes), congregaci\u00f3 religiosa fundada l\u2019any 1876 pel sacerdot dioces\u00e0 sant Enric d\u2019Oss\u00f3 i Cerver\u00f3 a la ciutat de Tortosa. Esta important efem\u00e8ride s\u2019est\u00e0 commemorant al llarg de l\u2019any amb [&hellip;]<\/p>\n","protected":false},"author":21,"featured_media":91548,"comment_status":"open","ping_status":"open","sticky":false,"template":"","format":"standard","meta":{"_acf_changed":false,"footnotes":""},"categories":[141,756,1149],"tags":[],"class_list":["post-91555","post","type-post","status-publish","format-standard","has-post-thumbnail","hentry","category-alcaldia-2","category-cultura-noticias-2","category-participacio-ciutadana"],"acf":[],"_links":{"self":[{"href":"https:\/\/infotorrent.es\/ca\/wp-json\/wp\/v2\/posts\/91555","targetHints":{"allow":["GET"]}}],"collection":[{"href":"https:\/\/infotorrent.es\/ca\/wp-json\/wp\/v2\/posts"}],"about":[{"href":"https:\/\/infotorrent.es\/ca\/wp-json\/wp\/v2\/types\/post"}],"author":[{"embeddable":true,"href":"https:\/\/infotorrent.es\/ca\/wp-json\/wp\/v2\/users\/21"}],"replies":[{"embeddable":true,"href":"https:\/\/infotorrent.es\/ca\/wp-json\/wp\/v2\/comments?post=91555"}],"version-history":[{"count":1,"href":"https:\/\/infotorrent.es\/ca\/wp-json\/wp\/v2\/posts\/91555\/revisions"}],"predecessor-version":[{"id":91557,"href":"https:\/\/infotorrent.es\/ca\/wp-json\/wp\/v2\/posts\/91555\/revisions\/91557"}],"wp:featuredmedia":[{"embeddable":true,"href":"https:\/\/infotorrent.es\/ca\/wp-json\/wp\/v2\/media\/91548"}],"wp:attachment":[{"href":"https:\/\/infotorrent.es\/ca\/wp-json\/wp\/v2\/media?parent=91555"}],"wp:term":[{"taxonomy":"category","embeddable":true,"href":"https:\/\/infotorrent.es\/ca\/wp-json\/wp\/v2\/categories?post=91555"},{"taxonomy":"post_tag","embeddable":true,"href":"https:\/\/infotorrent.es\/ca\/wp-json\/wp\/v2\/tags?post=91555"}],"curies":[{"name":"wp","href":"https:\/\/api.w.org\/{rel}","templated":true}]}}