{"id":9152,"date":"2018-02-02T09:22:10","date_gmt":"2018-02-02T09:22:10","guid":{"rendered":"https:\/\/infotorrent.es\/uncategorized\/lemat-acull-la-presentacio-de-lexposicio-art-festa-i-foc-i-de-la-primera-flor\/"},"modified":"2018-02-02T09:26:07","modified_gmt":"2018-02-02T09:26:07","slug":"lemat-acull-la-presentacio-de-lexposicio-art-festa-i-foc-i-de-la-primera-flor","status":"publish","type":"post","link":"https:\/\/infotorrent.es\/ca\/noticies\/lemat-acull-la-presentacio-de-lexposicio-art-festa-i-foc-i-de-la-primera-flor\/","title":{"rendered":"L\u2019EMAT acull la presentaci\u00f3 de l&#8217;exposici\u00f3 &#8220;Art, festa i foc&#8221; i del llibre La primera flor"},"content":{"rendered":"<p>La sala d\u2019exposicions de l\u2019EMAT va acollir, ahir de vesprada, la presentaci\u00f3 de l\u2019exposici\u00f3 \u201cArt, festa i foc\u201d i del llibre <em>La primera flor<\/em>, organitzada per l&#8217;\u00c0rea de Cultura de l&#8217;Ajuntament de Torrent i emmarcada dins de la programaci\u00f3 de la setmana cultural \u201cEl febrer m\u00e9s llarg\u201d. Un febrer que comen\u00e7a hui i que inclou activitats culturals, tradicionals i festives en la ciutat de Torrent.<\/p>\n<p><img fetchpriority=\"high\" decoding=\"async\" class=\" wp-image-9983 aligncenter\" src=\"https:\/\/www.infotorrent.es\/wp-content\/uploads\/2018\/02\/IMG_6162b.jpg\" alt=\"\" width=\"546\" height=\"364\" \/><\/p>\n<p>L\u2019exposici\u00f3 \u201cArt, festa i foc\u201d est\u00e0 composta d&#8217;11 obres pict\u00f2riques de Paco Garc\u00eda Gasc\u00f3n; uns quadres que combinen diferents estils i t\u00e8cniques. La mostra es pot visitar en l\u2019EMAT i es suma a l\u2019exposici\u00f3 \u201cMem\u00f2ria del foc\u201d, que s\u2019empla\u00e7a en la mateixa sala i que fa un recorregut pels 50 anys d\u2019hist\u00f2ria de huit comissions falleres de la nostra ciutat. En segon lloc es present\u00e0 el llibre de <em>La primera flor<\/em>, la recuperaci\u00f3 del cronista oficial de Torrent d\u2019una hist\u00f2ria rom\u00e0ntica escrita per B. Morales San Mart\u00edn en 1912 i ambientada en l\u2019Entrada de la Flor de Torrent.<\/p>\n<p><img decoding=\"async\" class=\"wp-image-9985 aligncenter\" src=\"https:\/\/www.infotorrent.es\/wp-content\/uploads\/2018\/02\/IMG_6165b.jpg\" alt=\"\" width=\"551\" height=\"367\" \/><\/p>\n<p>L\u2019acte va estar moderat per Presen Mora, i va comptar amb la participaci\u00f3 de Jos\u00e9 Royo, cronista oficial de Torrent, Francisco Garc\u00eda Gasc\u00f3n, president de l&#8217;associaci\u00f3 Torrent Pinta, i Jos\u00e9 Ros, president de la confraria del Rosari. Tamb\u00e9 hi va estar present l&#8217;alcalde, Jes\u00fas Ros, i el regidor d&#8217;Atenci\u00f3 a les Persones, Francesc Carbonell, a m\u00e9s d&#8217;una representaci\u00f3 de les festes torrentines, com la fallera major de Torrent, M. Jes\u00fas Rinc\u00f3n Prieto, i la seua cort d&#8217;honor, la clavaria i la confraria de la Mare de D\u00e9u del Rosari o el president de la JCGGSS.<\/p>\n<p><img decoding=\"async\" class=\"wp-image-9987 aligncenter\" src=\"https:\/\/www.infotorrent.es\/wp-content\/uploads\/2018\/02\/IMG_6131b.jpg\" alt=\"\" width=\"511\" height=\"340\" \/><\/p>\n","protected":false},"excerpt":{"rendered":"<p>La sala d\u2019exposicions de l\u2019EMAT va acollir, ahir de vesprada, la presentaci\u00f3 de l\u2019exposici\u00f3 \u201cArt, festa i foc\u201d i del llibre La primera flor, organitzada per l&#8217;\u00c0rea de Cultura de l&#8217;Ajuntament de Torrent i emmarcada dins de la programaci\u00f3 de la setmana cultural \u201cEl febrer m\u00e9s llarg\u201d. Un febrer que comen\u00e7a hui i que inclou [&hellip;]<\/p>\n","protected":false},"author":3,"featured_media":9154,"comment_status":"closed","ping_status":"open","sticky":false,"template":"","format":"standard","meta":{"_acf_changed":false,"footnotes":""},"categories":[156,116],"tags":[259],"class_list":["post-9152","post","type-post","status-publish","format-standard","has-post-thumbnail","hentry","category-festes-i-tradicions-2","category-noticies","tag-ajuntament-de-torrenttorrent"],"acf":[],"_links":{"self":[{"href":"https:\/\/infotorrent.es\/ca\/wp-json\/wp\/v2\/posts\/9152","targetHints":{"allow":["GET"]}}],"collection":[{"href":"https:\/\/infotorrent.es\/ca\/wp-json\/wp\/v2\/posts"}],"about":[{"href":"https:\/\/infotorrent.es\/ca\/wp-json\/wp\/v2\/types\/post"}],"author":[{"embeddable":true,"href":"https:\/\/infotorrent.es\/ca\/wp-json\/wp\/v2\/users\/3"}],"replies":[{"embeddable":true,"href":"https:\/\/infotorrent.es\/ca\/wp-json\/wp\/v2\/comments?post=9152"}],"version-history":[{"count":0,"href":"https:\/\/infotorrent.es\/ca\/wp-json\/wp\/v2\/posts\/9152\/revisions"}],"wp:featuredmedia":[{"embeddable":true,"href":"https:\/\/infotorrent.es\/ca\/wp-json\/wp\/v2\/media\/9154"}],"wp:attachment":[{"href":"https:\/\/infotorrent.es\/ca\/wp-json\/wp\/v2\/media?parent=9152"}],"wp:term":[{"taxonomy":"category","embeddable":true,"href":"https:\/\/infotorrent.es\/ca\/wp-json\/wp\/v2\/categories?post=9152"},{"taxonomy":"post_tag","embeddable":true,"href":"https:\/\/infotorrent.es\/ca\/wp-json\/wp\/v2\/tags?post=9152"}],"curies":[{"name":"wp","href":"https:\/\/api.w.org\/{rel}","templated":true}]}}