{"id":9148,"date":"2018-02-02T08:54:11","date_gmt":"2018-02-02T08:54:11","guid":{"rendered":"https:\/\/infotorrent.es\/uncategorized\/la-policia-local-de-torrent-mes-preparada-en-violencia-de-genere\/"},"modified":"2018-02-02T08:58:18","modified_gmt":"2018-02-02T08:58:18","slug":"la-policia-local-de-torrent-mes-preparada-en-violencia-de-genere","status":"publish","type":"post","link":"https:\/\/infotorrent.es\/ca\/noticias-2\/la-policia-local-de-torrent-mes-preparada-en-violencia-de-genere\/","title":{"rendered":"La Policia Local de Torrent, m\u00e9s preparada en viol\u00e8ncia de g\u00e8nere"},"content":{"rendered":"<p><strong>L&#8217;agent responsable del SEFAMA ha assistit a la xarrada de formaci\u00f3 \u201cViol\u00e8ncia de g\u00e8nere: saber i actuar\u201d, que ha organitzat el centre de salut de Sant Isidre\u00a0\u00a0<\/strong><\/p>\n<p>La Policia Local de Torrent treballa per eradicar la viol\u00e8ncia de g\u00e8nere, i per a dur-ho a terme hi ha l&#8217;agent M. Paz Gonz\u00e1lez, que est\u00e0 al capdavant de l\u2019Oficina d\u2019Assist\u00e8ncia a les vVctimes en la Casa de la Dona i que treballa en coordinaci\u00f3 amb Sandra Ram\u00edrez, la responsable del SEFAMA (Secci\u00f3 de Protecci\u00f3 a la Fam\u00edlia) que du a terme l\u2019actuaci\u00f3 policial. En esta mat\u00e8ria, l\u2019encarregada del SEFAMA ha assistit a la xarrada de formaci\u00f3 \u201cViol\u00e8ncia de g\u00e8nere: saber i actuar\u201d, organitzada en el centre de salut de Sant Isidre.<\/p>\n<p>A m\u00e9s, Torrent disposa de grans expertes en este tema, ja que l\u2019encarregada d\u2019impartir la xarrada ha sigut Marta Calvo, metgessa de la salut p\u00fablica de Torrent. Esta actuaci\u00f3 s\u2019emmarca dins del cicle de xarrades formatives que estan impartint diferents professionals per a actuar en el marc de la prevenci\u00f3 de la viol\u00e8ncia de g\u00e8nere, tal com ha explicat Marta Calvo: \u201cun dels objectius per a previndre la viol\u00e8ncia de g\u00e8nere \u00e9s detectar els s\u00edmptomes en les aules, i per este motiu, volem comen\u00e7ar a treballar amb el professorat\u201d, ha assenyalat.<\/p>\n<p>D\u2019altra banda, estes jornades volen establir els protocols per a l\u2019atenci\u00f3 sanit\u00e0ria d\u2019actuaci\u00f3 dins dels centres de salut (PDA): \u201cper a saber com intervindre i qu\u00e8 registrar, P: pregunta a totes les dones majors de 14 anys, D: Detecta els maltractaments, A: Analitza el risc, i finalment, interv\u00e9 segons cada cas o el registra en la hist\u00f2ria cl\u00ednica\u201d, i ressalta tamb\u00e9 la coordinaci\u00f3 amb Policia Nacional i Policia Local perqu\u00e8 les actuacions siguen el m\u00e9s r\u00e0pides possible.<\/p>\n<p>Segons les estad\u00edstiques del Govern d&#8217;Espanya, en 2017 va haver-hi 48 v\u00edctimes per viol\u00e8ncia de g\u00e8nere, compreses en onze de les d\u00e8neu comunitats aut\u00f2nomes, de les quals set eren de la Comunitat Valenciana. L&#8217;informe destaca tamb\u00e9 que 32 dels agressors s\u00f3n de nacionalitat espanyola.<\/p>\n<p>&nbsp;<\/p>\n","protected":false},"excerpt":{"rendered":"<p>L&#8217;agent responsable del SEFAMA ha assistit a la xarrada de formaci\u00f3 \u201cViol\u00e8ncia de g\u00e8nere: saber i actuar\u201d, que ha organitzat el centre de salut de Sant Isidre\u00a0\u00a0 La Policia Local de Torrent treballa per eradicar la viol\u00e8ncia de g\u00e8nere, i per a dur-ho a terme hi ha l&#8217;agent M. Paz Gonz\u00e1lez, que est\u00e0 al capdavant [&hellip;]<\/p>\n","protected":false},"author":3,"featured_media":1137,"comment_status":"closed","ping_status":"open","sticky":false,"template":"","format":"standard","meta":{"_acf_changed":false,"footnotes":""},"categories":[143,127],"tags":[259],"class_list":["post-9148","post","type-post","status-publish","format-standard","has-post-thumbnail","hentry","category-fiestas-y-tradiciones","category-noticias-2","tag-ajuntament-de-torrenttorrent"],"acf":[],"_links":{"self":[{"href":"https:\/\/infotorrent.es\/ca\/wp-json\/wp\/v2\/posts\/9148","targetHints":{"allow":["GET"]}}],"collection":[{"href":"https:\/\/infotorrent.es\/ca\/wp-json\/wp\/v2\/posts"}],"about":[{"href":"https:\/\/infotorrent.es\/ca\/wp-json\/wp\/v2\/types\/post"}],"author":[{"embeddable":true,"href":"https:\/\/infotorrent.es\/ca\/wp-json\/wp\/v2\/users\/3"}],"replies":[{"embeddable":true,"href":"https:\/\/infotorrent.es\/ca\/wp-json\/wp\/v2\/comments?post=9148"}],"version-history":[{"count":0,"href":"https:\/\/infotorrent.es\/ca\/wp-json\/wp\/v2\/posts\/9148\/revisions"}],"wp:featuredmedia":[{"embeddable":true,"href":"https:\/\/infotorrent.es\/ca\/wp-json\/wp\/v2\/media\/1137"}],"wp:attachment":[{"href":"https:\/\/infotorrent.es\/ca\/wp-json\/wp\/v2\/media?parent=9148"}],"wp:term":[{"taxonomy":"category","embeddable":true,"href":"https:\/\/infotorrent.es\/ca\/wp-json\/wp\/v2\/categories?post=9148"},{"taxonomy":"post_tag","embeddable":true,"href":"https:\/\/infotorrent.es\/ca\/wp-json\/wp\/v2\/tags?post=9148"}],"curies":[{"name":"wp","href":"https:\/\/api.w.org\/{rel}","templated":true}]}}