{"id":91475,"date":"2026-01-27T10:05:23","date_gmt":"2026-01-27T09:05:23","guid":{"rendered":"https:\/\/infotorrent.es\/?p=91475"},"modified":"2026-01-27T10:11:14","modified_gmt":"2026-01-27T09:11:14","slug":"la-parroquia-de-sant-joan-bosco-de-torrent-collocara-la-primera-pedra-del-seu-nou-temple-el-30-de-gener","status":"publish","type":"post","link":"https:\/\/infotorrent.es\/ca\/noticies\/urbanisme\/la-parroquia-de-sant-joan-bosco-de-torrent-collocara-la-primera-pedra-del-seu-nou-temple-el-30-de-gener\/","title":{"rendered":"La Parr\u00f2quia de Sant Joan Bosco de Torrent col\u00b7locar\u00e0 la primera pedra del seu nou temple el 30 de gener"},"content":{"rendered":"\n<p><strong>L\u2019acte lit\u00fargic se celebra este divendres a les 19 hores i amb la pres\u00e8ncia de l\u2019Exc. i Rvdm. Sr. Enrique Benavent Vidal, Arquebisbe de Val\u00e8ncia.<\/strong><\/p>\n\n\n\n<p>La Parr\u00f2quia de Sant Joan Bosco de Torrent es troba immersa en els preparatius d\u2019un esdeveniment hist\u00f2ric i llargament esperat per la comunitat parroquial i per la ciutat. El pr\u00f2xim divendres 30 de gener de 2026, a les 19.00 hores, tindr\u00e0 lloc l\u2019acte lit\u00fargic de benedicci\u00f3 i col\u00b7locaci\u00f3 de la primera pedra del nou Temple Parroquial de Sant Joan Bosco, seguit de la celebraci\u00f3 de l\u2019Eucaristia, a l\u2019Esgl\u00e9sia Parroquial Sant Joan Bosco de Torrent. L\u2019acte estar\u00e0 presidit per l\u2019Exc. i Rvdm. Sr. Enrique Benavent Vidal, Arquebisbe de Val\u00e8ncia, i comptar\u00e0 amb la pres\u00e8ncia institucional de l\u2019Ajuntament de Torrent, encap\u00e7alat per la seua alcaldessa, Amparo Folgado, junt amb membres de l\u2019equip de govern municipal.<\/p>\n\n\n\n<p>La celebraci\u00f3 adquirix un significat especial en coincidir amb la festivitat del titular de la parr\u00f2quia, Sant Joan Bosco, que se celebra el 31 de gener, i s\u2019emmarca, a m\u00e9s, dins de la visita pastoral que l\u2019Arquebisbe de Val\u00e8ncia i els bisbes auxiliars estan realitzant a les parr\u00f2quies de Torrent, Paiporta i Picanya.<\/p>\n\n\n\n<p>El Rvd. Sr. Jos\u00e9 Luis Viguer S\u00e1nchez, rector de Sant Joan Bosco, ha volgut convidar p\u00fablicament els fidels, ve\u00efns i ve\u00efnes de Torrent a participar en este esdeveniment, que marca un abans i un despr\u00e9s en la hist\u00f2ria de la parr\u00f2quia. \u00ab\u00c9s un moment de profunda gratitud i esperan\u00e7a. Despr\u00e9s de m\u00e9s de cinc d\u00e8cades, el somni de comptar amb un temple parroquial en la seua ubicaci\u00f3 definitiva comen\u00e7a a fer-se realitat\u00bb, ha assenyalat.<\/p>\n\n\n\n<p>El nou temple es construir\u00e0 a la zona de la Marxadella, amb porta principal orientada cap al carrer Pare M\u00e9ndez, posant fi a un llarg recorregut iniciat fa 52 anys, quan la parr\u00f2quia va obrir les seues portes per primera vegada en uns locals de l\u2019Avinguda al Vedat. Des d\u2019aleshores, generacions de fidels han sostingut amb esfor\u00e7 i comprom\u00eds la vida parroquial, esperant el moment de veure al\u00e7ada la seua esgl\u00e9sia definitiva.<\/p>\n\n\n\n<p>Este projecte \u00e9s la culminaci\u00f3 del somni iniciat pel primer rector, el torrent\u00ed Sr. Joan Fern\u00e1ndez Mora (\u2020), i continuat pels qui el succe\u00efren: Sr. Agust\u00ed Alcalde Pardo, Sr. Luis Miguel Cerda Ferri i l\u2019actual rector, Sr. Jos\u00e9 Luis Viguer S\u00e1nchez. Un somni compartit per tota la comunitat parroquial que ara comen\u00e7a a vore la llum amb la col\u00b7locaci\u00f3 de la primera pedra.<\/p>\n\n\n\n<p>Els antecedents d\u2019este llarg proc\u00e9s es remunten al 17 de setembre de 2001, quan, gr\u00e0cies a la col\u00b7laboraci\u00f3 dels sacerdots de l\u2019Arxiprestat de Torrent i a una permuta de terrenys amb l\u2019Ajuntament, es va formalitzar en escriptura p\u00fablica l\u2019adquisici\u00f3 del s\u00f2l. Posteriorment, el 29 de juny de 2003, en un acte presidit pel llavors Arquebisbe de Val\u00e8ncia, Sr. Agust\u00ed Garc\u00eda-Gasco Vicente, es va col\u00b7locar la primera pedra del nou Centre Parroquial Sant Joan Bosco.<\/p>\n\n\n\n<p>El projecte inicial, dissenyat pels arquitectes Gerardo Puchol Cervera i Manuel Ros Mora, contemplava un complex multifuncional amb planta baixa, soterrani i primera planta, destinat a catequesi, formaci\u00f3, ajudes socials i activitats parroquials, junt amb el temple que albergaria l\u2019esgl\u00e9sia de Sant Joan Bosco. Una hist\u00f2ria d\u2019esfor\u00e7 col\u00b7lectiu que enlla\u00e7a passat i futur, com ja va oc\u00f3rrer fa 75 anys amb l\u2019esgl\u00e9sia del Monte Vedat.<\/p>\n\n\n\n<p>Un nou impuls va arribar el 25 d\u2019octubre de 2024, quan, despr\u00e9s de la missa d\u2019enviament, es va presentar p\u00fablicament el projecte del nou temple, elaborat pels arquitectes Alberto \u00d3scar Cedro i Adolfo Alonso Dur\u00e1. Durant l\u2019acte, dirigit pel rector, es va projectar un v\u00eddeo que va mostrar una imatge espectacular de com ser\u00e0 la futura parr\u00f2quia, despertant il\u00b7lusi\u00f3 i emoci\u00f3 entre els assistents. \u00abNo es tracta nom\u00e9s d\u2019un edifici, sin\u00f3 d\u2019un espai de trobada amb D\u00e9u, fe i servici per a les generacions presents i futures\u00bb, va afirmar aleshores el Sr. Jos\u00e9 Luis.<\/p>\n\n\n\n<p>Eixe mateix dia es va presentar tamb\u00e9 la nova p\u00e0gina web de la parr\u00f2quia, amb un disseny visual, intu\u00eftiu i accessible, que permet realitzar gestions com batejos, bodes o comunions, consultar not\u00edcies i visualitzar el v\u00eddeo del nou temple.<\/p>\n\n\n\n<p>En l\u2019\u00e0mbit administratiu, el projecte ha seguit tots els tr\u00e0mits necessaris. La Junta de Govern Local de Torrent, en sessi\u00f3 del 24 de mar\u00e7 de 2025, va acordar sotmetre l\u2019Estudi de Detall a informaci\u00f3 p\u00fablica, publicant-se els corresponents edictes en <em>Las Provincias<\/em>, el <em>Diari Oficial de la Generalitat Valenciana<\/em> i el tauler municipal. Finalment, el Ple de l\u2019Ajuntament del 3 de juliol de 2025 va aprovar per unanimitat la modificaci\u00f3 de l\u2019Estudi de Detall presentat per la Parr\u00f2quia Sant Joan Bosco.<\/p>\n\n\n\n<p>L\u2019alcaldessa Amparo Folgado ha destacat la import\u00e0ncia d\u2019este projecte per a la ciutat: \u00abTorrent guanya no sols un nou temple, sin\u00f3 un espai que contribuir\u00e0 a la vida social, cultural i espiritual del municipi. \u00c9s un projecte que engrandix la ciutat i reflectix el treball conjunt entre l\u2019Esgl\u00e9sia i l\u2019Ajuntament\u00bb.<\/p>\n\n\n\n<p>Per la seua banda, el rector ha animat tots a participar en l\u2019acte del divendres: \u00abCol\u00b7locar esta primera pedra \u00e9s donar gr\u00e0cies pel que s\u2019ha viscut i comprometre\u2019ns amb el que ve. Convidem tota la ciutat a acompanyar-nos en este dia tan significatiu\u00bb.<\/p>\n\n\n\n<p>La Parr\u00f2quia de Sant Joan Bosco inicia aix\u00ed una nova etapa, assentant els fonaments d\u2019un temple que ser\u00e0 s\u00edmbol de fe, perseveran\u00e7a i futur per a Torrent.<\/p>\n\n\n\n<figure class=\"wp-block-gallery has-nested-images columns-default is-cropped wp-block-gallery-1 is-layout-flex wp-block-gallery-is-layout-flex\">\n<figure class=\"wp-block-image size-large\"><img fetchpriority=\"high\" decoding=\"async\" width=\"1024\" height=\"579\" data-id=\"91472\" src=\"https:\/\/infotorrent.es\/wp-content\/uploads\/2026\/01\/SAN-JUAN-BOSCO-1-1024x579.jpeg\" alt=\"\" class=\"wp-image-91472\" srcset=\"https:\/\/infotorrent.es\/wp-content\/uploads\/2026\/01\/SAN-JUAN-BOSCO-1-1024x579.jpeg 1024w, https:\/\/infotorrent.es\/wp-content\/uploads\/2026\/01\/SAN-JUAN-BOSCO-1-300x170.jpeg 300w, https:\/\/infotorrent.es\/wp-content\/uploads\/2026\/01\/SAN-JUAN-BOSCO-1-768x434.jpeg 768w, https:\/\/infotorrent.es\/wp-content\/uploads\/2026\/01\/SAN-JUAN-BOSCO-1-1536x868.jpeg 1536w, https:\/\/infotorrent.es\/wp-content\/uploads\/2026\/01\/SAN-JUAN-BOSCO-1.jpeg 1600w\" sizes=\"(max-width: 1024px) 100vw, 1024px\" \/><\/figure>\n\n\n\n<figure class=\"wp-block-image size-large\"><img decoding=\"async\" width=\"1024\" height=\"579\" data-id=\"91470\" src=\"https:\/\/infotorrent.es\/wp-content\/uploads\/2026\/01\/SAN-JUAN-BOSCO-2-1024x579.jpeg\" alt=\"\" class=\"wp-image-91470\" srcset=\"https:\/\/infotorrent.es\/wp-content\/uploads\/2026\/01\/SAN-JUAN-BOSCO-2-1024x579.jpeg 1024w, https:\/\/infotorrent.es\/wp-content\/uploads\/2026\/01\/SAN-JUAN-BOSCO-2-300x170.jpeg 300w, https:\/\/infotorrent.es\/wp-content\/uploads\/2026\/01\/SAN-JUAN-BOSCO-2-768x434.jpeg 768w, https:\/\/infotorrent.es\/wp-content\/uploads\/2026\/01\/SAN-JUAN-BOSCO-2-1536x868.jpeg 1536w, https:\/\/infotorrent.es\/wp-content\/uploads\/2026\/01\/SAN-JUAN-BOSCO-2.jpeg 1600w\" sizes=\"(max-width: 1024px) 100vw, 1024px\" \/><\/figure>\n<\/figure>\n","protected":false},"excerpt":{"rendered":"<p>L\u2019acte lit\u00fargic se celebra este divendres a les 19 hores i amb la pres\u00e8ncia de l\u2019Exc. i Rvdm. Sr. Enrique Benavent Vidal, Arquebisbe de Val\u00e8ncia. La Parr\u00f2quia de Sant Joan Bosco de Torrent es troba immersa en els preparatius d\u2019un esdeveniment hist\u00f2ric i llargament esperat per la comunitat parroquial i per la ciutat. El pr\u00f2xim [&hellip;]<\/p>\n","protected":false},"author":21,"featured_media":91472,"comment_status":"open","ping_status":"open","sticky":false,"template":"","format":"standard","meta":{"_acf_changed":false,"footnotes":""},"categories":[141,133,140,1160],"tags":[],"class_list":["post-91475","post","type-post","status-publish","format-standard","has-post-thumbnail","hentry","category-alcaldia-2","category-urbanisme","category-urbanismo-3","category-urbanismo-noticias-ca"],"acf":[],"_links":{"self":[{"href":"https:\/\/infotorrent.es\/ca\/wp-json\/wp\/v2\/posts\/91475","targetHints":{"allow":["GET"]}}],"collection":[{"href":"https:\/\/infotorrent.es\/ca\/wp-json\/wp\/v2\/posts"}],"about":[{"href":"https:\/\/infotorrent.es\/ca\/wp-json\/wp\/v2\/types\/post"}],"author":[{"embeddable":true,"href":"https:\/\/infotorrent.es\/ca\/wp-json\/wp\/v2\/users\/21"}],"replies":[{"embeddable":true,"href":"https:\/\/infotorrent.es\/ca\/wp-json\/wp\/v2\/comments?post=91475"}],"version-history":[{"count":1,"href":"https:\/\/infotorrent.es\/ca\/wp-json\/wp\/v2\/posts\/91475\/revisions"}],"predecessor-version":[{"id":91477,"href":"https:\/\/infotorrent.es\/ca\/wp-json\/wp\/v2\/posts\/91475\/revisions\/91477"}],"wp:featuredmedia":[{"embeddable":true,"href":"https:\/\/infotorrent.es\/ca\/wp-json\/wp\/v2\/media\/91472"}],"wp:attachment":[{"href":"https:\/\/infotorrent.es\/ca\/wp-json\/wp\/v2\/media?parent=91475"}],"wp:term":[{"taxonomy":"category","embeddable":true,"href":"https:\/\/infotorrent.es\/ca\/wp-json\/wp\/v2\/categories?post=91475"},{"taxonomy":"post_tag","embeddable":true,"href":"https:\/\/infotorrent.es\/ca\/wp-json\/wp\/v2\/tags?post=91475"}],"curies":[{"name":"wp","href":"https:\/\/api.w.org\/{rel}","templated":true}]}}