{"id":91464,"date":"2026-01-26T13:51:20","date_gmt":"2026-01-26T12:51:20","guid":{"rendered":"https:\/\/infotorrent.es\/?p=91464"},"modified":"2026-01-26T13:58:49","modified_gmt":"2026-01-26T12:58:49","slug":"torrent-inaugurara-la-nova-illuminacio-escenica-del-parc-municipal-de-lhort-de-trenor","status":"publish","type":"post","link":"https:\/\/infotorrent.es\/ca\/alcaldia-2\/torrent-inaugurara-la-nova-illuminacio-escenica-del-parc-municipal-de-lhort-de-trenor\/","title":{"rendered":"Torrent inaugurar\u00e0 la nova il\u00b7luminaci\u00f3 esc\u00e8nica del Parc Municipal de l\u2019Hort de Tr\u00e9nor"},"content":{"rendered":"\n<p><strong>El parc hist\u00f2ric es transformar\u00e0 a boca de nit en un jard\u00ed de llum obert a tota la ciutadania<\/strong><\/p>\n\n\n\n<p>L&#8217;Ajuntament de Torrent inaugurar\u00e0 este dimecres, 28 de gener, a les 19.00 hores, la nova il\u00b7luminaci\u00f3 esc\u00e8nica del Parc Municipal de l\u2019Hort de Tr\u00e9nor, una actuaci\u00f3 que permetr\u00e0 redescobrir un dels espais m\u00e9s emblem\u00e0tics i volguts de la ciutat sota una nova mirada nocturna, pensada per al gaudi ciutad\u00e0 i el respecte al valor patrimonial del parc.<\/p>\n\n\n\n<p>L&#8217;acte d&#8217;inauguraci\u00f3, obert a tota la ciutadania, i comptar\u00e0 amb la pres\u00e8ncia de l&#8217;alcaldessa de Torrent, Amparo Folgado, al costat de membres de l&#8217;equip de govern i del consistori, representants d&#8217;entitats socials, culturals i festives, aix\u00ed com ve\u00efns i ve\u00efnes que desitgen acompanyar este moment tan significatiu per a la ciutat.<\/p>\n\n\n\n<p><strong>Un parc hist\u00f2ric que es redescobrix a boca de nit<\/strong><\/p>\n\n\n\n<p>L\u2019Hort de Tr\u00e9nor \u00e9s un dels espais amb major valor hist\u00f2ric, paisatg\u00edstic i emocional de Torrent. Amb m\u00e9s de quatre segles d&#8217;hist\u00f2ria i declarat B\u00e9 d&#8217;Inter\u00e9s Cultural (BIC), este jard\u00ed hist\u00f2ric ha sigut escenari de passejos, trobades, activitats culturals i experi\u00e8ncies compartides per generacions de torrentinos i torrentinas.<\/p>\n\n\n\n<p>La nova il\u00b7luminaci\u00f3 esc\u00e8nica ha sigut concebuda com una intervenci\u00f3 sensible i respectuosa, integrada en el paisatge i dissenyada per a acompanyar el parc quan cau la nit. Lluny de transformar la seua ess\u00e8ncia, la llum permetr\u00e0 real\u00e7ar els seus elements m\u00e9s singulars \u2014l&#8217;arbratge, les senderes, les zones d&#8217;aigua i els espais d&#8217;estada\u2014 creant una atmosfera serena i envolupant que convida a passejar a poc a poc i a contemplar l&#8217;entorn des d&#8217;una nova perspectiva.<\/p>\n\n\n\n<p>A m\u00e9s, el sistema d&#8217;il\u00b7luminaci\u00f3 permetr\u00e0 adaptar l&#8217;ambient del parc a diferents moments de l&#8217;any i a celebracions especials, refor\u00e7ant el seu car\u00e0cter com a espai viu, din\u00e0mic i plenament integrat en la vida cultural de la ciutat.<\/p>\n\n\n\n<p><strong>Una invitaci\u00f3 a viure el parc amb una altra mirada<\/strong><\/p>\n\n\n\n<p>L&#8217;alcaldessa de Torrent, Amparo Folgado, ha assenyalat que&nbsp;<strong>\u201cla inauguraci\u00f3 d&#8217;esta il\u00b7luminaci\u00f3 \u00e9s una invitaci\u00f3 a retrobar-nos amb un dels llocs m\u00e9s estimats de la nostra ciutat i a descobrir-ho d&#8217;una forma distinta, tamb\u00e9 de nit, des del respecte a la seua hist\u00f2ria, al seu patrimoni, al seu paisatge i a tot el que representa per a Torrent\u201d.<\/strong><\/p>\n\n\n\n<p>Folgado ha destacat que&nbsp;<strong>\u201cvolem que la ciutadania puga gaudir de l\u2019Hort de Tr\u00e9nor amb calma, passejar i mirar amb altres ulls un espai que forma part de la nostra identitat i de la nostra mem\u00f2ria col\u00b7lectiva, i que continue sent un lloc de trobada i tranquil\u00b7litat per a tots\u201d.<\/strong><\/p>\n\n\n\n<p>L&#8217;alcaldessa de Torrent, Amparo Folgado, ha volgut convidar expressament als ve\u00efns i ve\u00efnes de la ciutat a participar en l&#8217;acte d&#8217;inauguraci\u00f3, assenyalant que&nbsp;<strong>\u201cconvide a tota la ciutadania al fet que ens acompanye en esta encesa tan especial. Ser\u00e0 una oportunitat per a passejar junts per l\u2019Hort de Tr\u00e9nor, per a descobrir-ho de nit i per a compartir un moment que parla del que som com a ciutat i del carinyo que sentim per este parc tan nostre\u201d.<\/strong><\/p>\n\n\n\n<p>La inauguraci\u00f3 de la nova il\u00b7luminaci\u00f3 esc\u00e8nica del Parc Municipal de l\u2019Hort de Tr\u00e9nor s&#8217;emmarca en l&#8217;aposta de l&#8217;Ajuntament de Torrent per la posada en valor del patrimoni hist\u00f2ric i natural i per la millora dels espais p\u00fablics com a llocs de conviv\u00e8ncia, benestar i orgull ciutad\u00e0.<\/p>\n\n\n\n<figure class=\"wp-block-image size-large\"><img fetchpriority=\"high\" decoding=\"async\" width=\"819\" height=\"1024\" src=\"https:\/\/infotorrent.es\/wp-content\/uploads\/2026\/01\/1-52-819x1024.jpg\" alt=\"\" class=\"wp-image-91461\" srcset=\"https:\/\/infotorrent.es\/wp-content\/uploads\/2026\/01\/1-52-819x1024.jpg 819w, https:\/\/infotorrent.es\/wp-content\/uploads\/2026\/01\/1-52-240x300.jpg 240w, https:\/\/infotorrent.es\/wp-content\/uploads\/2026\/01\/1-52-768x960.jpg 768w, https:\/\/infotorrent.es\/wp-content\/uploads\/2026\/01\/1-52.jpg 1080w\" sizes=\"(max-width: 819px) 100vw, 819px\" \/><\/figure>\n\n\n\n<figure class=\"wp-block-gallery has-nested-images columns-default is-cropped wp-block-gallery-1 is-layout-flex wp-block-gallery-is-layout-flex\">\n<figure class=\"wp-block-image size-large\"><img decoding=\"async\" width=\"1024\" height=\"682\" data-id=\"91459\" src=\"https:\/\/infotorrent.es\/wp-content\/uploads\/2026\/01\/4-33-1024x682.jpg\" alt=\"\" class=\"wp-image-91459\" srcset=\"https:\/\/infotorrent.es\/wp-content\/uploads\/2026\/01\/4-33-1024x682.jpg 1024w, https:\/\/infotorrent.es\/wp-content\/uploads\/2026\/01\/4-33-300x200.jpg 300w, https:\/\/infotorrent.es\/wp-content\/uploads\/2026\/01\/4-33-768x512.jpg 768w, https:\/\/infotorrent.es\/wp-content\/uploads\/2026\/01\/4-33-1536x1023.jpg 1536w, https:\/\/infotorrent.es\/wp-content\/uploads\/2026\/01\/4-33.jpg 1600w\" sizes=\"(max-width: 1024px) 100vw, 1024px\" \/><\/figure>\n\n\n\n<figure class=\"wp-block-image size-large\"><img decoding=\"async\" width=\"1024\" height=\"682\" data-id=\"91457\" src=\"https:\/\/infotorrent.es\/wp-content\/uploads\/2026\/01\/5-24-1024x682.jpg\" alt=\"\" class=\"wp-image-91457\" srcset=\"https:\/\/infotorrent.es\/wp-content\/uploads\/2026\/01\/5-24-1024x682.jpg 1024w, https:\/\/infotorrent.es\/wp-content\/uploads\/2026\/01\/5-24-300x200.jpg 300w, https:\/\/infotorrent.es\/wp-content\/uploads\/2026\/01\/5-24-768x512.jpg 768w, https:\/\/infotorrent.es\/wp-content\/uploads\/2026\/01\/5-24-1536x1023.jpg 1536w, https:\/\/infotorrent.es\/wp-content\/uploads\/2026\/01\/5-24.jpg 1600w\" sizes=\"(max-width: 1024px) 100vw, 1024px\" \/><\/figure>\n<\/figure>\n","protected":false},"excerpt":{"rendered":"<p>El parc hist\u00f2ric es transformar\u00e0 a boca de nit en un jard\u00ed de llum obert a tota la ciutadania L&#8217;Ajuntament de Torrent inaugurar\u00e0 este dimecres, 28 de gener, a les 19.00 hores, la nova il\u00b7luminaci\u00f3 esc\u00e8nica del Parc Municipal de l\u2019Hort de Tr\u00e9nor, una actuaci\u00f3 que permetr\u00e0 redescobrir un dels espais m\u00e9s emblem\u00e0tics i volguts [&hellip;]<\/p>\n","protected":false},"author":21,"featured_media":91461,"comment_status":"open","ping_status":"open","sticky":false,"template":"","format":"standard","meta":{"_acf_changed":false,"footnotes":""},"categories":[141,1190,155,1135],"tags":[],"class_list":["post-91464","post","type-post","status-publish","format-standard","has-post-thumbnail","hentry","category-alcaldia-2","category-ayuntamiento-de-torrent-ca","category-gestio-ciutat","category-gestion-ciudad-2"],"acf":[],"_links":{"self":[{"href":"https:\/\/infotorrent.es\/ca\/wp-json\/wp\/v2\/posts\/91464","targetHints":{"allow":["GET"]}}],"collection":[{"href":"https:\/\/infotorrent.es\/ca\/wp-json\/wp\/v2\/posts"}],"about":[{"href":"https:\/\/infotorrent.es\/ca\/wp-json\/wp\/v2\/types\/post"}],"author":[{"embeddable":true,"href":"https:\/\/infotorrent.es\/ca\/wp-json\/wp\/v2\/users\/21"}],"replies":[{"embeddable":true,"href":"https:\/\/infotorrent.es\/ca\/wp-json\/wp\/v2\/comments?post=91464"}],"version-history":[{"count":1,"href":"https:\/\/infotorrent.es\/ca\/wp-json\/wp\/v2\/posts\/91464\/revisions"}],"predecessor-version":[{"id":91466,"href":"https:\/\/infotorrent.es\/ca\/wp-json\/wp\/v2\/posts\/91464\/revisions\/91466"}],"wp:featuredmedia":[{"embeddable":true,"href":"https:\/\/infotorrent.es\/ca\/wp-json\/wp\/v2\/media\/91461"}],"wp:attachment":[{"href":"https:\/\/infotorrent.es\/ca\/wp-json\/wp\/v2\/media?parent=91464"}],"wp:term":[{"taxonomy":"category","embeddable":true,"href":"https:\/\/infotorrent.es\/ca\/wp-json\/wp\/v2\/categories?post=91464"},{"taxonomy":"post_tag","embeddable":true,"href":"https:\/\/infotorrent.es\/ca\/wp-json\/wp\/v2\/tags?post=91464"}],"curies":[{"name":"wp","href":"https:\/\/api.w.org\/{rel}","templated":true}]}}