{"id":91434,"date":"2026-01-26T10:42:30","date_gmt":"2026-01-26T09:42:30","guid":{"rendered":"https:\/\/infotorrent.es\/?p=91434"},"modified":"2026-01-26T10:44:52","modified_gmt":"2026-01-26T09:44:52","slug":"torrent-nomena-a-inmaculada-puchades-com-a-reina-de-la-trobada-2026-en-un-emotiu-acte-en-lauditori","status":"publish","type":"post","link":"https:\/\/infotorrent.es\/ca\/alcaldia-2\/torrent-nomena-a-inmaculada-puchades-com-a-reina-de-la-trobada-2026-en-un-emotiu-acte-en-lauditori\/","title":{"rendered":"Torrent nomena a Inmaculada Puchades com a Reina de la Trobada 2026 en un emotiu acte en l\u2019Auditori"},"content":{"rendered":"\n<p><strong>Inmaculada Puchades Vallejo va estar acompanyada per les seues cambreres Marta Furi\u00f3 G\u00f3mez i Alexa Company Aragon\u00e9s i la Germana major suprema, Mar\u00eda Teresa Puchades Benavides<\/strong><\/p>\n\n\n\n<p>Dissabte passat, l&#8217;Auditori de Torrent va acollir l&#8217;acte de nomenament p\u00fablic d&#8217;Inmaculada Puchades Vallejo com a Reina de la Trobada i \u00c1ngel de la Resurrecci\u00f3 2026, un dels esdeveniments m\u00e9s significatius del calendari de la Setmana Santa torrentina i que marca simb\u00f2licament l&#8217;inici de les celebracions d&#8217;enguany.<\/p>\n\n\n\n<p>Inmaculada Puchades estar\u00e0 acompanyada durant el seu regnat per les seues cambreres, Marta Furi\u00f3 G\u00f3mez i Alexa Company Aragon\u00e9s, els qui l&#8217;acompanyaran en els diferents actes oficials representant amb orgull una de les tradicions m\u00e9s estimades i arrelades de la ciutat.<\/p>\n\n\n\n<p>L&#8217;acte va comen\u00e7ar amb la recepci\u00f3 oficial a la porta de l&#8217;Auditori, presidida per l&#8217;alcaldessa de Torrent, Amparo Folgado, al costat de la Reina de la Trobada 2025, Luc\u00eda Mora, i les seues cambreres Alejandra Andreu i Irene del Molino, aix\u00ed com el president de la Junta Central de Germanors de Setmana Santa de Torrent, Jos\u00e9 Vicente Yago, i el regidor de Cultura, Aitor S\u00e1nchez. Este primer moment va servir per a retre homenatge a la Reina sortint i acomiadar el seu regnat.<\/p>\n\n\n\n<p>A continuaci\u00f3, en un dels moments m\u00e9s solemnes de la vetlada, l&#8217;alcaldessa va imposar a Inmaculada Puchades el fermall que l&#8217;acredita oficialment com a Reina de la Trobada 2026.<\/p>\n\n\n\n<p>Durant la seua intervenci\u00f3, l&#8217;alcaldessa Amparo Folgado va recordar que \u201cfa just un any, en este mateix acte, Inmaculada rebia un missatge de Whatsapp molt senzill que deia: \u2018365 dies et queden\u2019. Hui eixe missatge s&#8217;ha convertit en realitat\u201d. La primera edil va destacar que \u201cInmaculada \u00e9s una jove amb una base molt s\u00f2lida: la seua fam\u00edlia, la seua ciutat i una Setmana Santa que forma part d&#8217;ella des que va n\u00e0ixer\u201d.<\/p>\n\n\n\n<p>Folgado va subratllar tamb\u00e9 el car\u00e0cter familiar d&#8217;este nomenament, assenyalant que \u201ceste no \u00e9s nom\u00e9s un somni personal, \u00e9s un somni familiar, compartit amb els seus avis, els seus pares, la seua germana i tota una fam\u00edlia que sempre ha viscut intensament la Setmana Santa de Torrent\u201d.<\/p>\n\n\n\n<p>En el seu discurs, l&#8217;alcaldessa va posar en valor els valors que representa la nova Reina de la Trobada, afirmant que \u201cInmaculada encarna el comprom\u00eds, la responsabilitat, la maduresa i l&#8217;amor per les nostres tradicions, valors que identifiquen plenament a la nostra ciutat\u201d.<\/p>\n\n\n\n<p>Finalment, Amparo Folgado va dirigir unes paraules de reconeixement a la nova Reina amb un missatge carregat de simbolisme: \u201cque la responsabilitat que hui assumixes siga el nostre orgull, que el teu somni siga la nostra llum com \u00c1ngel de la Resurrecci\u00f3 i que cada pas que dones deixe empremta en tots nosaltres\u201d.<\/p>\n\n\n\n<p>L&#8217;acte va estar presentat per Miriam Tormo i va comptar com a mantenidor amb Albert Ses\u00e9, catedr\u00e0tic del Departament de Psicologia de la Universitat de les Illes Balears i Premi Carta de Poblament de Torrent 2023, qui va oferir una intervenci\u00f3 carregada d&#8217;emotivitat i refer\u00e8ncies al valor hum\u00e0 i social de la Setmana Santa.<\/p>\n\n\n\n<p>Tamb\u00e9 van intervindre el president de la JCHHSS, Jos\u00e9 Vicente Yago, i el consiliario, Sr. Jes\u00fas Corb\u00ed, els qui van subratllar la import\u00e0ncia del nomenament com a punt de partida del calendari confrare.<\/p>\n\n\n\n<p>Un dels moments m\u00e9s esperats va ser la pujada a l&#8217;escenari dels germans majors de les diferents germanors de Torrent, al costat de la Germana Major Suprema, c\u00e0rrec que enguany ostenta Mar\u00eda Teresa Puchades Benavides, presidenta de la Germanor de l&#8217;Ecce Homo i Reina de la Trobada en 2008, qui acompanyar\u00e0 a Inmaculada durant tot el seu regnat.<\/p>\n\n\n\n<p>La Setmana Santa de Torrent, declarada Festa d&#8217;Inter\u00e9s Tur\u00edstic Auton\u00f2mic, continua aix\u00ed refor\u00e7ant la seua projecci\u00f3 i el seu comprom\u00eds amb la conservaci\u00f3 d&#8217;un patrimoni cultural, religi\u00f3s i social que cada any mobilitza a milers de persones.<\/p>\n\n\n\n<p>Amb este emotiu acte celebrat dissabte passat, Inmaculada Puchades Vallejo, al costat de Marta Furi\u00f3 i Alexa Company, inicia un any que viur\u00e0 intensament al capdavant d&#8217;una tradici\u00f3 profundament arrelada en el cor de Torrent.<\/p>\n\n\n\n<figure class=\"wp-block-image size-large\"><img fetchpriority=\"high\" decoding=\"async\" width=\"1024\" height=\"682\" src=\"https:\/\/infotorrent.es\/wp-content\/uploads\/2026\/01\/NOMBRAMIENTO-REINA-ENCUENTRO-3-1024x682.jpeg\" alt=\"\" class=\"wp-image-91431\" srcset=\"https:\/\/infotorrent.es\/wp-content\/uploads\/2026\/01\/NOMBRAMIENTO-REINA-ENCUENTRO-3-1024x682.jpeg 1024w, https:\/\/infotorrent.es\/wp-content\/uploads\/2026\/01\/NOMBRAMIENTO-REINA-ENCUENTRO-3-300x200.jpeg 300w, https:\/\/infotorrent.es\/wp-content\/uploads\/2026\/01\/NOMBRAMIENTO-REINA-ENCUENTRO-3-768x512.jpeg 768w, https:\/\/infotorrent.es\/wp-content\/uploads\/2026\/01\/NOMBRAMIENTO-REINA-ENCUENTRO-3-1536x1023.jpeg 1536w, https:\/\/infotorrent.es\/wp-content\/uploads\/2026\/01\/NOMBRAMIENTO-REINA-ENCUENTRO-3.jpeg 1600w\" sizes=\"(max-width: 1024px) 100vw, 1024px\" \/><\/figure>\n\n\n\n<figure class=\"wp-block-gallery has-nested-images columns-default is-cropped wp-block-gallery-1 is-layout-flex wp-block-gallery-is-layout-flex\">\n<figure class=\"wp-block-image size-large\"><img decoding=\"async\" width=\"1024\" height=\"682\" data-id=\"91427\" src=\"https:\/\/infotorrent.es\/wp-content\/uploads\/2026\/01\/NOMBRAMIENTO-REINA-ENCUENTRO-1-1024x682.jpeg\" alt=\"\" class=\"wp-image-91427\" srcset=\"https:\/\/infotorrent.es\/wp-content\/uploads\/2026\/01\/NOMBRAMIENTO-REINA-ENCUENTRO-1-1024x682.jpeg 1024w, https:\/\/infotorrent.es\/wp-content\/uploads\/2026\/01\/NOMBRAMIENTO-REINA-ENCUENTRO-1-300x200.jpeg 300w, https:\/\/infotorrent.es\/wp-content\/uploads\/2026\/01\/NOMBRAMIENTO-REINA-ENCUENTRO-1-768x512.jpeg 768w, https:\/\/infotorrent.es\/wp-content\/uploads\/2026\/01\/NOMBRAMIENTO-REINA-ENCUENTRO-1-1536x1023.jpeg 1536w, https:\/\/infotorrent.es\/wp-content\/uploads\/2026\/01\/NOMBRAMIENTO-REINA-ENCUENTRO-1.jpeg 1600w\" sizes=\"(max-width: 1024px) 100vw, 1024px\" \/><\/figure>\n\n\n\n<figure class=\"wp-block-image size-large\"><img decoding=\"async\" width=\"1024\" height=\"682\" data-id=\"91429\" src=\"https:\/\/infotorrent.es\/wp-content\/uploads\/2026\/01\/NOMBRAMIENTO-REINA-ENCUENTRO-2-1024x682.jpeg\" alt=\"\" class=\"wp-image-91429\" srcset=\"https:\/\/infotorrent.es\/wp-content\/uploads\/2026\/01\/NOMBRAMIENTO-REINA-ENCUENTRO-2-1024x682.jpeg 1024w, https:\/\/infotorrent.es\/wp-content\/uploads\/2026\/01\/NOMBRAMIENTO-REINA-ENCUENTRO-2-300x200.jpeg 300w, https:\/\/infotorrent.es\/wp-content\/uploads\/2026\/01\/NOMBRAMIENTO-REINA-ENCUENTRO-2-768x512.jpeg 768w, https:\/\/infotorrent.es\/wp-content\/uploads\/2026\/01\/NOMBRAMIENTO-REINA-ENCUENTRO-2-1536x1023.jpeg 1536w, https:\/\/infotorrent.es\/wp-content\/uploads\/2026\/01\/NOMBRAMIENTO-REINA-ENCUENTRO-2.jpeg 1600w\" sizes=\"(max-width: 1024px) 100vw, 1024px\" \/><\/figure>\n\n\n\n<figure class=\"wp-block-image size-large\"><img loading=\"lazy\" decoding=\"async\" width=\"1024\" height=\"682\" data-id=\"91425\" src=\"https:\/\/infotorrent.es\/wp-content\/uploads\/2026\/01\/NOMBRAMIENTO-REINA-ENCUENTRO-4-1024x682.jpeg\" alt=\"\" class=\"wp-image-91425\" srcset=\"https:\/\/infotorrent.es\/wp-content\/uploads\/2026\/01\/NOMBRAMIENTO-REINA-ENCUENTRO-4-1024x682.jpeg 1024w, https:\/\/infotorrent.es\/wp-content\/uploads\/2026\/01\/NOMBRAMIENTO-REINA-ENCUENTRO-4-300x200.jpeg 300w, https:\/\/infotorrent.es\/wp-content\/uploads\/2026\/01\/NOMBRAMIENTO-REINA-ENCUENTRO-4-768x512.jpeg 768w, https:\/\/infotorrent.es\/wp-content\/uploads\/2026\/01\/NOMBRAMIENTO-REINA-ENCUENTRO-4-1536x1023.jpeg 1536w, https:\/\/infotorrent.es\/wp-content\/uploads\/2026\/01\/NOMBRAMIENTO-REINA-ENCUENTRO-4.jpeg 1600w\" sizes=\"(max-width: 1024px) 100vw, 1024px\" \/><\/figure>\n<\/figure>\n","protected":false},"excerpt":{"rendered":"<p>Inmaculada Puchades Vallejo va estar acompanyada per les seues cambreres Marta Furi\u00f3 G\u00f3mez i Alexa Company Aragon\u00e9s i la Germana major suprema, Mar\u00eda Teresa Puchades Benavides Dissabte passat, l&#8217;Auditori de Torrent va acollir l&#8217;acte de nomenament p\u00fablic d&#8217;Inmaculada Puchades Vallejo com a Reina de la Trobada i \u00c1ngel de la Resurrecci\u00f3 2026, un dels esdeveniments [&hellip;]<\/p>\n","protected":false},"author":21,"featured_media":91431,"comment_status":"open","ping_status":"open","sticky":false,"template":"","format":"standard","meta":{"_acf_changed":false,"footnotes":""},"categories":[141,756,1173],"tags":[],"class_list":["post-91434","post","type-post","status-publish","format-standard","has-post-thumbnail","hentry","category-alcaldia-2","category-cultura-noticias-2","category-semana-santa-ca"],"acf":[],"_links":{"self":[{"href":"https:\/\/infotorrent.es\/ca\/wp-json\/wp\/v2\/posts\/91434","targetHints":{"allow":["GET"]}}],"collection":[{"href":"https:\/\/infotorrent.es\/ca\/wp-json\/wp\/v2\/posts"}],"about":[{"href":"https:\/\/infotorrent.es\/ca\/wp-json\/wp\/v2\/types\/post"}],"author":[{"embeddable":true,"href":"https:\/\/infotorrent.es\/ca\/wp-json\/wp\/v2\/users\/21"}],"replies":[{"embeddable":true,"href":"https:\/\/infotorrent.es\/ca\/wp-json\/wp\/v2\/comments?post=91434"}],"version-history":[{"count":1,"href":"https:\/\/infotorrent.es\/ca\/wp-json\/wp\/v2\/posts\/91434\/revisions"}],"predecessor-version":[{"id":91436,"href":"https:\/\/infotorrent.es\/ca\/wp-json\/wp\/v2\/posts\/91434\/revisions\/91436"}],"wp:featuredmedia":[{"embeddable":true,"href":"https:\/\/infotorrent.es\/ca\/wp-json\/wp\/v2\/media\/91431"}],"wp:attachment":[{"href":"https:\/\/infotorrent.es\/ca\/wp-json\/wp\/v2\/media?parent=91434"}],"wp:term":[{"taxonomy":"category","embeddable":true,"href":"https:\/\/infotorrent.es\/ca\/wp-json\/wp\/v2\/categories?post=91434"},{"taxonomy":"post_tag","embeddable":true,"href":"https:\/\/infotorrent.es\/ca\/wp-json\/wp\/v2\/tags?post=91434"}],"curies":[{"name":"wp","href":"https:\/\/api.w.org\/{rel}","templated":true}]}}