{"id":9141,"date":"2018-02-01T08:02:50","date_gmt":"2018-02-01T08:02:50","guid":{"rendered":"https:\/\/infotorrent.es\/uncategorized\/torrent-i-fesord-cv-senten-les-bases-per-a-eliminar-les-barreres-comunicatives-de-les-persones-sordes\/"},"modified":"2018-02-01T08:04:27","modified_gmt":"2018-02-01T08:04:27","slug":"torrent-i-fesord-cv-senten-les-bases-per-a-eliminar-les-barreres-comunicatives-de-les-persones-sordes","status":"publish","type":"post","link":"https:\/\/infotorrent.es\/ca\/noticies\/torrent-i-fesord-cv-senten-les-bases-per-a-eliminar-les-barreres-comunicatives-de-les-persones-sordes\/","title":{"rendered":"Torrent i FESORD CV establixen les bases per a eliminar les barreres comunicatives de les persones sordes"},"content":{"rendered":"<p>L&#8217;Ajuntament de Torrent i la Federaci\u00f3 de Persones Sordes de la Comunitat Valenciana (FESORD CV) han mantingut una reuni\u00f3 este mat\u00ed per a establir les bases del Pla Municipal de Promoci\u00f3 de l&#8217;Accessibilitat de les Persones Sordes en el qual les dos \u00a0institucions comen\u00e7aran a treballar en les pr\u00f2ximes dates. L&#8217;alcalde, Jes\u00fas Ros, i el regidor d&#8217;Atenci\u00f3 a les Persones, Francesc Carbonell, s\u2019han reunit amb la directora de Federaci\u00f3, Amparo Minguet, i la t\u00e8cnica, Laura Garc\u00eda, per a comen\u00e7ar a treballar en esta iniciativa que pret\u00e9n eliminar les barreres comunicatives de les persones sordes i implantar un pla a Torrent per a garantir-ne l\u2019accessibilitat.<\/p>\n<p>FESORD representa i defensa els interessos de les associacions de persones sordes i les seues fam\u00edlies a la Comunitat Valenciana. Hi estan federades associacions comarcals i locals i, a m\u00e9s, hi col\u00b7laboren entitats \u00a0de car\u00e0cter sectorial.<\/p>\n","protected":false},"excerpt":{"rendered":"<p>L&#8217;Ajuntament de Torrent i la Federaci\u00f3 de Persones Sordes de la Comunitat Valenciana (FESORD CV) han mantingut una reuni\u00f3 este mat\u00ed per a establir les bases del Pla Municipal de Promoci\u00f3 de l&#8217;Accessibilitat de les Persones Sordes en el qual les dos \u00a0institucions comen\u00e7aran a treballar en les pr\u00f2ximes dates. L&#8217;alcalde, Jes\u00fas Ros, i el [&hellip;]<\/p>\n","protected":false},"author":13,"featured_media":1137,"comment_status":"closed","ping_status":"open","sticky":false,"template":"","format":"standard","meta":{"_acf_changed":false,"footnotes":""},"categories":[122,116],"tags":[],"class_list":["post-9141","post","type-post","status-publish","format-standard","has-post-thumbnail","hentry","category-benestar-social","category-noticies"],"acf":[],"_links":{"self":[{"href":"https:\/\/infotorrent.es\/ca\/wp-json\/wp\/v2\/posts\/9141","targetHints":{"allow":["GET"]}}],"collection":[{"href":"https:\/\/infotorrent.es\/ca\/wp-json\/wp\/v2\/posts"}],"about":[{"href":"https:\/\/infotorrent.es\/ca\/wp-json\/wp\/v2\/types\/post"}],"author":[{"embeddable":true,"href":"https:\/\/infotorrent.es\/ca\/wp-json\/wp\/v2\/users\/13"}],"replies":[{"embeddable":true,"href":"https:\/\/infotorrent.es\/ca\/wp-json\/wp\/v2\/comments?post=9141"}],"version-history":[{"count":0,"href":"https:\/\/infotorrent.es\/ca\/wp-json\/wp\/v2\/posts\/9141\/revisions"}],"wp:featuredmedia":[{"embeddable":true,"href":"https:\/\/infotorrent.es\/ca\/wp-json\/wp\/v2\/media\/1137"}],"wp:attachment":[{"href":"https:\/\/infotorrent.es\/ca\/wp-json\/wp\/v2\/media?parent=9141"}],"wp:term":[{"taxonomy":"category","embeddable":true,"href":"https:\/\/infotorrent.es\/ca\/wp-json\/wp\/v2\/categories?post=9141"},{"taxonomy":"post_tag","embeddable":true,"href":"https:\/\/infotorrent.es\/ca\/wp-json\/wp\/v2\/tags?post=9141"}],"curies":[{"name":"wp","href":"https:\/\/api.w.org\/{rel}","templated":true}]}}