{"id":91400,"date":"2026-01-23T09:30:41","date_gmt":"2026-01-23T08:30:41","guid":{"rendered":"https:\/\/infotorrent.es\/?p=91400"},"modified":"2026-01-23T09:41:12","modified_gmt":"2026-01-23T08:41:12","slug":"la-fundacio-espurna-organitza-la-iv-ruta-de-sant-blai-a-torrent","status":"publish","type":"post","link":"https:\/\/infotorrent.es\/ca\/noticies\/benestar-social\/la-fundacio-espurna-organitza-la-iv-ruta-de-sant-blai-a-torrent\/","title":{"rendered":"La Fundaci\u00f3 Espurna organitza la IV Ruta de Sant Blai a Torrent"},"content":{"rendered":"\n<p><strong>La Fundaci\u00f3 Espurna espera que en esta edici\u00f3n se superen los 900 participantes<\/strong><\/p>\n\n\n\n<p>La Fundaci\u00f3 Espurna de la Comunitat Valenciana organitza un any m\u00e9s la Ruta de Sant Blai, que celebrar\u00e0 la seua quarta edici\u00f3 el pr\u00f2xim 29 de gener de 2026 a Torrent, en col\u00b7laboraci\u00f3 amb COPAVA i l&#8217;Ajuntament de Torrent.<\/p>\n\n\n\n<p>La iniciativa, ja consolidada en el calendari d&#8217;activitats de la ciutat, t\u00e9 com a objectiu promoure l&#8217;oci saludable, inclusiu i accessible, especialment dirigit a persones amb diversitat funcional, encara que est\u00e0 oberta a tota la ciutadania.<\/p>\n\n\n\n<p>La jornada comen\u00e7ar\u00e0 a les 10.30 hores amb la concentraci\u00f3 de participants a la Torre de Torrent, des d&#8217;on s&#8217;iniciar\u00e0 una ruta senderista d&#8217;aproximadament 2,6 quil\u00f2metres, totalment asfaltada, amb rampes i de baix nivell de dificultat, pensada per a garantir la participaci\u00f3 de totes les persones.<\/p>\n\n\n\n<p>Com en edicions anteriors, la ruta estar\u00e0 vinculada a la tradici\u00f3 de Sant Blai, patr\u00f3 de Torrent, i inclour\u00e0 una parada en la parr\u00f2quia de Sant Llu\u00eds Bertr\u00e1n, on els qui ho desitgen podran rebre la tradicional imposici\u00f3 de l&#8217;oli bene\u00eft en la gola, s\u00edmbol de protecci\u00f3 enfront dels \u201cmals de gola\u201d.<\/p>\n\n\n\n<p>El recorregut finalitzar\u00e0 en l&#8217;\u00c0gora del Parc Central, on se celebrar\u00e0 una trobada festiva amb menjada tipus p\u00edcnic, m\u00fasica i animaci\u00f3, fomentant la conviv\u00e8ncia i l&#8217;esperit comunitari.<\/p>\n\n\n\n<p>L&#8217;organitzaci\u00f3 comptar\u00e0 amb el suport de Policia Local, Protecci\u00f3 Civil i persones volunt\u00e0ries, a m\u00e9s d&#8217;una \u201cfurgo granera\u201d per a atendre qualsevol necessitat durant el trajecte.<\/p>\n\n\n\n<p>Des de la Fundaci\u00f3 Espurna destaquen que la Ruta de Sant Blai \u00e9s \u201cuna oportunitat per a caminar junts, compartir tradicions i continuar construint una societat m\u00e9s inclusiva, on totes les persones tinguen el seu espai\u201d.<\/p>\n\n\n\n<p>En les edicions anteriors han participat centenars de xiquets i xiquetes de diferents col\u00b7legis de Torrent i de la prov\u00edncia de Val\u00e8ncia que s&#8217;han sumat a la Fundaci\u00f3 Espurna i han conegut millor la idiosincr\u00e0sia de la festivitat de Sant Blas en la capital de l&#8217;Horta Sud.<\/p>\n\n\n\n<figure class=\"wp-block-image size-large\"><img fetchpriority=\"high\" decoding=\"async\" width=\"819\" height=\"1024\" src=\"https:\/\/infotorrent.es\/wp-content\/uploads\/2026\/01\/CARTEL-RUTA-SAN-BLAI-819x1024.jpeg\" alt=\"\" class=\"wp-image-91397\" srcset=\"https:\/\/infotorrent.es\/wp-content\/uploads\/2026\/01\/CARTEL-RUTA-SAN-BLAI-819x1024.jpeg 819w, https:\/\/infotorrent.es\/wp-content\/uploads\/2026\/01\/CARTEL-RUTA-SAN-BLAI-240x300.jpeg 240w, https:\/\/infotorrent.es\/wp-content\/uploads\/2026\/01\/CARTEL-RUTA-SAN-BLAI-768x960.jpeg 768w, https:\/\/infotorrent.es\/wp-content\/uploads\/2026\/01\/CARTEL-RUTA-SAN-BLAI.jpeg 1080w\" sizes=\"(max-width: 819px) 100vw, 819px\" \/><\/figure>\n","protected":false},"excerpt":{"rendered":"<p>La Fundaci\u00f3 Espurna espera que en esta edici\u00f3n se superen los 900 participantes La Fundaci\u00f3 Espurna de la Comunitat Valenciana organitza un any m\u00e9s la Ruta de Sant Blai, que celebrar\u00e0 la seua quarta edici\u00f3 el pr\u00f2xim 29 de gener de 2026 a Torrent, en col\u00b7laboraci\u00f3 amb COPAVA i l&#8217;Ajuntament de Torrent. La iniciativa, ja [&hellip;]<\/p>\n","protected":false},"author":21,"featured_media":91397,"comment_status":"open","ping_status":"open","sticky":false,"template":"","format":"standard","meta":{"_acf_changed":false,"footnotes":""},"categories":[122,128,1143],"tags":[],"class_list":["post-91400","post","type-post","status-publish","format-standard","has-post-thumbnail","hentry","category-benestar-social","category-bienestar-social-2","category-bienestar-social-noticias-ca"],"acf":[],"_links":{"self":[{"href":"https:\/\/infotorrent.es\/ca\/wp-json\/wp\/v2\/posts\/91400","targetHints":{"allow":["GET"]}}],"collection":[{"href":"https:\/\/infotorrent.es\/ca\/wp-json\/wp\/v2\/posts"}],"about":[{"href":"https:\/\/infotorrent.es\/ca\/wp-json\/wp\/v2\/types\/post"}],"author":[{"embeddable":true,"href":"https:\/\/infotorrent.es\/ca\/wp-json\/wp\/v2\/users\/21"}],"replies":[{"embeddable":true,"href":"https:\/\/infotorrent.es\/ca\/wp-json\/wp\/v2\/comments?post=91400"}],"version-history":[{"count":1,"href":"https:\/\/infotorrent.es\/ca\/wp-json\/wp\/v2\/posts\/91400\/revisions"}],"predecessor-version":[{"id":91402,"href":"https:\/\/infotorrent.es\/ca\/wp-json\/wp\/v2\/posts\/91400\/revisions\/91402"}],"wp:featuredmedia":[{"embeddable":true,"href":"https:\/\/infotorrent.es\/ca\/wp-json\/wp\/v2\/media\/91397"}],"wp:attachment":[{"href":"https:\/\/infotorrent.es\/ca\/wp-json\/wp\/v2\/media?parent=91400"}],"wp:term":[{"taxonomy":"category","embeddable":true,"href":"https:\/\/infotorrent.es\/ca\/wp-json\/wp\/v2\/categories?post=91400"},{"taxonomy":"post_tag","embeddable":true,"href":"https:\/\/infotorrent.es\/ca\/wp-json\/wp\/v2\/tags?post=91400"}],"curies":[{"name":"wp","href":"https:\/\/api.w.org\/{rel}","templated":true}]}}