{"id":9140,"date":"2018-01-31T07:50:29","date_gmt":"2018-01-31T07:50:29","guid":{"rendered":"https:\/\/infotorrent.es\/uncategorized\/torrent-renova-la-seua-adhesio-al-programa-cultural-platea\/"},"modified":"2018-01-31T07:50:29","modified_gmt":"2018-01-31T07:50:29","slug":"torrent-renova-la-seua-adhesio-al-programa-cultural-platea","status":"publish","type":"post","link":"https:\/\/infotorrent.es\/ca\/noticies\/torrent-renova-la-seua-adhesio-al-programa-cultural-platea\/","title":{"rendered":"Torrent renova la seua adhesi\u00f3 al programa cultural PLATEA"},"content":{"rendered":"<p style=\"text-align: justify;\">La ciutat de Torrent ha sigut admesa per segon any consecutiu per a formar part del programa cultural PLATEA (Programa Estatal de Circulaci\u00f3 d&#8217;Espectacles d&#8217;Arts Esc\u00e8niques) que se celebra en espais de les diferents entitats locals.<\/p>\n<p style=\"text-align: justify;\">Aquest projecte cultural es va engegar l&#8217;any 2014 sobre la base d&#8217;un protocol de col\u00b7laboraci\u00f3 entre l\u2019INAEM i la\u00a0FEMP. A partir d&#8217;aquest acord, l\u2019INAEM ofereix un cat\u00e0leg d&#8217;espectacles de dansa, teatre i circ, elaborat per un comit\u00e8 d&#8217;experts independents, amb l\u2019objectiu d\u2019enriquir i reactivar la programaci\u00f3 cultural dels municipis garantint l\u2019acc\u00e9s de la cultura per a tots. L&#8217;Ajuntament de Torrent es va adherir per primera vegada l\u2019any 2017 a aquest programa a nivell nacional, oferint set espectacles afegits a la programaci\u00f3 en l\u2019Auditori i un en carrer.<\/p>\n<p style=\"text-align: justify;\">El desembre passat, el consistori va sol\u00b7licitar la renovaci\u00f3 de participaci\u00f3 en PLATEA per a enguany 2018, que ja ha sigut admesa pel Ministeri d&#8217;Educaci\u00f3, Cultura i Esport. Aquesta renovaci\u00f3 suposa per a Torrent mantenir l\u2019augment i diversificaci\u00f3 de l\u2019oferta art\u00edstica professional i de qualitat en la ciutat en vuit funcions de teatre, circ i dansa.<\/p>\n<p>Les funcions previstes dins del programa PLATEA per a aquesta edici\u00f3 s\u00f3n:<\/p>\n<p><strong><br \/>\nTeatre<\/strong><\/p>\n<p><em>Dos m\u00e9s dos,<\/em> amb Daniel Guzm\u00e1n, Miren\u00a0Ibarguren, Mar\u00eda Castro i \u00c1lex\u00a0Barahona.<\/p>\n<p><em>Ara tot \u00e9s de nit,<\/em> de la\u00a0Zaranda.<\/p>\n<p><em>Preferisc que siguem amics,<\/em> amb Lolita Flores i Luis\u00a0Mottola.<\/p>\n<p><em>Totes les nits d&#8217;un dia,<\/em> amb Carmelo G\u00f3mez i Ana Torrent.<\/p>\n<p><strong>Dansa<\/strong><\/p>\n<p><em>Oskara,<\/em> espectacle de dansa del guanyador de 3 Premis MAX 2017.<\/p>\n<p><strong>Circ<\/strong><br \/>\n<em><br \/>\nLunnaticus\u00a0Circus,<\/em> espectacle infantil guanyador Premi\u00a0FETEN 2016.<\/p>\n<p><em>Circ-Mur,<\/em> espectacle\u00a0circense que\u00a0intregra artistes amb discapacitat<\/p>\n","protected":false},"excerpt":{"rendered":"<p>La ciutat de Torrent ha sigut admesa per segon any consecutiu per a formar part del programa cultural PLATEA (Programa Estatal de Circulaci\u00f3 d&#8217;Espectacles d&#8217;Arts Esc\u00e8niques) que se celebra en espais de les diferents entitats locals. Aquest projecte cultural es va engegar l&#8217;any 2014 sobre la base d&#8217;un protocol de col\u00b7laboraci\u00f3 entre l\u2019INAEM i la\u00a0FEMP. [&hellip;]<\/p>\n","protected":false},"author":13,"featured_media":1137,"comment_status":"closed","ping_status":"open","sticky":false,"template":"","format":"standard","meta":{"_acf_changed":false,"footnotes":""},"categories":[117,126,116],"tags":[332],"class_list":["post-9140","post","type-post","status-publish","format-standard","has-post-thumbnail","hentry","category-cultura","category-cultura-es-2","category-noticies","tag-platea"],"acf":[],"_links":{"self":[{"href":"https:\/\/infotorrent.es\/ca\/wp-json\/wp\/v2\/posts\/9140","targetHints":{"allow":["GET"]}}],"collection":[{"href":"https:\/\/infotorrent.es\/ca\/wp-json\/wp\/v2\/posts"}],"about":[{"href":"https:\/\/infotorrent.es\/ca\/wp-json\/wp\/v2\/types\/post"}],"author":[{"embeddable":true,"href":"https:\/\/infotorrent.es\/ca\/wp-json\/wp\/v2\/users\/13"}],"replies":[{"embeddable":true,"href":"https:\/\/infotorrent.es\/ca\/wp-json\/wp\/v2\/comments?post=9140"}],"version-history":[{"count":0,"href":"https:\/\/infotorrent.es\/ca\/wp-json\/wp\/v2\/posts\/9140\/revisions"}],"wp:featuredmedia":[{"embeddable":true,"href":"https:\/\/infotorrent.es\/ca\/wp-json\/wp\/v2\/media\/1137"}],"wp:attachment":[{"href":"https:\/\/infotorrent.es\/ca\/wp-json\/wp\/v2\/media?parent=9140"}],"wp:term":[{"taxonomy":"category","embeddable":true,"href":"https:\/\/infotorrent.es\/ca\/wp-json\/wp\/v2\/categories?post=9140"},{"taxonomy":"post_tag","embeddable":true,"href":"https:\/\/infotorrent.es\/ca\/wp-json\/wp\/v2\/tags?post=9140"}],"curies":[{"name":"wp","href":"https:\/\/api.w.org\/{rel}","templated":true}]}}