{"id":91382,"date":"2026-01-22T12:19:24","date_gmt":"2026-01-22T11:19:24","guid":{"rendered":"https:\/\/infotorrent.es\/?p=91382"},"modified":"2026-01-22T12:23:59","modified_gmt":"2026-01-22T11:23:59","slug":"lauditori-acollira-el-nomenament-public-dinmaculada-puchades-com-a-reina-de-lencontre-2026","status":"publish","type":"post","link":"https:\/\/infotorrent.es\/ca\/noticias-2\/cultura-noticias-2\/lauditori-acollira-el-nomenament-public-dinmaculada-puchades-com-a-reina-de-lencontre-2026\/","title":{"rendered":"L\u2019Auditori acollir\u00e0 el Nomenament p\u00fablic d\u2019Inmaculada Puchades com a Reina de l\u2019Encontre 2026"},"content":{"rendered":"\n<p><strong>Inmaculada Puchades Vallejo estar\u00e0 acompanyada per les seues cambreres Marta Furi\u00f3 G\u00f3mez i Alexa Company Aragon\u00e9s i per la Germana Major Suprema, Mar\u00eda Teresa Puchades Benavides<\/strong><\/p>\n\n\n\n<p>La Setmana Santa de Torrent es posa oficialment en marxa de cara a les celebracions de la Passi\u00f3, Mort i Resurrecci\u00f3 de Crist en 2026 amb l\u2019acte del Nomenament P\u00fablic de la Reina de l\u2019Encontre i \u00c0ngel de la Resurrecci\u00f3 2026, Inmaculada Puchades Vallejo, que tindr\u00e0 lloc este dissabte 24 de gener a l\u2019Auditori de Torrent.<\/p>\n\n\n\n<p>Junt amb les seues cambreres, Marta Furi\u00f3 G\u00f3mez i Alexa Company Aragon\u00e9s, Inmaculada Puchades Vallejo presidir\u00e0 l\u2019escenari despr\u00e9s de rebre el seu nomenament. La Reina de l\u2019Encontre 2026 est\u00e0 presentada per la Germandat de l\u2019Ecce Homo de Torrent. Este esdeveniment marca simb\u00f2licament l\u2019inici del calendari de celebracions de la Setmana Santa torrentina, una de les tradicions amb m\u00e9s arrelament i projecci\u00f3 a la capital de l\u2019Horta Sud.<\/p>\n\n\n\n<p>El Nomenament P\u00fablic comen\u00e7ar\u00e0 amb una recepci\u00f3 oficial a la porta de l\u2019Auditori, presidida per l\u2019alcaldessa de Torrent, Amparo Folgado, qui estar\u00e0 acompanyada per la Reina de l\u2019Encontre 2025, Luc\u00eda Mora, junt amb les seues cambreres Alejandra Andreu i Irene del Molino, aix\u00ed com pel president de la Junta Central de Germandats de Setmana Santa de Torrent (JCHHSS), Jos\u00e9 Vicente Yago, i el regidor de Cultura, Aitor S\u00e1nchez. Este primer acte servir\u00e0 per a retre homenatge a la Reina eixint i acomiadar oficialment el seu regnat.<\/p>\n\n\n\n<p>Despr\u00e9s d\u2019esta despedida, l\u2019alcaldessa ser\u00e0 l\u2019encarregada d\u2019imposar a Inmaculada Puchades Vallejo la insignia que l\u2019acreditar\u00e0 com a Reina de l\u2019Encontre 2026, en un dels moments m\u00e9s solemnes de la nit.<\/p>\n\n\n\n<p>L\u2019acte estar\u00e0 presentat per Miriam Tormo i comptar\u00e0 com a mantenidor amb Albert Ses\u00e9, torrent\u00ed, catedr\u00e0tic del Departament de Psicologia de la Universitat de les Illes Balears (UIB) i Premi Carta de Poblament de Torrent 2023 a la traject\u00f2ria professional. Ses\u00e9 \u00e9s una figura de reconegut prestigi en l\u2019\u00e0mbit acad\u00e8mic i cient\u00edfic, especialitzat en metodologia i psicometria, amb una \u00e0mplia carrera docent i investigadora i nombrosos reconeixements nacionals i internacionals, entre ells el STAR Lifetime Career Award.<\/p>\n\n\n\n<p>Durant l\u2019acte, tamb\u00e9 intervindran l\u2019alcaldessa Amparo Folgado, el president de la JCHHSS, Jos\u00e9 Vicente Yago, i el consiliari, D. Jes\u00fas Corb\u00ed, els quals destacaran la import\u00e0ncia d\u2019este nomenament com a punt de partida de la Setmana Santa 2026.<\/p>\n\n\n\n<p>Un dels moments m\u00e9s esperats ser\u00e0 la pujada a l\u2019escenari dels germans majors de les diferents germandats de Setmana Santa de Torrent, junt amb la Germana Major Suprema, c\u00e0rrec que enguany ostenta Mar\u00eda Teresa Puchades Benavides. Presidenta de la Germandat de l\u2019Ecce Homo i Reina de l\u2019Encontre en 2008, Mar\u00eda Teresa Puchades acompanyar\u00e0 Inmaculada Puchades Vallejo durant tot el seu regnat en els actes oficials de la Setmana Santa 2026.<\/p>\n\n\n\n<p>La Setmana Santa de Torrent, Festa d\u2019Inter\u00e9s Tur\u00edstic Auton\u00f2mic, \u00e9s una de les festivitats religioses m\u00e9s destacades de la Comunitat Valenciana i atrau cada any centenars de visitants. Amb actes com este Nomenament P\u00fablic, la ciutat reafirma el seu comprom\u00eds amb la preservaci\u00f3 de les seues tradicions i amb la promoci\u00f3 del seu patrimoni cultural i religi\u00f3s.<\/p>\n\n\n\n<p>L\u2019acte d\u2019este dissabte ser\u00e0, sens dubte, un emotiu preludi de tot el que est\u00e0 per vindre. Inmaculada Puchades Vallejo, junt amb Marta Furi\u00f3 i Alexa Company, assumixen amb il\u00b7lusi\u00f3 i orgull el seu paper com a representants d\u2019una tradici\u00f3 profundament arrelada al cor de Torrent.<\/p>\n\n\n\n<figure class=\"wp-block-image size-large is-resized\"><img fetchpriority=\"high\" decoding=\"async\" width=\"724\" height=\"1024\" src=\"https:\/\/infotorrent.es\/wp-content\/uploads\/2026\/01\/CARTEL-REINA-ENCUENTRO-724x1024.jpeg\" alt=\"\" class=\"wp-image-91377\" style=\"width:800px;height:auto\" srcset=\"https:\/\/infotorrent.es\/wp-content\/uploads\/2026\/01\/CARTEL-REINA-ENCUENTRO-724x1024.jpeg 724w, https:\/\/infotorrent.es\/wp-content\/uploads\/2026\/01\/CARTEL-REINA-ENCUENTRO-212x300.jpeg 212w, https:\/\/infotorrent.es\/wp-content\/uploads\/2026\/01\/CARTEL-REINA-ENCUENTRO-768x1086.jpeg 768w, https:\/\/infotorrent.es\/wp-content\/uploads\/2026\/01\/CARTEL-REINA-ENCUENTRO-1086x1536.jpeg 1086w, https:\/\/infotorrent.es\/wp-content\/uploads\/2026\/01\/CARTEL-REINA-ENCUENTRO.jpeg 1131w\" sizes=\"(max-width: 724px) 100vw, 724px\" \/><\/figure>\n","protected":false},"excerpt":{"rendered":"<p>Inmaculada Puchades Vallejo estar\u00e0 acompanyada per les seues cambreres Marta Furi\u00f3 G\u00f3mez i Alexa Company Aragon\u00e9s i per la Germana Major Suprema, Mar\u00eda Teresa Puchades Benavides La Setmana Santa de Torrent es posa oficialment en marxa de cara a les celebracions de la Passi\u00f3, Mort i Resurrecci\u00f3 de Crist en 2026 amb l\u2019acte del Nomenament [&hellip;]<\/p>\n","protected":false},"author":21,"featured_media":91377,"comment_status":"open","ping_status":"open","sticky":false,"template":"","format":"standard","meta":{"_acf_changed":false,"footnotes":""},"categories":[1215,756,1173],"tags":[],"class_list":["post-91382","post","type-post","status-publish","format-standard","has-post-thumbnail","hentry","category-auditori-de-torrent-ca","category-cultura-noticias-2","category-semana-santa-ca"],"acf":[],"_links":{"self":[{"href":"https:\/\/infotorrent.es\/ca\/wp-json\/wp\/v2\/posts\/91382","targetHints":{"allow":["GET"]}}],"collection":[{"href":"https:\/\/infotorrent.es\/ca\/wp-json\/wp\/v2\/posts"}],"about":[{"href":"https:\/\/infotorrent.es\/ca\/wp-json\/wp\/v2\/types\/post"}],"author":[{"embeddable":true,"href":"https:\/\/infotorrent.es\/ca\/wp-json\/wp\/v2\/users\/21"}],"replies":[{"embeddable":true,"href":"https:\/\/infotorrent.es\/ca\/wp-json\/wp\/v2\/comments?post=91382"}],"version-history":[{"count":1,"href":"https:\/\/infotorrent.es\/ca\/wp-json\/wp\/v2\/posts\/91382\/revisions"}],"predecessor-version":[{"id":91384,"href":"https:\/\/infotorrent.es\/ca\/wp-json\/wp\/v2\/posts\/91382\/revisions\/91384"}],"wp:featuredmedia":[{"embeddable":true,"href":"https:\/\/infotorrent.es\/ca\/wp-json\/wp\/v2\/media\/91377"}],"wp:attachment":[{"href":"https:\/\/infotorrent.es\/ca\/wp-json\/wp\/v2\/media?parent=91382"}],"wp:term":[{"taxonomy":"category","embeddable":true,"href":"https:\/\/infotorrent.es\/ca\/wp-json\/wp\/v2\/categories?post=91382"},{"taxonomy":"post_tag","embeddable":true,"href":"https:\/\/infotorrent.es\/ca\/wp-json\/wp\/v2\/tags?post=91382"}],"curies":[{"name":"wp","href":"https:\/\/api.w.org\/{rel}","templated":true}]}}