{"id":91372,"date":"2026-01-22T10:33:01","date_gmt":"2026-01-22T09:33:01","guid":{"rendered":"https:\/\/infotorrent.es\/?p=91372"},"modified":"2026-01-22T10:39:24","modified_gmt":"2026-01-22T09:39:24","slug":"lajuntament-presenta-a-la-ciutadania-els-grans-projectes-de-lagenda-urbana-de-reconstruccio-per-a-construir-una-ciutat-mes-segura-i-preparada","status":"publish","type":"post","link":"https:\/\/infotorrent.es\/ca\/noticies\/urbanisme\/lajuntament-presenta-a-la-ciutadania-els-grans-projectes-de-lagenda-urbana-de-reconstruccio-per-a-construir-una-ciutat-mes-segura-i-preparada\/","title":{"rendered":"L&#8217;ajuntament presenta a la ciutadania els grans projectes de l&#8217;Agenda Urbana de Reconstrucci\u00f3 per a construir una ciutat m\u00e9s segura i preparada"},"content":{"rendered":"\n<p><strong>Torrent avan\u00e7a cap a una reconstrucci\u00f3 amb l&#8217;Agenda Urbana de Reconstrucci\u00f3 i un Pla d&#8217;Actuaci\u00f3 Integrat de 12,6 milions d&#8217;euros<\/strong><\/p>\n\n\n\n<p><strong>Una inversi\u00f3 destinada a garantir aigua, vivenda, seguretat i capacitat de resposta<\/strong><\/p>\n\n\n\n<p><strong>L&#8217;Ajuntament escolta la ciutadania i obri un canal per a arreplegar propostes:&nbsp;<a href=\"https:\/\/forms.office.com\/e\/3rfkjqbwjm\" target=\"_blank\" rel=\"noreferrer noopener\">https:\/\/forms.office.com\/e\/3rfkjqbwjm<\/a><\/strong><\/p>\n\n\n\n<p>L&#8217;Ajuntament de Torrent ha celebrat una jornada informativa i divulgativa dirigida a la ciutadania i als col\u00b7lectius ve\u00efnals per a explicar el proc\u00e9s d&#8217;elaboraci\u00f3 de l&#8217;Agenda Urbana de Reconstrucci\u00f3 de Torrent i els projectes estrat\u00e8gics presentats al Pla d&#8217;Actuaci\u00f3 Integrat (PAI) de la convocat\u00f2ria EDIL Reconstrucci\u00f3 DANA, emmarcada en el Fons Europeu de Desenrotllament Regional (FEDER) i destinada a Entitats Locals.<\/p>\n\n\n\n<p>La jornada, que va tindre lloc ahir dimecres a la Casa de la Cultura, va servir per a informar i fomentar la participaci\u00f3 ciutadana en una de les estrat\u00e8gies m\u00e9s rellevants per al futur de la ciutat despr\u00e9s de la DANA del 29 d&#8217;octubre de 2024, que va evidenciar la vulnerabilitat de Torrent enfront de fen\u00f2mens clim\u00e0tics extrems i la necessitat de reconstruir millor, amb criteris de seguretat, resili\u00e8ncia i cohesi\u00f3 social.<\/p>\n\n\n\n<p><strong>Una Agenda Urbana per a reconstruir i preparar Torrent per al futur<\/strong><\/p>\n\n\n\n<p>L&#8217;Agenda Urbana de Reconstrucci\u00f3 de Torrent constitu\u00efx el marc estrat\u00e8gic que ordena i dona coher\u00e8ncia a totes les actuacions municipals de recuperaci\u00f3, reconstrucci\u00f3 i resili\u00e8ncia, alineades amb els principis de l&#8217;Agenda Urbana Espanyola i amb una visi\u00f3 integral de ciutat.<\/p>\n\n\n\n<p>Lluny de limitar-se a reparar danys, els projectes aposten per transformar Torrent en una ciutat m\u00e9s segura, m\u00e9s ben preparada i amb major qualitat de vida, incorporant criteris de sostenibilitat, adaptaci\u00f3 als reptes clim\u00e0tics, protecci\u00f3 de les persones i enfortiment dels servicis p\u00fablics essencials.<\/p>\n\n\n\n<p>Esta Agenda Urbana es va presentar com una ferramenta viva, oberta a la participaci\u00f3 de la ciutadania, que permet prioritzar inversions, coordinar recursos de diferents administracions i garantir que cada actuaci\u00f3 responga a necessitats reals detectades despr\u00e9s de la DANA, integrant tant les actuacions d&#8217;emerg\u00e8ncia ja executades com les de recuperaci\u00f3, reconstrucci\u00f3 i resili\u00e8ncia a mitj\u00e0 i llarg termini.<\/p>\n\n\n\n<p><strong>Un pla amb inversions concretes i objectius definits<\/strong><\/p>\n\n\n\n<p>En este marc, l&#8217;Ajuntament de Torrent ha explicat els quatre projectes estrat\u00e8gics presentats al Pla d&#8217;Actuaci\u00f3 Integrat EDIL-DANA, amb una inversi\u00f3 total de 12,6 milions d&#8217;euros, orientats a protegir la poblaci\u00f3, garantir servicis b\u00e0sics, refor\u00e7ar la cohesi\u00f3 social i millorar la capacitat de resposta davant emerg\u00e8ncies.<\/p>\n\n\n\n<p>1. Tanc de tempestes en el sector Parc Central<\/p>\n\n\n\n<p>Este projecte donar\u00e0 resposta a un dels punts m\u00e9s vulnerables del municipi enfront de les pluges torrencials. El tanc de tempestes subterrani, amb una inversi\u00f3 de 2,5 milions d&#8217;euros, permetr\u00e0 arreplegar i laminar l&#8217;exc\u00e9s d&#8217;aigua en episodis de pluges intenses, evitant inundacions recurrents en carrers, vivendes i comer\u00e7os de l&#8217;entorn del Parc Central.<\/p>\n\n\n\n<p>Durant la jornada es va explicar que els esdeveniments torrencials actuals superen la capacitat de disseny de les xarxes municipals de pluvials, pensades per a escenaris ja superats pel canvi clim\u00e0tic, per la qual cosa esta infraestructura permetr\u00e0 millorar el funcionament del sistema hidr\u00e0ulic urb\u00e0, reduir la pressi\u00f3 sobre la xarxa existent i minimitzar els danys materials i riscos per a la seguretat de les persones.<\/p>\n\n\n\n<p>L&#8217;actuaci\u00f3 suposa un salt qualitatiu en la protecci\u00f3 enfront d&#8217;inundacions, contribu\u00efx a la millora ambiental de l&#8217;entorn urb\u00e0 i refor\u00e7a l&#8217;adaptaci\u00f3 de la ciutat al canvi clim\u00e0tic, beneficiant al conjunt de la ciutadania.<\/p>\n\n\n\n<p>2. Nou dep\u00f2sit d&#8217;aigua potable en l&#8217;Avinguda Vedat<\/p>\n\n\n\n<p>La DANA va deixar sense aigua potable a Torrent en quedar inutilitzades les seues dos principals fonts de subministrament. El nou dep\u00f2sit de prove\u00efment en l&#8217;Avinguda Vedat, amb una inversi\u00f3 de 4,7 milions d&#8217;euros, permetr\u00e0 augmentar de manera significativa la capacitat d&#8217;emmagatzematge d&#8217;aigua potable i garantir l&#8217;autonomia h\u00eddrica de la ciutat davant futures emerg\u00e8ncies.<\/p>\n\n\n\n<p>Durant la jornada es va posar en relleu que la destrucci\u00f3 del canal X\u00faquer-T\u00faria i de l&#8217;aq\u00fceducte dels pous municipals va obligar a rec\u00f3rrer a solucions provisionals, la qual cosa va evidenciar la vulnerabilitat del sistema de prove\u00efment. Esta nova infraestructura estrat\u00e8gica permetr\u00e0 assegurar el subministrament urb\u00e0 d&#8217;aigua potable, fins i tot en situacions de col\u00b7lapse de les infraestructures principals.<\/p>\n\n\n\n<p>El projecte refor\u00e7a la resili\u00e8ncia d&#8217;un servici b\u00e0sic essencial, redu\u00efx la depend\u00e8ncia de recursos externs en situacions cr\u00edtiques i millora la seguretat i qualitat de vida de la poblaci\u00f3.<\/p>\n\n\n\n<p>3. Construcci\u00f3 de vivendes socials en Benisaet<\/p>\n\n\n\n<p>La DANA va posar de manifest la necessitat de comptar amb solucions residencials segures i permanents per a reallotjar a persones afectades i atendre col\u00b7lectius vulnerables. El projecte de vivendes socials en Benisaet, amb una inversi\u00f3 de 4,2 milions d&#8217;euros, permetr\u00e0 disposar d&#8217;un parc p\u00fablic de vivenda preparat per a situacions d&#8217;emerg\u00e8ncia, al mateix temps que dona resposta a necessitats socials estructurals del municipi.<\/p>\n\n\n\n<p>Durant la jornada es va recordar que desenes de vivendes situades en zones pr\u00f2ximes als barrancs van quedar en ru\u00efna, obligant a reallotjaments prolongats en condicions d&#8217;emerg\u00e8ncia. Esta actuaci\u00f3 permetr\u00e0 garantir vivendes dignes, assequibles i resilients, reduint la depend\u00e8ncia d&#8217;allotjaments temporals i refor\u00e7ant la cohesi\u00f3 social.<\/p>\n\n\n\n<p>El projecte es concep com una ferramenta clau per a protegir les fam\u00edlies m\u00e9s vulnerables i preparar a la ciutat per a futures crisis clim\u00e0tiques.<\/p>\n\n\n\n<p>4. Infraestructures TIC per a la prevenci\u00f3, coordinaci\u00f3 i resili\u00e8ncia davant cat\u00e0strofes<\/p>\n\n\n\n<p>Este projecte tecnol\u00f2gic, amb una inversi\u00f3 de 1,2 milions d&#8217;euros, integra sens\u00f2rica h\u00eddrica i pluvial, cambres de control de cabal, un quadre de comandament del CECOPAL, panells informatius urbans, comunicacions satel\u00b7lit\u00e0ries de suport i una plataforma de suport a la gesti\u00f3 d&#8217;emerg\u00e8ncies basada en intel\u00b7lig\u00e8ncia artificial.<\/p>\n\n\n\n<p>Durant la jornada es va explicar que la xarxa de sens\u00f2rica permetr\u00e0 monitorar en temps real els barrancs i punts cr\u00edtics, anticipar situacions de risc i activar alertes conforme als protocols establits. Tota la informaci\u00f3 se centralitzar\u00e0 en el CECOPAL, facilitant una presa de decisions coordinada i basada en dades.<\/p>\n\n\n\n<p>El projecte inclou a m\u00e9s panells informatius urbans per a emerg\u00e8ncies, una xarxa de comunicacions satel\u00b7lit\u00e0ries aut\u00f2nomes que garantisca la connectivitat en escenaris de col\u00b7lapse de xarxes comercials, i la realitzaci\u00f3 de simulacres multirisc i accions formatives, orientades a convertir la tecnologia en capacitat real de resposta per a servicis municipals i ciutadania.<\/p>\n\n\n\n<p><strong>Una inversi\u00f3 de 12,6 milions per a protegir les persones i millorar la ciutat<\/strong><\/p>\n\n\n\n<p>La suma d&#8217;estos quatre projectes ascendix a una inversi\u00f3 total de 12,6 milions d&#8217;euros, que l&#8217;Ajuntament de Torrent ha sol\u00b7licitat dins de la convocat\u00f2ria PAI EDIL-Reconstrucci\u00f3 DANA, amb cofinan\u00e7ament europeu FEDER.<\/p>\n\n\n\n<p>Es tracta d&#8217;inversions estructurals, pensades no sols per a reparar els danys patits, sin\u00f3 per a evitar que tornen a repetir-se, protegint els barris m\u00e9s vulnerables, garantint servicis essencials i construint una ciutat m\u00e9s preparada per al futur.<\/p>\n\n\n\n<p>L&#8217;alcaldessa de Torrent ha subratllat que&nbsp;<strong>\u201cla DANA va evidenciar car\u00e8ncies estructurals que ara abordem amb planificaci\u00f3, rigor t\u00e8cnic i visi\u00f3 de futur, incorporant infraestructures que reforcen la resili\u00e8ncia urbana i redu\u00efxen riscos reals. Esta estrat\u00e8gia ens permet passar de l&#8217;emerg\u00e8ncia a la transformaci\u00f3, planificant una ciutat m\u00e9s segura, m\u00e9s justa i m\u00e9s ben preparada per a protegir les persones davant qualsevol adversitat\u201d.<\/strong><\/p>\n\n\n\n<p><strong>\u201cEsta Agenda Urbana de Reconstrucci\u00f3 ens permet prendre decisions amb m\u00e8tode, amb dades i amb responsabilitat. \u00c9s la manera d&#8217;assegurar que cada inversi\u00f3 p\u00fablica que es realitze tinga un impacte real en la seguretat, el benestar i la protecci\u00f3 dels nostres ve\u00efns, especialment en un context clim\u00e0tic cada vegada m\u00e9s exigent\u201d<\/strong>, ha destacat Folgado.<\/p>\n\n\n\n<p>En esta l\u00ednia, ha afegit que&nbsp;<strong>\u201cels projectes del Pla d&#8217;Actuaci\u00f3 Integrat no s\u00f3n actuacions a\u00efllades, sin\u00f3 una inversi\u00f3 coherent i pensada per a garantir aigua, vivenda, seguretat i capacitat de resposta, que \u00e9s el que esperen i mereixen els ve\u00efns de Torrent\u201d.<\/strong><\/p>\n\n\n\n<p>Per part seua, el regidor d&#8217;Urbanisme, Jos\u00e9 Gozalvo ha assenyalat que&nbsp;<strong>\u201cel PAI EDIL-DANA permet transformar una experi\u00e8ncia traum\u00e0tica en una oportunitat per a millorar la ciutat, ordenant el creixement urb\u00e0, protegint els servicis b\u00e0sics i anticipant-nos a escenaris clim\u00e0tics cada vegada m\u00e9s extrems\u201d.<\/strong><\/p>\n\n\n\n<p><strong>\u201cLa planificaci\u00f3 que estem desenrotllant dota a Torrent d&#8217;una base s\u00f2lida per a afrontar futures emerg\u00e8ncies amb major capacitat d&#8217;anticipaci\u00f3 i resposta. Incorporar criteris de resili\u00e8ncia urbana en el disseny de la ciutat \u00e9s hui una necessitat, i este pla ens permet fer-lo de forma ordenada i coherent\u201d<\/strong>, ha manifestat Gozalvo.<\/p>\n\n\n\n<p><strong>Informaci\u00f3 i participaci\u00f3 ciutadana<\/strong><\/p>\n\n\n\n<p>La jornada celebrada el 21 de gener a la Casa de la Cultura va permetre a la ciutadania con\u00e9ixer de primera m\u00e0 els projectes, plantejar dubtes i realitzar aportacions, refor\u00e7ant el comprom\u00eds de l&#8217;Ajuntament de Torrent amb la transpar\u00e8ncia, la participaci\u00f3 i la corresponsabilitat en la reconstrucci\u00f3 de la ciutat.<\/p>\n\n\n\n<p>Durant la jornada s&#8217;ha posat en valor la import\u00e0ncia d&#8217;implicar la ciutadania en el proc\u00e9s de reconstrucci\u00f3, no sols com a destinat\u00e0ria de les actuacions, sin\u00f3 com a part activa en la construcci\u00f3 d&#8217;una cultura de la prevenci\u00f3 i la resili\u00e8ncia.<\/p>\n\n\n\n<p>L&#8217;Ajuntament de Torrent ha refor\u00e7at el car\u00e0cter participatiu de l&#8217;Agenda Urbana de Reconstrucci\u00f3, i ha habilitat un formulari de participaci\u00f3 ciutadana perqu\u00e8 ve\u00efns, associacions i col\u00b7lectius puguen traslladar les seues aportacions, propostes i suggeriments. El formulari est\u00e0 disponible en el seg\u00fcent enlla\u00e7: <a href=\"https:\/\/forms.office.com\/e\/3rfkjqbwjm\" target=\"_blank\" rel=\"noreferrer noopener\">https:\/\/forms.office.com\/e\/3rfkjqbwjm<\/a><\/p>\n\n\n\n<figure class=\"wp-block-image size-large\"><img fetchpriority=\"high\" decoding=\"async\" width=\"1024\" height=\"683\" src=\"https:\/\/infotorrent.es\/wp-content\/uploads\/2026\/01\/2-39-1024x683.jpg\" alt=\"\" class=\"wp-image-91362\" srcset=\"https:\/\/infotorrent.es\/wp-content\/uploads\/2026\/01\/2-39-1024x683.jpg 1024w, https:\/\/infotorrent.es\/wp-content\/uploads\/2026\/01\/2-39-300x200.jpg 300w, https:\/\/infotorrent.es\/wp-content\/uploads\/2026\/01\/2-39-768x512.jpg 768w, https:\/\/infotorrent.es\/wp-content\/uploads\/2026\/01\/2-39.jpg 1080w\" sizes=\"(max-width: 1024px) 100vw, 1024px\" \/><\/figure>\n\n\n\n<figure class=\"wp-block-gallery has-nested-images columns-default is-cropped wp-block-gallery-1 is-layout-flex wp-block-gallery-is-layout-flex\">\n<figure class=\"wp-block-image size-large\"><img decoding=\"async\" width=\"1024\" height=\"683\" data-id=\"91369\" src=\"https:\/\/infotorrent.es\/wp-content\/uploads\/2026\/01\/5-23-1024x683.jpg\" alt=\"\" class=\"wp-image-91369\" srcset=\"https:\/\/infotorrent.es\/wp-content\/uploads\/2026\/01\/5-23-1024x683.jpg 1024w, https:\/\/infotorrent.es\/wp-content\/uploads\/2026\/01\/5-23-300x200.jpg 300w, https:\/\/infotorrent.es\/wp-content\/uploads\/2026\/01\/5-23-768x512.jpg 768w, https:\/\/infotorrent.es\/wp-content\/uploads\/2026\/01\/5-23.jpg 1080w\" sizes=\"(max-width: 1024px) 100vw, 1024px\" \/><\/figure>\n\n\n\n<figure class=\"wp-block-image size-large\"><img decoding=\"async\" width=\"1024\" height=\"683\" data-id=\"91367\" src=\"https:\/\/infotorrent.es\/wp-content\/uploads\/2026\/01\/4-31-1024x683.jpg\" alt=\"\" class=\"wp-image-91367\" srcset=\"https:\/\/infotorrent.es\/wp-content\/uploads\/2026\/01\/4-31-1024x683.jpg 1024w, https:\/\/infotorrent.es\/wp-content\/uploads\/2026\/01\/4-31-300x200.jpg 300w, https:\/\/infotorrent.es\/wp-content\/uploads\/2026\/01\/4-31-768x512.jpg 768w, https:\/\/infotorrent.es\/wp-content\/uploads\/2026\/01\/4-31.jpg 1080w\" sizes=\"(max-width: 1024px) 100vw, 1024px\" \/><\/figure>\n\n\n\n<figure class=\"wp-block-image size-large\"><img loading=\"lazy\" decoding=\"async\" width=\"1024\" height=\"683\" data-id=\"91360\" src=\"https:\/\/infotorrent.es\/wp-content\/uploads\/2026\/01\/1-51-1024x683.jpg\" alt=\"\" class=\"wp-image-91360\" srcset=\"https:\/\/infotorrent.es\/wp-content\/uploads\/2026\/01\/1-51-1024x683.jpg 1024w, https:\/\/infotorrent.es\/wp-content\/uploads\/2026\/01\/1-51-300x200.jpg 300w, https:\/\/infotorrent.es\/wp-content\/uploads\/2026\/01\/1-51-768x512.jpg 768w, https:\/\/infotorrent.es\/wp-content\/uploads\/2026\/01\/1-51.jpg 1080w\" sizes=\"(max-width: 1024px) 100vw, 1024px\" \/><\/figure>\n\n\n\n<figure class=\"wp-block-image size-large\"><img loading=\"lazy\" decoding=\"async\" width=\"1024\" height=\"683\" data-id=\"91358\" src=\"https:\/\/infotorrent.es\/wp-content\/uploads\/2026\/01\/3-34-1024x683.jpg\" alt=\"\" class=\"wp-image-91358\" srcset=\"https:\/\/infotorrent.es\/wp-content\/uploads\/2026\/01\/3-34-1024x683.jpg 1024w, https:\/\/infotorrent.es\/wp-content\/uploads\/2026\/01\/3-34-300x200.jpg 300w, https:\/\/infotorrent.es\/wp-content\/uploads\/2026\/01\/3-34-768x512.jpg 768w, https:\/\/infotorrent.es\/wp-content\/uploads\/2026\/01\/3-34.jpg 1080w\" sizes=\"(max-width: 1024px) 100vw, 1024px\" \/><\/figure>\n<\/figure>\n","protected":false},"excerpt":{"rendered":"<p>Torrent avan\u00e7a cap a una reconstrucci\u00f3 amb l&#8217;Agenda Urbana de Reconstrucci\u00f3 i un Pla d&#8217;Actuaci\u00f3 Integrat de 12,6 milions d&#8217;euros Una inversi\u00f3 destinada a garantir aigua, vivenda, seguretat i capacitat de resposta L&#8217;Ajuntament escolta la ciutadania i obri un canal per a arreplegar propostes:&nbsp;https:\/\/forms.office.com\/e\/3rfkjqbwjm L&#8217;Ajuntament de Torrent ha celebrat una jornada informativa i divulgativa dirigida [&hellip;]<\/p>\n","protected":false},"author":21,"featured_media":91362,"comment_status":"open","ping_status":"open","sticky":false,"template":"","format":"standard","meta":{"_acf_changed":false,"footnotes":""},"categories":[141,1190,1217,155,1135,133,1160,140],"tags":[],"class_list":["post-91372","post","type-post","status-publish","format-standard","has-post-thumbnail","hentry","category-alcaldia-2","category-ayuntamiento-de-torrent-ca","category-dana-ca","category-gestio-ciutat","category-gestion-ciudad-2","category-urbanisme","category-urbanismo-noticias-ca","category-urbanismo-3"],"acf":[],"_links":{"self":[{"href":"https:\/\/infotorrent.es\/ca\/wp-json\/wp\/v2\/posts\/91372","targetHints":{"allow":["GET"]}}],"collection":[{"href":"https:\/\/infotorrent.es\/ca\/wp-json\/wp\/v2\/posts"}],"about":[{"href":"https:\/\/infotorrent.es\/ca\/wp-json\/wp\/v2\/types\/post"}],"author":[{"embeddable":true,"href":"https:\/\/infotorrent.es\/ca\/wp-json\/wp\/v2\/users\/21"}],"replies":[{"embeddable":true,"href":"https:\/\/infotorrent.es\/ca\/wp-json\/wp\/v2\/comments?post=91372"}],"version-history":[{"count":1,"href":"https:\/\/infotorrent.es\/ca\/wp-json\/wp\/v2\/posts\/91372\/revisions"}],"predecessor-version":[{"id":91374,"href":"https:\/\/infotorrent.es\/ca\/wp-json\/wp\/v2\/posts\/91372\/revisions\/91374"}],"wp:featuredmedia":[{"embeddable":true,"href":"https:\/\/infotorrent.es\/ca\/wp-json\/wp\/v2\/media\/91362"}],"wp:attachment":[{"href":"https:\/\/infotorrent.es\/ca\/wp-json\/wp\/v2\/media?parent=91372"}],"wp:term":[{"taxonomy":"category","embeddable":true,"href":"https:\/\/infotorrent.es\/ca\/wp-json\/wp\/v2\/categories?post=91372"},{"taxonomy":"post_tag","embeddable":true,"href":"https:\/\/infotorrent.es\/ca\/wp-json\/wp\/v2\/tags?post=91372"}],"curies":[{"name":"wp","href":"https:\/\/api.w.org\/{rel}","templated":true}]}}