{"id":91339,"date":"2026-01-22T09:51:07","date_gmt":"2026-01-22T08:51:07","guid":{"rendered":"https:\/\/infotorrent.es\/?p=91339"},"modified":"2026-01-22T09:54:45","modified_gmt":"2026-01-22T08:54:45","slug":"torrent-reforca-la-seua-aposta-per-la-convivencia-i-el-dialeg-amb-la-celebracio-del-dia-europeu-de-la-mediacio","status":"publish","type":"post","link":"https:\/\/infotorrent.es\/ca\/noticies\/benestar-social\/torrent-reforca-la-seua-aposta-per-la-convivencia-i-el-dialeg-amb-la-celebracio-del-dia-europeu-de-la-mediacio\/","title":{"rendered":"Torrent refor\u00e7a la seua aposta per la conviv\u00e8ncia i el di\u00e0leg amb la celebraci\u00f3 del Dia Europeu de la Mediaci\u00f3"},"content":{"rendered":"\n<p><strong>La jornada va reunir experts de l&#8217;\u00e0mbit acad\u00e8mic, social, educatiu i policial i va situar a Torrent com a referent en mediaci\u00f3 ciutadana i intercultural<\/strong><\/p>\n\n\n\n<p>L&#8217;Ajuntament de Torrent va celebrar en la vesprada d&#8217;ahir, en la Sala d&#8217;actes de l&#8217;Ajuntament, el Dia Europeu de la Mediaci\u00f3, una jornada institucional i divulgativa que va convertir a la ciutat en un espai de reflexi\u00f3 i trobada entorn de la mediaci\u00f3 com a ferramenta clau per a la conviv\u00e8ncia, la cohesi\u00f3 social i la resoluci\u00f3 pac\u00edfica de conflictes. Sota el lema \u201cTorrent, ciutat de la mediaci\u00f3. Cap a un m\u00f3n sense conflictes\u201d, l&#8217;acte va congregar a membres de l&#8217;equip de govern, professionals i experts de diferents \u00e0mbits, aix\u00ed com a ve\u00efns i ve\u00efnes interessats en la construcci\u00f3 d&#8217;una societat m\u00e9s dialogant i cohesionada.<\/p>\n\n\n\n<p>La jornada va posar de manifest el comprom\u00eds de l&#8217;Ajuntament de Torrent amb una manera d&#8217;entendre l&#8217;acci\u00f3 p\u00fablica basada en l&#8217;escolta, el di\u00e0leg i la corresponsabilitat, especialment en un context social marcat per la diversitat cultural i els reptes derivats de la conviv\u00e8ncia en entorns urbans complexos. Al llarg de la vesprada es va abordar el paper de la mediaci\u00f3 ciutadana, intercultural i institucional com a instrument preventiu, capa\u00e7 d&#8217;anticipar-se als conflictes i de generar espais d&#8217;enteniment i confian\u00e7a.<\/p>\n\n\n\n<p>L&#8217;acte va ser inaugurat per l&#8217;alcaldessa de Torrent, Amparo Folgado, al costat de la fil\u00f2sofa i escriptora Rosa Mar\u00eda Rodr\u00edguez Magda, exdirectora de la Fundaci\u00f3 Val\u00e8ncia III Mil\u00b7lenni\u2013UNESCO. En la seua intervenci\u00f3, l&#8217;alcaldessa va subratllar que&nbsp;<strong>\u201chui no sols celebrem una data assenyalada, sin\u00f3 que reafirmem una manera d&#8217;entendre la ciutat i el servici p\u00fablic, basada en el di\u00e0leg, l&#8217;escolta activa i el respecte mutu\u201d<\/strong>. Folgado va destacar a m\u00e9s que&nbsp;<strong>\u201cTorrent \u00e9s una ciutat profundament diversa, i eixa diversitat no \u00e9s nom\u00e9s una dada, sin\u00f3 una responsabilitat col\u00b7lectiva que ens obliga a dotar-nos de ferramentes per a conviure millor\u201d.<\/strong><\/p>\n\n\n\n<p>Durant la jornada es va recordar que Torrent compta amb una poblaci\u00f3 de 93.856 persones de 114 nacionalitats, una realitat que convertix a la ciutat en un espai de conviv\u00e8ncia multicultural que requerix pol\u00edtiques p\u00fabliques capaces de gestionar la diversitat des del coneixement, la proximitat i la prevenci\u00f3 de conflictes. En este sentit, l&#8217;alcaldessa va remarcar que&nbsp;<strong>\u201cles ciutats som el primer espai d&#8217;acolliment i hem de comptar amb an\u00e0lisis rigoroses i ferramentes eficaces per a donar respostes des de la proximitat\u201d.<\/strong><\/p>\n\n\n\n<p>Amparo Folgado va afegir que&nbsp;<strong>\u201cla mediaci\u00f3 no \u00e9s una pol\u00edtica puntual, sin\u00f3 una manera de governar i de relacionar-nos com a ciutat. Apostar per la mediaci\u00f3 \u00e9s apostar per previndre abans que reparar, per escoltar abans que imposar i per construir consensos que reforcen la conviv\u00e8ncia i la cohesi\u00f3 social\u201d<\/strong>. Aix\u00ed mateix, va subratllar que&nbsp;<strong>\u201cTorrent vol continuar avan\u00e7ant com una ciutat que acull, que ent\u00e9n la seua diversitat com una fortalesa i que treballa cada dia perqu\u00e8 el respecte i el di\u00e0leg siguen senyes d&#8217;identitat\u201d.<\/strong><\/p>\n\n\n\n<p>El programa va continuar amb la presentaci\u00f3 de la Guia de la Mediaci\u00f3 Ciutadana, a c\u00e0rrec de Rafael Monz\u00f3, president de l&#8217;Associaci\u00f3 Val\u00e8ncia\/Mediterrani per a la UNESCO, una publicaci\u00f3 concebuda per a acostar la mediaci\u00f3 a la ciutadania com a via d&#8217;entesa i resoluci\u00f3 pac\u00edfica de conflictes en l&#8217;\u00e0mbit comunitari.<\/p>\n\n\n\n<p>Un dels moments centrals de la jornada va ser la taula de debat \u201cLa Mediaci\u00f3, cam\u00ed cap a la Pau\u201d, moderada per Pascual Casa\u00f1, vicepresident de l&#8217;Associaci\u00f3 Val\u00e8ncia\/Mediterrani per a la UNESCO. En ella van participar Juan Manuel Vera, professor i director del Laboratori de Valors, que va abordar la mediaci\u00f3 des de l&#8217;\u00e0mbit educatiu; Ihab Fahmy, president de la Uni\u00f3 de Comunitats Isl\u00e0miques de la Comunitat Valenciana i coordinador d&#8217;Educaci\u00f3 de la Comissi\u00f3 Isl\u00e0mica d&#8217;Espanya, que va reflexionar sobre la mediaci\u00f3 intercultural; Jos\u00e9 Carlos de Bartolom\u00e9 Cenzano, professor titular de Dret Constitucional i Ci\u00e8ncia Pol\u00edtica de la Universitat de Val\u00e8ncia, que va analitzar la mediaci\u00f3 internacional com a ferramenta geoestrat\u00e8gica; i Rosa Ort\u00ed Mateu, Filla Predilecta de Torrent i Carmelita de la Caritat-Vedruna, que va aportar una visi\u00f3 humana i social de la mediaci\u00f3 com a esperan\u00e7a.<\/p>\n\n\n\n<p>Dins d&#8217;este espai, va destacar la intervenci\u00f3 de l&#8217;inspector de la Policia Local de Torrent, Venancio Avi\u00f1\u00f3, responsable de la Unitat de Mediaci\u00f3 i Enlla\u00e7 Comunitari, qui va centrar la seua pon\u00e8ncia en la figura de l&#8217;interlocutor policial de les multicultures. Avi\u00f1\u00f3 va explicar que&nbsp;<strong>\u201cla mediaci\u00f3 policial permet anticipar-se als conflictes, reduir tensions derivades de malentesos culturals i transformar els problemes en oportunitats d&#8217;enteniment\u201d<\/strong>. Segons l&#8217;inspector,&nbsp;<strong>\u201cl&#8217;autoritat no la dona l&#8217;uniforme, sin\u00f3 l&#8217;educaci\u00f3, la coher\u00e8ncia i la capacitat de generar confian\u00e7a; eixa \u00e9s la base de l&#8217;autoritat moral\u201d.<\/strong><\/p>\n\n\n\n<p>El responsable policial va defendre un model de seguretat basat en la proximitat, l&#8217;escolta activa i la sensibilitat cultural, assenyalant que&nbsp;<strong>\u201cl&#8217;interlocutor policial actua com un mediador imparcial que bastix ponts entre la instituci\u00f3 i la ciutadania, afavorint una conviv\u00e8ncia m\u00e9s segura i respectuosa\u201d<\/strong>. Aix\u00ed mateix, va posar en valor la import\u00e0ncia de la formaci\u00f3 cont\u00ednua, la coordinaci\u00f3 amb altres servicis p\u00fablics i la participaci\u00f3 comunit\u00e0ria com a pilars per a enfortir la percepci\u00f3 de seguretat.<\/p>\n\n\n\n<p>Venancio Avi\u00f1\u00f3 va remarcar que&nbsp;<strong>\u201cla mediaci\u00f3 policial no substitu\u00efx a la funci\u00f3 de garantir l&#8217;orde p\u00fablic, sin\u00f3 que la complementa i la refor\u00e7a\u201d<\/strong>, assenyalant que&nbsp;<strong>\u201cquan la ciutadania percep a la policia com una instituci\u00f3 pr\u00f2xima, capa\u00e7 d&#8217;escoltar i d&#8217;acompanyar en la gesti\u00f3 dels conflictes, s&#8217;enfortix la confian\u00e7a i millora la seguretat real i percebuda\u201d<\/strong>. Avi\u00f1\u00f3 va insistir que&nbsp;<strong>\u201cla conviv\u00e8ncia es constru\u00efx des de la legitimitat, la coher\u00e8ncia i l&#8217;autoritat moral, i eixe \u00e9s el cam\u00ed que estem recorrent a Torrent\u201d.<\/strong><\/p>\n\n\n\n<p>La jornada va concloure amb la projecci\u00f3 del Premi Internacional Lysistrata de Mediaci\u00f3, un reconeixement al comprom\u00eds internacional amb la cultura de la pau, i va estar condu\u00efda per Carmen La\u00ednez, directora del programa \u201cEncreuament de Camins\u201d de la Universitat Polit\u00e8cnica de Val\u00e8ncia, consolidant un format participatiu i obert.<\/p>\n\n\n\n<p>Des de l&#8217;Ajuntament de Torrent es va valorar molt positivament el desenrotllament de la jornada, que s&#8217;emmarca en una estrat\u00e8gia municipal m\u00e9s \u00e0mplia que situa la mediaci\u00f3 com a eix transversal de les pol\u00edtiques de conviv\u00e8ncia, seguretat i cohesi\u00f3 social. Una l\u00ednia de treball que refor\u00e7a el paper de Torrent com a ciutat compromesa amb la resoluci\u00f3 pac\u00edfica de conflictes i amb la construcci\u00f3 d&#8217;un model de conviv\u00e8ncia basat en el respecte, la inclusi\u00f3 i el di\u00e0leg.<\/p>\n\n\n\n<figure class=\"wp-block-image size-large\"><img fetchpriority=\"high\" decoding=\"async\" width=\"1024\" height=\"683\" src=\"https:\/\/infotorrent.es\/wp-content\/uploads\/2026\/01\/5-22-1024x683.jpg\" alt=\"\" class=\"wp-image-91336\" srcset=\"https:\/\/infotorrent.es\/wp-content\/uploads\/2026\/01\/5-22-1024x683.jpg 1024w, https:\/\/infotorrent.es\/wp-content\/uploads\/2026\/01\/5-22-300x200.jpg 300w, https:\/\/infotorrent.es\/wp-content\/uploads\/2026\/01\/5-22-768x512.jpg 768w, https:\/\/infotorrent.es\/wp-content\/uploads\/2026\/01\/5-22.jpg 1080w\" sizes=\"(max-width: 1024px) 100vw, 1024px\" \/><\/figure>\n\n\n\n<figure class=\"wp-block-gallery has-nested-images columns-default is-cropped wp-block-gallery-1 is-layout-flex wp-block-gallery-is-layout-flex\">\n<figure class=\"wp-block-image size-large\"><img decoding=\"async\" width=\"1024\" height=\"683\" data-id=\"91330\" src=\"https:\/\/infotorrent.es\/wp-content\/uploads\/2026\/01\/6-17-1024x683.jpg\" alt=\"\" class=\"wp-image-91330\" srcset=\"https:\/\/infotorrent.es\/wp-content\/uploads\/2026\/01\/6-17-1024x683.jpg 1024w, https:\/\/infotorrent.es\/wp-content\/uploads\/2026\/01\/6-17-300x200.jpg 300w, https:\/\/infotorrent.es\/wp-content\/uploads\/2026\/01\/6-17-768x512.jpg 768w, https:\/\/infotorrent.es\/wp-content\/uploads\/2026\/01\/6-17.jpg 1080w\" sizes=\"(max-width: 1024px) 100vw, 1024px\" \/><\/figure>\n\n\n\n<figure class=\"wp-block-image size-large\"><img decoding=\"async\" width=\"1024\" height=\"683\" data-id=\"91334\" src=\"https:\/\/infotorrent.es\/wp-content\/uploads\/2026\/01\/1-50-1024x683.jpg\" alt=\"\" class=\"wp-image-91334\" srcset=\"https:\/\/infotorrent.es\/wp-content\/uploads\/2026\/01\/1-50-1024x683.jpg 1024w, https:\/\/infotorrent.es\/wp-content\/uploads\/2026\/01\/1-50-300x200.jpg 300w, https:\/\/infotorrent.es\/wp-content\/uploads\/2026\/01\/1-50-768x512.jpg 768w, https:\/\/infotorrent.es\/wp-content\/uploads\/2026\/01\/1-50.jpg 1080w\" sizes=\"(max-width: 1024px) 100vw, 1024px\" \/><\/figure>\n\n\n\n<figure class=\"wp-block-image size-large\"><img loading=\"lazy\" decoding=\"async\" width=\"1024\" height=\"768\" data-id=\"91332\" src=\"https:\/\/infotorrent.es\/wp-content\/uploads\/2026\/01\/7-5-1024x768.jpg\" alt=\"\" class=\"wp-image-91332\" srcset=\"https:\/\/infotorrent.es\/wp-content\/uploads\/2026\/01\/7-5-1024x768.jpg 1024w, https:\/\/infotorrent.es\/wp-content\/uploads\/2026\/01\/7-5-300x225.jpg 300w, https:\/\/infotorrent.es\/wp-content\/uploads\/2026\/01\/7-5-768x576.jpg 768w, https:\/\/infotorrent.es\/wp-content\/uploads\/2026\/01\/7-5-1536x1152.jpg 1536w, https:\/\/infotorrent.es\/wp-content\/uploads\/2026\/01\/7-5.jpg 1600w\" sizes=\"(max-width: 1024px) 100vw, 1024px\" \/><\/figure>\n\n\n\n<figure class=\"wp-block-image size-large\"><img loading=\"lazy\" decoding=\"async\" width=\"1024\" height=\"683\" data-id=\"91328\" src=\"https:\/\/infotorrent.es\/wp-content\/uploads\/2026\/01\/3-33-1024x683.jpg\" alt=\"\" class=\"wp-image-91328\" srcset=\"https:\/\/infotorrent.es\/wp-content\/uploads\/2026\/01\/3-33-1024x683.jpg 1024w, https:\/\/infotorrent.es\/wp-content\/uploads\/2026\/01\/3-33-300x200.jpg 300w, https:\/\/infotorrent.es\/wp-content\/uploads\/2026\/01\/3-33-768x512.jpg 768w, https:\/\/infotorrent.es\/wp-content\/uploads\/2026\/01\/3-33.jpg 1080w\" sizes=\"(max-width: 1024px) 100vw, 1024px\" \/><\/figure>\n\n\n\n<figure class=\"wp-block-image size-large\"><img loading=\"lazy\" decoding=\"async\" width=\"1024\" height=\"768\" data-id=\"91326\" src=\"https:\/\/infotorrent.es\/wp-content\/uploads\/2026\/01\/9-4-1024x768.jpg\" alt=\"\" class=\"wp-image-91326\" srcset=\"https:\/\/infotorrent.es\/wp-content\/uploads\/2026\/01\/9-4-1024x768.jpg 1024w, https:\/\/infotorrent.es\/wp-content\/uploads\/2026\/01\/9-4-300x225.jpg 300w, https:\/\/infotorrent.es\/wp-content\/uploads\/2026\/01\/9-4-768x576.jpg 768w, https:\/\/infotorrent.es\/wp-content\/uploads\/2026\/01\/9-4-1536x1152.jpg 1536w, https:\/\/infotorrent.es\/wp-content\/uploads\/2026\/01\/9-4.jpg 1600w\" sizes=\"(max-width: 1024px) 100vw, 1024px\" \/><\/figure>\n\n\n\n<figure class=\"wp-block-image size-large\"><img loading=\"lazy\" decoding=\"async\" width=\"1024\" height=\"768\" data-id=\"91324\" src=\"https:\/\/infotorrent.es\/wp-content\/uploads\/2026\/01\/8-2-1024x768.jpg\" alt=\"\" class=\"wp-image-91324\" srcset=\"https:\/\/infotorrent.es\/wp-content\/uploads\/2026\/01\/8-2-1024x768.jpg 1024w, https:\/\/infotorrent.es\/wp-content\/uploads\/2026\/01\/8-2-300x225.jpg 300w, https:\/\/infotorrent.es\/wp-content\/uploads\/2026\/01\/8-2-768x576.jpg 768w, https:\/\/infotorrent.es\/wp-content\/uploads\/2026\/01\/8-2-1536x1152.jpg 1536w, https:\/\/infotorrent.es\/wp-content\/uploads\/2026\/01\/8-2.jpg 1600w\" sizes=\"(max-width: 1024px) 100vw, 1024px\" \/><\/figure>\n<\/figure>\n","protected":false},"excerpt":{"rendered":"<p>La jornada va reunir experts de l&#8217;\u00e0mbit acad\u00e8mic, social, educatiu i policial i va situar a Torrent com a referent en mediaci\u00f3 ciutadana i intercultural L&#8217;Ajuntament de Torrent va celebrar en la vesprada d&#8217;ahir, en la Sala d&#8217;actes de l&#8217;Ajuntament, el Dia Europeu de la Mediaci\u00f3, una jornada institucional i divulgativa que va convertir a [&hellip;]<\/p>\n","protected":false},"author":21,"featured_media":91336,"comment_status":"open","ping_status":"open","sticky":false,"template":"","format":"standard","meta":{"_acf_changed":false,"footnotes":""},"categories":[141,122,128,1143],"tags":[],"class_list":["post-91339","post","type-post","status-publish","format-standard","has-post-thumbnail","hentry","category-alcaldia-2","category-benestar-social","category-bienestar-social-2","category-bienestar-social-noticias-ca"],"acf":[],"_links":{"self":[{"href":"https:\/\/infotorrent.es\/ca\/wp-json\/wp\/v2\/posts\/91339","targetHints":{"allow":["GET"]}}],"collection":[{"href":"https:\/\/infotorrent.es\/ca\/wp-json\/wp\/v2\/posts"}],"about":[{"href":"https:\/\/infotorrent.es\/ca\/wp-json\/wp\/v2\/types\/post"}],"author":[{"embeddable":true,"href":"https:\/\/infotorrent.es\/ca\/wp-json\/wp\/v2\/users\/21"}],"replies":[{"embeddable":true,"href":"https:\/\/infotorrent.es\/ca\/wp-json\/wp\/v2\/comments?post=91339"}],"version-history":[{"count":1,"href":"https:\/\/infotorrent.es\/ca\/wp-json\/wp\/v2\/posts\/91339\/revisions"}],"predecessor-version":[{"id":91341,"href":"https:\/\/infotorrent.es\/ca\/wp-json\/wp\/v2\/posts\/91339\/revisions\/91341"}],"wp:featuredmedia":[{"embeddable":true,"href":"https:\/\/infotorrent.es\/ca\/wp-json\/wp\/v2\/media\/91336"}],"wp:attachment":[{"href":"https:\/\/infotorrent.es\/ca\/wp-json\/wp\/v2\/media?parent=91339"}],"wp:term":[{"taxonomy":"category","embeddable":true,"href":"https:\/\/infotorrent.es\/ca\/wp-json\/wp\/v2\/categories?post=91339"},{"taxonomy":"post_tag","embeddable":true,"href":"https:\/\/infotorrent.es\/ca\/wp-json\/wp\/v2\/tags?post=91339"}],"curies":[{"name":"wp","href":"https:\/\/api.w.org\/{rel}","templated":true}]}}