{"id":9129,"date":"2018-01-30T07:27:08","date_gmt":"2018-01-30T07:27:08","guid":{"rendered":"https:\/\/infotorrent.es\/uncategorized\/torrent-celebra-el-dia-de-larbre-amb-una-completa-programacio-dactivitats-en-familia\/"},"modified":"2018-01-30T07:27:08","modified_gmt":"2018-01-30T07:27:08","slug":"torrent-celebra-el-dia-de-larbre-amb-una-completa-programacio-dactivitats-en-familia","status":"publish","type":"post","link":"https:\/\/infotorrent.es\/ca\/noticies\/torrent-celebra-el-dia-de-larbre-amb-una-completa-programacio-dactivitats-en-familia\/","title":{"rendered":"Torrent celebra el Dia de l&#8217;Arbre amb una completa programaci\u00f3 d&#8217;activitats en fam\u00edlia"},"content":{"rendered":"<p style=\"text-align: justify;\">Amb motiu del Dia de l&#8217;Arbre, el Centre Ambiental del Vedat va acollir, durant el cap de setmana, diferents activitats mediambientals per a gaudir en fam\u00edlia. Dissabte de mat\u00ed, la Delegaci\u00f3 de Medi Ambient del consistori va organitzar, en les instal\u00b7lacions del centre, una jornada de portes obertes on els assistents gaudiren de m\u00fasica en directe, contacontes, tallers i rutes pel Vedat.<br \/>\n<a href=\"https:\/\/www.infotorrent.es\/wp-content\/uploads\/2018\/01\/IMG_4843b-2.jpg\"><img fetchpriority=\"high\" decoding=\"async\" class=\"wp-image-9777 aligncenter\" src=\"https:\/\/www.infotorrent.es\/wp-content\/uploads\/2018\/01\/IMG_4843b-2.jpg\" alt=\"\" width=\"552\" height=\"368\" \/><\/a><\/p>\n<p style=\"text-align: justify;\">El Centre Ambiental tamb\u00e9 va acollir la Mostreta de Pesca Artesanal Mediterr\u00e0nia amb una taula redona amb el t\u00edtol \u201cEl mercat de la Terra\u201d, i un men\u00fa degustaci\u00f3 de peix de temporada. En esta confer\u00e8ncia es va debatre sobre els problemes que afecten les nostres costes i l&#8217;Albufera.<\/p>\n<p style=\"text-align: justify;\"><a href=\"https:\/\/www.infotorrent.es\/wp-content\/uploads\/2018\/01\/IMG_4878b-2-copia.jpg\"><img decoding=\"async\" class=\"wp-image-9781 aligncenter\" src=\"https:\/\/www.infotorrent.es\/wp-content\/uploads\/2018\/01\/IMG_4878b-2-copia.jpg\" alt=\"\" width=\"552\" height=\"368\" \/><\/a><\/p>\n<p style=\"text-align: justify;\">Diumenge, els xicotets de la casa van descobrir les mat\u00e8ries primeres que s\u2019extrauen de la natura i els seus usos en el taller \u201cPintem la natura\u201d. El mateix dia, des de la Delegaci\u00f3 de Medi Ambient de l\u2019Ajuntament es va organitzar el taller \u201cNengo Dangos\u201d, on els menuts van realitzar boles d\u2019argila farcides de llavors per a, m\u00e9s tard, plantar-les i que, en un temps, donaran vida a nous arbres.<\/p>\n<p>Totes estes activitats, que van tindre un bon acolliment malgrat les condicions meteorol\u00f2giques, es van fer en commemoraci\u00f3 del Dia de l&#8217;Arbre que se celebra hui, dia 29 de gener.<\/p>\n","protected":false},"excerpt":{"rendered":"<p>Amb motiu del Dia de l&#8217;Arbre, el Centre Ambiental del Vedat va acollir, durant el cap de setmana, diferents activitats mediambientals per a gaudir en fam\u00edlia. Dissabte de mat\u00ed, la Delegaci\u00f3 de Medi Ambient del consistori va organitzar, en les instal\u00b7lacions del centre, una jornada de portes obertes on els assistents gaudiren de m\u00fasica en [&hellip;]<\/p>\n","protected":false},"author":13,"featured_media":9131,"comment_status":"closed","ping_status":"open","sticky":false,"template":"","format":"standard","meta":{"_acf_changed":false,"footnotes":""},"categories":[119,116],"tags":[840],"class_list":["post-9129","post","type-post","status-publish","format-standard","has-post-thumbnail","hentry","category-medi-ambient","category-noticies","tag-medi-ambient"],"acf":[],"_links":{"self":[{"href":"https:\/\/infotorrent.es\/ca\/wp-json\/wp\/v2\/posts\/9129","targetHints":{"allow":["GET"]}}],"collection":[{"href":"https:\/\/infotorrent.es\/ca\/wp-json\/wp\/v2\/posts"}],"about":[{"href":"https:\/\/infotorrent.es\/ca\/wp-json\/wp\/v2\/types\/post"}],"author":[{"embeddable":true,"href":"https:\/\/infotorrent.es\/ca\/wp-json\/wp\/v2\/users\/13"}],"replies":[{"embeddable":true,"href":"https:\/\/infotorrent.es\/ca\/wp-json\/wp\/v2\/comments?post=9129"}],"version-history":[{"count":0,"href":"https:\/\/infotorrent.es\/ca\/wp-json\/wp\/v2\/posts\/9129\/revisions"}],"wp:featuredmedia":[{"embeddable":true,"href":"https:\/\/infotorrent.es\/ca\/wp-json\/wp\/v2\/media\/9131"}],"wp:attachment":[{"href":"https:\/\/infotorrent.es\/ca\/wp-json\/wp\/v2\/media?parent=9129"}],"wp:term":[{"taxonomy":"category","embeddable":true,"href":"https:\/\/infotorrent.es\/ca\/wp-json\/wp\/v2\/categories?post=9129"},{"taxonomy":"post_tag","embeddable":true,"href":"https:\/\/infotorrent.es\/ca\/wp-json\/wp\/v2\/tags?post=9129"}],"curies":[{"name":"wp","href":"https:\/\/api.w.org\/{rel}","templated":true}]}}