{"id":91276,"date":"2026-01-21T09:33:41","date_gmt":"2026-01-21T08:33:41","guid":{"rendered":"https:\/\/infotorrent.es\/?p=91276"},"modified":"2026-01-21T09:37:43","modified_gmt":"2026-01-21T08:37:43","slug":"les-biblioteques-municipals-de-torrent-reforcen-el-seu-paper-cultural-i-educatiu-amb-una-intensa-programacio-per-al-primer-trimestre-de-2026","status":"publish","type":"post","link":"https:\/\/infotorrent.es\/ca\/noticies\/cultura\/les-biblioteques-municipals-de-torrent-reforcen-el-seu-paper-cultural-i-educatiu-amb-una-intensa-programacio-per-al-primer-trimestre-de-2026\/","title":{"rendered":"Les biblioteques municipals de Torrent reforcen el seu paper cultural i educatiu amb una intensa programaci\u00f3 per al primer trimestre de 2026"},"content":{"rendered":"\n<p><strong>Compte Oficial Instagram: @bpmtorrent<\/strong><\/p>\n\n\n\n<p>L&#8217;Ajuntament de Torrent, a trav\u00e9s de l&#8217;\u00e0rea de Cultura, ha preparat una completa i variada programaci\u00f3 d&#8217;activitats a les biblioteques municipals per al primer trimestre de 2026, amb propostes que es desenrotllaran des de gener i durant els mesos de febrer i mar\u00e7, dirigides a p\u00fablics de totes les edats i pensades per a fomentar l&#8217;h\u00e0bit lector, la creativitat, l&#8217;aprenentatge i la conviv\u00e8ncia entorn dels llibres.<\/p>\n\n\n\n<p>La programaci\u00f3 es desenrotllar\u00e0 principalment a la Biblioteca Metre i a la Casa de la Cultura, espais que es consoliden com a punts de trobada cultural de refer\u00e8ncia a la ciutat, i que acolliran contacontes, clubs de lectura en castell\u00e0 i en angl\u00e9s, activitats inclusives adaptades a persones amb necessitats especials, aix\u00ed com campanyes educatives dirigides a l&#8217;alumnat de Prim\u00e0ria.<\/p>\n\n\n\n<p><strong>La narraci\u00f3 oral i els contacontes en valenci\u00e0, eix central de la programaci\u00f3<\/strong><\/p>\n\n\n\n<p>A partir del 21 de gener, la narraci\u00f3 oral torna a ocupar un lloc destacat en l&#8217;agenda cultural municipal. Eixe dia, la Casa de la Cultura acollir\u00e0 una sessi\u00f3 de contacontes a c\u00e0rrec de Chemago, centrada en el poder transformador de la lectura. A esta cita li seguiran, els dies 22 i 23 de gener, dos sessions de contacontes adaptats per a persones amb necessitats especials, organitzades a la Biblioteca Metre en col\u00b7laboraci\u00f3 amb Kummerlin, refor\u00e7ant aix\u00ed el comprom\u00eds municipal amb una cultura accessible i inclusiva.<\/p>\n\n\n\n<p>Durant els mesos de febrer i mar\u00e7, la programaci\u00f3 continuar\u00e0 amb noves sessions de contacontes tant a la Biblioteca Metre com a la Casa de la Cultura, amb narracions pensades per al p\u00fablic infantil i familiar, abordant tem\u00e0tiques com la imaginaci\u00f3, les emocions, la diversitat o l&#8217;aventura, de la m\u00e0 de narradors i narradores com Laia, Sus\u00fa o Chemago. Estes activitats es completaran amb sessions espec\u00edfiques adaptades, que permeten garantir la participaci\u00f3 de tots els xiquets i xiquetes, independentment de les seues necessitats.<\/p>\n\n\n\n<p><strong>Clubs de lectura per a fomentar l&#8217;h\u00e0bit lector i l&#8217;aprenentatge d&#8217;idiomes<\/strong><\/p>\n\n\n\n<p>Els clubs de lectura mantenen tamb\u00e9 un protagonisme destacat dins de la programaci\u00f3 trimestral. Al llarg de febrer i mar\u00e7 se celebraran noves sessions del Club de Lectura en castell\u00e0, aix\u00ed com del Club de Lectura en angl\u00e9s, amb propostes liter\u00e0ries que afavorixen tant l&#8217;h\u00e0bit lector com l&#8217;aprenentatge d&#8217;idiomes en un entorn participatiu i pr\u00f2xim.<\/p>\n\n\n\n<p>Especial rellev\u00e0ncia tindr\u00e0 la sessi\u00f3 del Club de Lectura en castell\u00e0 que se celebrar\u00e0 a la fi de gener a la Casa de la Cultura i que comptar\u00e0 amb la participaci\u00f3 de l&#8217;autora Aurora R\u00faa, una proposta que combina el foment de la lectura amb la trobada directa entre lectors i creadores liter\u00e0ries, afavorint el di\u00e0leg cultural i l&#8217;intercanvi d&#8217;experi\u00e8ncies entorn de la literatura.<\/p>\n\n\n\n<p><strong>Acostar les biblioteques als m\u00e9s j\u00f3vens des d&#8217;edats primerenques<\/strong><\/p>\n\n\n\n<p>La programaci\u00f3 del primer trimestre inclou tamb\u00e9 la campanya educativa \u201cConeix la teua biblioteca\u201d, dirigida a l&#8217;alumnat de 3r de Prim\u00e0ria, que es desenrotllar\u00e0 entre febrer i principis de mar\u00e7 tant a la Biblioteca Metre com a la Casa de la Cultura. A trav\u00e9s d&#8217;esta iniciativa, l&#8217;Ajuntament de Torrent acosta els servicis bibliotecaris als m\u00e9s j\u00f3vens, promovent des d&#8217;edats primerenques l&#8217;\u00fas habitual de les biblioteques com a espais de lectura, estudi i aprenentatge.<\/p>\n\n\n\n<p><strong>Cultura pr\u00f2xima i dimensi\u00f3 social de les biblioteques municipals<\/strong><\/p>\n\n\n\n<p>De manera paral\u00b7lela, les biblioteques municipals continuen desenrotllant activitats d&#8217;animaci\u00f3 lectora en resid\u00e8ncies de persones majors durant el mes de gener, refor\u00e7ant aix\u00ed la seua dimensi\u00f3 social i la seua vocaci\u00f3 d&#8217;arribar a tots els col\u00b7lectius de la ciutat, utilitzant la lectura com a ferramenta de benestar, companyia i estimulaci\u00f3 cultural.<\/p>\n\n\n\n<p>El regidor de Cultura de l&#8217;Ajuntament de Torrent ha destacat la import\u00e0ncia d&#8217;esta programaci\u00f3 com a ferramenta de cohesi\u00f3 i creixement cultural per a la ciutat. En este sentit, ha assenyalat que&nbsp;<strong>\u201cles biblioteques municipals de Torrent s\u00f3n molt m\u00e9s que espais de pr\u00e9stec de llibres; s\u00f3n llocs vius, oberts i din\u00e0mics, on es fomenta la lectura, l&#8217;educaci\u00f3 i la participaci\u00f3 cultural des d&#8217;una perspectiva inclusiva i accessible per a tots\u201d.<\/strong><\/p>\n\n\n\n<p>Aix\u00ed mateix, l&#8217;edil ha subratllat que&nbsp;<strong>\u201camb esta programaci\u00f3 del primer trimestre de 2026 continuem apostant per acostar la cultura i l&#8217;h\u00e0bit lector a totes les edats, oferint activitats de qualitat que reforcen el paper de les biblioteques com a espais de trobada, aprenentatge i conviv\u00e8ncia\u201d.<\/strong><\/p>\n\n\n\n<p>Finalment, el regidor ha posat en valor el treball del personal bibliotecari i dels professionals que participen en les activitats, destacant que&nbsp;<strong>\u201cdarrere de cada sessi\u00f3 hi ha un esfor\u00e7 constant i comprom\u00e9s perqu\u00e8 la cultura arribe a tota la ciutadania i perqu\u00e8 Torrent continue avan\u00e7ant com una ciutat que creu fermament en la lectura i en l&#8217;acc\u00e9s universal a la cultura\u201d.<\/strong><\/p>\n\n\n\n<figure class=\"wp-block-image size-large\"><img fetchpriority=\"high\" decoding=\"async\" width=\"1024\" height=\"682\" src=\"https:\/\/infotorrent.es\/wp-content\/uploads\/2026\/01\/2-37-1024x682.jpg\" alt=\"\" class=\"wp-image-91273\" srcset=\"https:\/\/infotorrent.es\/wp-content\/uploads\/2026\/01\/2-37-1024x682.jpg 1024w, https:\/\/infotorrent.es\/wp-content\/uploads\/2026\/01\/2-37-300x200.jpg 300w, https:\/\/infotorrent.es\/wp-content\/uploads\/2026\/01\/2-37-768x512.jpg 768w, https:\/\/infotorrent.es\/wp-content\/uploads\/2026\/01\/2-37-1536x1023.jpg 1536w, https:\/\/infotorrent.es\/wp-content\/uploads\/2026\/01\/2-37.jpg 1600w\" sizes=\"(max-width: 1024px) 100vw, 1024px\" \/><\/figure>\n\n\n\n<figure class=\"wp-block-image size-large\"><img decoding=\"async\" width=\"1024\" height=\"768\" src=\"https:\/\/infotorrent.es\/wp-content\/uploads\/2026\/01\/1-49-1024x768.jpg\" alt=\"\" class=\"wp-image-91271\" srcset=\"https:\/\/infotorrent.es\/wp-content\/uploads\/2026\/01\/1-49-1024x768.jpg 1024w, https:\/\/infotorrent.es\/wp-content\/uploads\/2026\/01\/1-49-300x225.jpg 300w, https:\/\/infotorrent.es\/wp-content\/uploads\/2026\/01\/1-49-768x576.jpg 768w, https:\/\/infotorrent.es\/wp-content\/uploads\/2026\/01\/1-49-1536x1152.jpg 1536w, https:\/\/infotorrent.es\/wp-content\/uploads\/2026\/01\/1-49.jpg 1600w\" sizes=\"(max-width: 1024px) 100vw, 1024px\" \/><\/figure>\n","protected":false},"excerpt":{"rendered":"<p>Compte Oficial Instagram: @bpmtorrent L&#8217;Ajuntament de Torrent, a trav\u00e9s de l&#8217;\u00e0rea de Cultura, ha preparat una completa i variada programaci\u00f3 d&#8217;activitats a les biblioteques municipals per al primer trimestre de 2026, amb propostes que es desenrotllaran des de gener i durant els mesos de febrer i mar\u00e7, dirigides a p\u00fablics de totes les edats i [&hellip;]<\/p>\n","protected":false},"author":21,"featured_media":91273,"comment_status":"open","ping_status":"open","sticky":false,"template":"","format":"standard","meta":{"_acf_changed":false,"footnotes":""},"categories":[756,1132,117,126],"tags":[],"class_list":["post-91276","post","type-post","status-publish","format-standard","has-post-thumbnail","hentry","category-cultura-noticias-2","category-cultura-ca","category-cultura","category-cultura-es-2"],"acf":[],"_links":{"self":[{"href":"https:\/\/infotorrent.es\/ca\/wp-json\/wp\/v2\/posts\/91276","targetHints":{"allow":["GET"]}}],"collection":[{"href":"https:\/\/infotorrent.es\/ca\/wp-json\/wp\/v2\/posts"}],"about":[{"href":"https:\/\/infotorrent.es\/ca\/wp-json\/wp\/v2\/types\/post"}],"author":[{"embeddable":true,"href":"https:\/\/infotorrent.es\/ca\/wp-json\/wp\/v2\/users\/21"}],"replies":[{"embeddable":true,"href":"https:\/\/infotorrent.es\/ca\/wp-json\/wp\/v2\/comments?post=91276"}],"version-history":[{"count":1,"href":"https:\/\/infotorrent.es\/ca\/wp-json\/wp\/v2\/posts\/91276\/revisions"}],"predecessor-version":[{"id":91278,"href":"https:\/\/infotorrent.es\/ca\/wp-json\/wp\/v2\/posts\/91276\/revisions\/91278"}],"wp:featuredmedia":[{"embeddable":true,"href":"https:\/\/infotorrent.es\/ca\/wp-json\/wp\/v2\/media\/91273"}],"wp:attachment":[{"href":"https:\/\/infotorrent.es\/ca\/wp-json\/wp\/v2\/media?parent=91276"}],"wp:term":[{"taxonomy":"category","embeddable":true,"href":"https:\/\/infotorrent.es\/ca\/wp-json\/wp\/v2\/categories?post=91276"},{"taxonomy":"post_tag","embeddable":true,"href":"https:\/\/infotorrent.es\/ca\/wp-json\/wp\/v2\/tags?post=91276"}],"curies":[{"name":"wp","href":"https:\/\/api.w.org\/{rel}","templated":true}]}}