{"id":91236,"date":"2026-01-19T14:34:27","date_gmt":"2026-01-19T13:34:27","guid":{"rendered":"https:\/\/infotorrent.es\/?p=91236"},"modified":"2026-01-19T14:39:56","modified_gmt":"2026-01-19T13:39:56","slug":"lauditori-de-torrent-presenta-la-seua-programacio-per-al-primer-semestre-de-lany","status":"publish","type":"post","link":"https:\/\/infotorrent.es\/ca\/cultura-es-2\/lauditori-de-torrent-presenta-la-seua-programacio-per-al-primer-semestre-de-lany\/","title":{"rendered":"L\u2019Auditori de Torrent presenta la seua programaci\u00f3 per al primer semestre de l&#8217;any"},"content":{"rendered":"\n<p>Un total de 25 espectacles conformen l&#8217;oferta de m\u00fasica i arts esc\u00e8niques de L\u2019Auditori de Torrent per als primers mesos de l&#8217;any. Un ampli ventall de propostes teatrals, concerts, teatre, dansa, \u00f2pera, m\u00e0gia\u2026, que componen una programaci\u00f3 variada i de qualitat dirigida a p\u00fablics diversos.<\/p>\n\n\n\n<p>En l&#8217;apartat l\u00edric, dos dels t\u00edtols m\u00e9s representats del repertori: La Revetla del Colom de Tom\u00e1s Bret\u00f3n a c\u00e0rrec de la Companyia M\u00f3n L\u00edric (7 de febrer) i La Boh\u00e8me de G. Puccini, de la m\u00e0 d&#8217;\u00d2pera 2001 (27 de mar\u00e7).<\/p>\n\n\n\n<p>El gran Jos\u00e9 Sacrist\u00e1n inaugura el cartell de teatre amb El fill de la c\u00f2mica (14 de febrer). Pastora Vega i Pablo Carbonell s\u00f3n els protagonistes de la com\u00e8dia G\u00e8nere de dubtes (1 de mar\u00e7). Tots els \u00e0ngels van al\u00e7ar el vol (28 de mar\u00e7) \u00e9s l&#8217;\u00faltim treball de La Zaranda, una de les companyies m\u00e9s emblem\u00e0tiques del teatre espanyol, amb quasi mig segle de traject\u00f2ria. A l&#8217;abril podrem veure en escena a Ana Duato, protagonista de La M\u00fasica de Marguerite Dures (19 d&#8217;abril), i a Toni Acosta encarnant a Una mare de pel\u00b7l\u00edcula (24 d&#8217;abril). Carles Sans vindr\u00e0 a acomiadar-se dels escenaris amb el seu \u00faltim espectacle Per fi em vaig! (2 de maig). La temporada de teatre es tanca amb una proposta \u00edntima i brutalment honesta, protagonitzada per F\u00e9lix G\u00f3mez i Noem\u00ed Ruiz, Si alguna vegada va haver-hi un nosaltres (6 de juny). Dos companyies valencianes amb s\u00f2lides carreres completen l&#8217;oferta de teatre per a estos mesos: Albena Teatre amb Regala\u2019m esta nit (27 de febrer) i L&#8217;Horta Teatre amb Postals (16 de maig). I per als m\u00e9s xiquets, Garfi i l&#8217;Illa del Tresor (22 de mar\u00e7) una proposta de teatre musical d&#8217;Olympia Metropolitana.<\/p>\n\n\n\n<p>La dansa tamb\u00e9 t\u00e9 el seu buit en la programaci\u00f3 d&#8217;estos mesos, que acull a la companyia Alicia Soto Fullaraca amb el seu espectacle Paisatges Humans (7 de mar\u00e7), que commemora els 30 anys de la companyia.<\/p>\n\n\n\n<p>Una de les cites m\u00e9s consolidades en l&#8217;Auditori de Torrent durant el primer trimestre de l&#8217;any \u00e9s el Festival Brassurround Torrent (del 20 al 22 de febrer), organitzat pel prestigi\u00f3s quintet de metalls Spanish Brass, que enguany actuar\u00e0 en el concert inaugural al costat del Cor de la Generalitat Valenciana. Tamb\u00e9 podrem gaudir del mestratge de Chano Gil, Sime\u00f3n Galduf, Jos\u00e9 Luis Sogorb i J\u00f3zsef Bazsinka en el Concert de Solistes, i d&#8217;un divertit concert de clausura amb la banda femenina Balkan Paradise Orchestra.<\/p>\n\n\n\n<p>Tamb\u00e9 en estos mesos se celebra el Cicle de M\u00fasica Antiga i Barroca, que enguany comptar\u00e0 amb les actuacions de Mara Aranda amb el programa de m\u00fasica sefardita Geografies de la Di\u00e0spora (8 de mar\u00e7), Camerata L\u00edrica amb l&#8217;Stabat Mater de L. Boccherini (29 de mar\u00e7) i Capella de Ministrers amb la seua proposta sobre el naixement de l&#8217;\u00f2pera Arie e Lamenti (26 d&#8217;abril).<\/p>\n\n\n\n<p>En l&#8217;apartat simf\u00f2nic, tindrem ocasi\u00f3 d&#8217;escoltar un dels grans t\u00edtols del repertori cl\u00e0ssic, La Tercera de Mahler (28 de febrer), una simfonia coral que arribar\u00e0 al nostre escenari de la m\u00e0 de l&#8217;Orquestra Simf\u00f2nica ESMAR, Xicotets Cantors de Val\u00e8ncia, Cor de Dons A cau d\u2019orella, i la mezzosoprano Lorena Valero, sota la direcci\u00f3 de Pascual Cabanes.<\/p>\n\n\n\n<p>Completen l&#8217;apartat musical l&#8217;espectacle GlamourTango. El tango amb pell de dona (11 d&#8217;abril), l&#8217;actuaci\u00f3 del grup Novembre El\u00e8ctric presentant el seu \u00faltim treball Tarongers: Deu anys en un dia ( 25 d&#8217;abril) i 4pop.es, un espectacle del Quartet de corda Val\u00e8ncia amb versions dels majors \u00e8xits del pop-rock espanyol (22 de maig).<\/p>\n\n\n\n<p>La part m\u00e9s l\u00fadica i divertida de l&#8217;oferta cultural de l\u2019Auditori de Torrent arriba de la m\u00e0 de Goyo Jim\u00e9nez i el seu mon\u00f2leg America Forever: The Final Recalfat (6 d&#8217;abril) i del Mag Orbit i el seu \u00faltim espectacle de m\u00e0gia estil Las Vegas, Acer 2.0 (18 d&#8217;abril).<\/p>\n\n\n\n<p>Entrades a la venda en www.auditoritorrent.com i en les taquilles de l\u2019Auditori (dijous de 17 a 20 h, divendres d&#8217;11 a 13 h i des de 2 hores abans del comen\u00e7ament de cada espectacle).<\/p>\n\n\n\n<figure class=\"wp-block-image size-large\"><img fetchpriority=\"high\" decoding=\"async\" width=\"1024\" height=\"683\" src=\"https:\/\/infotorrent.es\/wp-content\/uploads\/2026\/01\/LaMusica_WEB_1600x1067-1024x683.jpg\" alt=\"\" class=\"wp-image-91233\" srcset=\"https:\/\/infotorrent.es\/wp-content\/uploads\/2026\/01\/LaMusica_WEB_1600x1067-1024x683.jpg 1024w, https:\/\/infotorrent.es\/wp-content\/uploads\/2026\/01\/LaMusica_WEB_1600x1067-300x200.jpg 300w, https:\/\/infotorrent.es\/wp-content\/uploads\/2026\/01\/LaMusica_WEB_1600x1067-768x512.jpg 768w, https:\/\/infotorrent.es\/wp-content\/uploads\/2026\/01\/LaMusica_WEB_1600x1067-1536x1024.jpg 1536w, https:\/\/infotorrent.es\/wp-content\/uploads\/2026\/01\/LaMusica_WEB_1600x1067.jpg 1600w\" sizes=\"(max-width: 1024px) 100vw, 1024px\" \/><\/figure>\n\n\n\n<figure class=\"wp-block-gallery has-nested-images columns-default is-cropped wp-block-gallery-1 is-layout-flex wp-block-gallery-is-layout-flex\">\n<figure class=\"wp-block-image size-large\"><img decoding=\"async\" width=\"730\" height=\"1024\" data-id=\"91231\" src=\"https:\/\/infotorrent.es\/wp-content\/uploads\/2026\/01\/una-madre-de-pelicula-730x1024.jpg\" alt=\"\" class=\"wp-image-91231\" srcset=\"https:\/\/infotorrent.es\/wp-content\/uploads\/2026\/01\/una-madre-de-pelicula-730x1024.jpg 730w, https:\/\/infotorrent.es\/wp-content\/uploads\/2026\/01\/una-madre-de-pelicula-214x300.jpg 214w, https:\/\/infotorrent.es\/wp-content\/uploads\/2026\/01\/una-madre-de-pelicula-768x1077.jpg 768w, https:\/\/infotorrent.es\/wp-content\/uploads\/2026\/01\/una-madre-de-pelicula-1095x1536.jpg 1095w, https:\/\/infotorrent.es\/wp-content\/uploads\/2026\/01\/una-madre-de-pelicula-1460x2048.jpg 1460w, https:\/\/infotorrent.es\/wp-content\/uploads\/2026\/01\/una-madre-de-pelicula-scaled.jpg 1825w\" sizes=\"(max-width: 730px) 100vw, 730px\" \/><\/figure>\n\n\n\n<figure class=\"wp-block-image size-large\"><img decoding=\"async\" width=\"1024\" height=\"690\" data-id=\"91229\" src=\"https:\/\/infotorrent.es\/wp-content\/uploads\/2026\/01\/Todos_los_angeles_Foto_Victor-Iglesias_1414-1024x690.jpg\" alt=\"\" class=\"wp-image-91229\" srcset=\"https:\/\/infotorrent.es\/wp-content\/uploads\/2026\/01\/Todos_los_angeles_Foto_Victor-Iglesias_1414-1024x690.jpg 1024w, https:\/\/infotorrent.es\/wp-content\/uploads\/2026\/01\/Todos_los_angeles_Foto_Victor-Iglesias_1414-300x202.jpg 300w, https:\/\/infotorrent.es\/wp-content\/uploads\/2026\/01\/Todos_los_angeles_Foto_Victor-Iglesias_1414-768x517.jpg 768w, https:\/\/infotorrent.es\/wp-content\/uploads\/2026\/01\/Todos_los_angeles_Foto_Victor-Iglesias_1414-1536x1035.jpg 1536w, https:\/\/infotorrent.es\/wp-content\/uploads\/2026\/01\/Todos_los_angeles_Foto_Victor-Iglesias_1414-2048x1379.jpg 2048w\" sizes=\"(max-width: 1024px) 100vw, 1024px\" \/><\/figure>\n<\/figure>\n","protected":false},"excerpt":{"rendered":"<p>Un total de 25 espectacles conformen l&#8217;oferta de m\u00fasica i arts esc\u00e8niques de L\u2019Auditori de Torrent per als primers mesos de l&#8217;any. Un ampli ventall de propostes teatrals, concerts, teatre, dansa, \u00f2pera, m\u00e0gia\u2026, que componen una programaci\u00f3 variada i de qualitat dirigida a p\u00fablics diversos. En l&#8217;apartat l\u00edric, dos dels t\u00edtols m\u00e9s representats del repertori: [&hellip;]<\/p>\n","protected":false},"author":21,"featured_media":91233,"comment_status":"open","ping_status":"open","sticky":false,"template":"","format":"standard","meta":{"_acf_changed":false,"footnotes":""},"categories":[1215,126],"tags":[],"class_list":["post-91236","post","type-post","status-publish","format-standard","has-post-thumbnail","hentry","category-auditori-de-torrent-ca","category-cultura-es-2"],"acf":[],"_links":{"self":[{"href":"https:\/\/infotorrent.es\/ca\/wp-json\/wp\/v2\/posts\/91236","targetHints":{"allow":["GET"]}}],"collection":[{"href":"https:\/\/infotorrent.es\/ca\/wp-json\/wp\/v2\/posts"}],"about":[{"href":"https:\/\/infotorrent.es\/ca\/wp-json\/wp\/v2\/types\/post"}],"author":[{"embeddable":true,"href":"https:\/\/infotorrent.es\/ca\/wp-json\/wp\/v2\/users\/21"}],"replies":[{"embeddable":true,"href":"https:\/\/infotorrent.es\/ca\/wp-json\/wp\/v2\/comments?post=91236"}],"version-history":[{"count":1,"href":"https:\/\/infotorrent.es\/ca\/wp-json\/wp\/v2\/posts\/91236\/revisions"}],"predecessor-version":[{"id":91238,"href":"https:\/\/infotorrent.es\/ca\/wp-json\/wp\/v2\/posts\/91236\/revisions\/91238"}],"wp:featuredmedia":[{"embeddable":true,"href":"https:\/\/infotorrent.es\/ca\/wp-json\/wp\/v2\/media\/91233"}],"wp:attachment":[{"href":"https:\/\/infotorrent.es\/ca\/wp-json\/wp\/v2\/media?parent=91236"}],"wp:term":[{"taxonomy":"category","embeddable":true,"href":"https:\/\/infotorrent.es\/ca\/wp-json\/wp\/v2\/categories?post=91236"},{"taxonomy":"post_tag","embeddable":true,"href":"https:\/\/infotorrent.es\/ca\/wp-json\/wp\/v2\/tags?post=91236"}],"curies":[{"name":"wp","href":"https:\/\/api.w.org\/{rel}","templated":true}]}}