{"id":91166,"date":"2026-01-16T14:03:55","date_gmt":"2026-01-16T13:03:55","guid":{"rendered":"https:\/\/infotorrent.es\/?p=91166"},"modified":"2026-01-16T14:08:26","modified_gmt":"2026-01-16T13:08:26","slug":"el-consell-escolar-municipal-de-torrent-sollicita-de-nou-que-el-16-de-marc-siga-declarat-dia-no-lectiu","status":"publish","type":"post","link":"https:\/\/infotorrent.es\/ca\/noticies\/educacio\/el-consell-escolar-municipal-de-torrent-sollicita-de-nou-que-el-16-de-marc-siga-declarat-dia-no-lectiu\/","title":{"rendered":"El Consell Escolar Municipal de Torrent sol\u00b7licita de nou que el 16 de mar\u00e7 siga declarat dia no lectiu"},"content":{"rendered":"\n<p><strong>La proposta ja va ser traslladada formalment el mes de juny passat de 2025<\/strong><\/p>\n\n\n\n<p>El Consell Escolar Municipal (CEM) de Torrent, celebrat hui amb la representaci\u00f3 de tota la comunitat educativa, ha aprovat per unanimitat, sol\u00b7licitar novament a la Direcci\u00f3 Territorial d&#8217;Educaci\u00f3 que el dilluns 16 de mar\u00e7 de 2026 siga declarat dia no lectiu en tots els centres educatius del municipi, amb l&#8217;objectiu de facilitar la participaci\u00f3 de l&#8217;alumnat i les fam\u00edlies en l&#8217;inici oficial de les Falles, festa declarada Patrimoni Cultural Immaterial de la Humanitat per la UNESCO.<\/p>\n\n\n\n<p>La proposta va ser aprovada per majoria en la sessi\u00f3 ordin\u00e0ria del Consell Escolar Municipal celebrada el 20 de juny del passat any, en la qual es va acordar proposar com a dies no lectius del curs 2025-2026 el 3 de febrer i el 17 i 18 de mar\u00e7, i es va sol\u00b7licitar un quart dia no lectiu \u2013 corresponent al 16 de mar\u00e7, primer dia de les Falles \u2013. Per a compensar esta jornada, es planteja finalitzar el curs escolar un dia m\u00e9s tard, el dilluns 22 de juny.<\/p>\n\n\n\n<p>Una decisi\u00f3 que afectar\u00e0 els 20.291 alumnes de Torrent, matriculats en 27 centres p\u00fablic, privats i concertats, en els quatre centres d&#8217;Educaci\u00f3 Especial, en les 24 Escoles Infantils de primer cicle, el Conservatori Professional de M\u00fasica, l&#8217;Escola de Formaci\u00f3 Permanent d&#8217;Adults i l&#8217;Escola Oficial d&#8217;Idiomes. Als m\u00e9s de 20.000 alumnes torrentinos, se sumen les seues fam\u00edlies, aix\u00ed com els treballadors de les empreses vinculades a tots estos centres educatius que compten amb servicis externs, com el de menjador i les rutes escolars.<\/p>\n\n\n\n<p>El CEM de Torrent va subratllar en el seu moment \u2013 i el torna a fer de nou \u2013 l&#8217;especial rellev\u00e0ncia cultural, educativa i social del 16 de mar\u00e7, jornada que marca l&#8217;inici oficial de les Falles i en la qual es desenrotllen nombrosos actes amb elevada participaci\u00f3 infantil, com el Trasllat de la Verge dels Desemparats, la plant\u00e0 infantil, les primeres despert\u00e0s, cercaviles, visites de jurats, tallers i activitats infantils en les comissions falleres i altres actes tradicionals d&#8217;\u00e0mbit local. Estes experi\u00e8ncies permeten a l&#8217;alumnat viure de manera directa la cultura popular valenciana, aportant un alt valor educatiu, art\u00edstic i emocional, i refor\u00e7ant la identitat cultural i el respecte a les tradicions.<\/p>\n\n\n\n<p>La regidor d&#8217;Educaci\u00f3 de l&#8217;Ajuntament de Torrent, Mar\u00eda Fern\u00e1ndez, ha assenyalat que declarar el 16 de mar\u00e7 com a dia no lectiu \u201c\u00e9s una mesura coherent amb la realitat social i cultural de la nostra ciutat\u201d. En este sentit, Mar\u00eda Fern\u00e1ndez ha destacat que \u201cl&#8217;educaci\u00f3 tamb\u00e9 es constru\u00efx fora de les aules, participant en celebracions que transmeten conviv\u00e8ncia, creativitat, respecte a les tradicions i sentiment de pertinen\u00e7a, com en este cas les Falles\u201d, ha sentenciat la regidor.<\/p>\n\n\n\n<p>En el seu comunicat, el CEM assenyala que a partir del 16 de mar\u00e7 es produ\u00efxen importants alteracions en la mobilitat urbana, amb corts de carrers, limitacions de tr\u00e0nsit i dificultats d&#8217;acc\u00e9s als centres educatius, la qual cosa afecta el normal desenrotllament de l&#8217;activitat lectiva i pot generar problemes de puntualitat i seguretat en els despla\u00e7aments de l&#8217;alumnat, el professorat i les fam\u00edlies.<\/p>\n\n\n\n<p>En este sentit, Mar\u00eda Fern\u00e1ndez ha afegit que mantindre l&#8217;activitat lectiva el primer dia de Falles suposa dificultats organitzatives i de mobilitat que afecten a tota la comunitat educativa: \u201cFacilitar esta jornada no lectiva permetr\u00e0 que l&#8217;alumnat visca l&#8217;inici de les Falles amb normalitat i seguretat\u201d.<\/p>\n\n\n\n<p>No obstant aix\u00f2, declarar este dia com no lectiu no respon \u00fanicament a una q\u00fcesti\u00f3 log\u00edstica, sin\u00f3 que suposa un reconeixement institucional a la import\u00e0ncia de les Falles com a element fonamental de la hist\u00f2ria, la cultura i la identitat de Torrent, aix\u00ed com una oportunitat educativa \u00fanica perqu\u00e8 xiquets participen activament des del primer dia en una celebraci\u00f3 profundament arrelada a la ciutat.<\/p>\n\n\n\n<p>Per part seua, el regidor de Falles i president de la Junta Local Fallera (JLF), Aitor S\u00e1nchez, s&#8217;ha adherit formalment, a trav\u00e9s d&#8217;un escrit, a la petici\u00f3 del Consell Escolar Municipal, remarcant que declarar el 16 de mar\u00e7 com a dia no lectiu respon a una realitat plenament consolidada a les ciutats falleres. Des de la JLF se subratlla que l&#8217;inici oficial de les Falles implica una intensa activitat infantil i juvenil en les comissions, aix\u00ed com una complexa organitzaci\u00f3 urbana que dificulta el normal desenrotllament de la jornada lectiva. Aix\u00ed mateix, es posa en valor el precedent recentment adoptat per la ciutat de Val\u00e8ncia, que ha declarat no lectiu el primer dia de Falles, la qual cosa avala la viabilitat normativa i organitzativa d&#8217;esta sol\u00b7licitud per a Torrent i refor\u00e7a la sensibilitat institucional cap a la cultura fallera com a part essencial del proc\u00e9s educatiu i social.<\/p>\n\n\n\n<p>En este sentit, el president de la JLF ha assenyalat que \u201cel 16 de mar\u00e7 no \u00e9s un dia lectiu ordinari en una ciutat com Torrent, sin\u00f3 l&#8217;arrancada d&#8217;una celebraci\u00f3 que forma part de la nostra identitat col\u00b7lectiva i en la qual milers de xiquets i xiquetes participen activament des de primera hora\u201d. S\u00e1nchez ha afegit que \u201crecon\u00e9ixer esta realitat en el calendari escolar \u00e9s una manera d&#8217;entendre l&#8217;educaci\u00f3 des d&#8217;una perspectiva m\u00e9s \u00e0mplia, connectada amb la cultura, la tradici\u00f3 i la vida social de la nostra ciutat\u201d.<\/p>\n\n\n\n<p>Amb esta sol\u00b7licitud, el Consell Escolar Municipal de Torrent espera que la Conselleria d&#8217;Educaci\u00f3, Cultura, Universitats i Ocupaci\u00f3 autoritze este quart dia no lectiu \u2013 sumant-lo als ja aprovats \u2013 i permeta aix\u00ed adaptar el calendari escolar a la realitat cultural i social del municipi, afavorint una educaci\u00f3 integral que transcendisca l&#8217;\u00e0mbit de l&#8217;aula.<\/p>\n\n\n\n<figure class=\"wp-block-image size-large\"><img fetchpriority=\"high\" decoding=\"async\" width=\"1024\" height=\"683\" src=\"https:\/\/infotorrent.es\/wp-content\/uploads\/2026\/01\/1-46-1024x683.jpg\" alt=\"\" class=\"wp-image-91159\" srcset=\"https:\/\/infotorrent.es\/wp-content\/uploads\/2026\/01\/1-46-1024x683.jpg 1024w, https:\/\/infotorrent.es\/wp-content\/uploads\/2026\/01\/1-46-300x200.jpg 300w, https:\/\/infotorrent.es\/wp-content\/uploads\/2026\/01\/1-46-768x512.jpg 768w, https:\/\/infotorrent.es\/wp-content\/uploads\/2026\/01\/1-46-1536x1024.jpg 1536w, https:\/\/infotorrent.es\/wp-content\/uploads\/2026\/01\/1-46.jpg 1581w\" sizes=\"(max-width: 1024px) 100vw, 1024px\" \/><\/figure>\n\n\n\n<figure class=\"wp-block-gallery has-nested-images columns-default is-cropped wp-block-gallery-1 is-layout-flex wp-block-gallery-is-layout-flex\">\n<figure class=\"wp-block-image size-large\"><img decoding=\"async\" width=\"1024\" height=\"683\" data-id=\"91161\" src=\"https:\/\/infotorrent.es\/wp-content\/uploads\/2026\/01\/3-30-1024x683.jpg\" alt=\"\" class=\"wp-image-91161\" srcset=\"https:\/\/infotorrent.es\/wp-content\/uploads\/2026\/01\/3-30-1024x683.jpg 1024w, https:\/\/infotorrent.es\/wp-content\/uploads\/2026\/01\/3-30-300x200.jpg 300w, https:\/\/infotorrent.es\/wp-content\/uploads\/2026\/01\/3-30-768x512.jpg 768w, https:\/\/infotorrent.es\/wp-content\/uploads\/2026\/01\/3-30-1536x1024.jpg 1536w, https:\/\/infotorrent.es\/wp-content\/uploads\/2026\/01\/3-30.jpg 1620w\" sizes=\"(max-width: 1024px) 100vw, 1024px\" \/><\/figure>\n\n\n\n<figure class=\"wp-block-image size-large\"><img decoding=\"async\" width=\"1024\" height=\"682\" data-id=\"91163\" src=\"https:\/\/infotorrent.es\/wp-content\/uploads\/2026\/01\/2-33-1-1024x682.jpg\" alt=\"\" class=\"wp-image-91163\" srcset=\"https:\/\/infotorrent.es\/wp-content\/uploads\/2026\/01\/2-33-1-1024x682.jpg 1024w, https:\/\/infotorrent.es\/wp-content\/uploads\/2026\/01\/2-33-1-300x200.jpg 300w, https:\/\/infotorrent.es\/wp-content\/uploads\/2026\/01\/2-33-1-768x512.jpg 768w, https:\/\/infotorrent.es\/wp-content\/uploads\/2026\/01\/2-33-1-1536x1023.jpg 1536w, https:\/\/infotorrent.es\/wp-content\/uploads\/2026\/01\/2-33-1.jpg 1585w\" sizes=\"(max-width: 1024px) 100vw, 1024px\" \/><\/figure>\n<\/figure>\n","protected":false},"excerpt":{"rendered":"<p>La proposta ja va ser traslladada formalment el mes de juny passat de 2025 El Consell Escolar Municipal (CEM) de Torrent, celebrat hui amb la representaci\u00f3 de tota la comunitat educativa, ha aprovat per unanimitat, sol\u00b7licitar novament a la Direcci\u00f3 Territorial d&#8217;Educaci\u00f3 que el dilluns 16 de mar\u00e7 de 2026 siga declarat dia no lectiu [&hellip;]<\/p>\n","protected":false},"author":21,"featured_media":91159,"comment_status":"open","ping_status":"open","sticky":false,"template":"","format":"standard","meta":{"_acf_changed":false,"footnotes":""},"categories":[121,132,1158,1171,1180],"tags":[],"class_list":["post-91166","post","type-post","status-publish","format-standard","has-post-thumbnail","hentry","category-educacio","category-educacion-2","category-educacion-noticias-ca","category-fallas-ca","category-formacion-educacion-y-formacion-ca"],"acf":[],"_links":{"self":[{"href":"https:\/\/infotorrent.es\/ca\/wp-json\/wp\/v2\/posts\/91166","targetHints":{"allow":["GET"]}}],"collection":[{"href":"https:\/\/infotorrent.es\/ca\/wp-json\/wp\/v2\/posts"}],"about":[{"href":"https:\/\/infotorrent.es\/ca\/wp-json\/wp\/v2\/types\/post"}],"author":[{"embeddable":true,"href":"https:\/\/infotorrent.es\/ca\/wp-json\/wp\/v2\/users\/21"}],"replies":[{"embeddable":true,"href":"https:\/\/infotorrent.es\/ca\/wp-json\/wp\/v2\/comments?post=91166"}],"version-history":[{"count":1,"href":"https:\/\/infotorrent.es\/ca\/wp-json\/wp\/v2\/posts\/91166\/revisions"}],"predecessor-version":[{"id":91168,"href":"https:\/\/infotorrent.es\/ca\/wp-json\/wp\/v2\/posts\/91166\/revisions\/91168"}],"wp:featuredmedia":[{"embeddable":true,"href":"https:\/\/infotorrent.es\/ca\/wp-json\/wp\/v2\/media\/91159"}],"wp:attachment":[{"href":"https:\/\/infotorrent.es\/ca\/wp-json\/wp\/v2\/media?parent=91166"}],"wp:term":[{"taxonomy":"category","embeddable":true,"href":"https:\/\/infotorrent.es\/ca\/wp-json\/wp\/v2\/categories?post=91166"},{"taxonomy":"post_tag","embeddable":true,"href":"https:\/\/infotorrent.es\/ca\/wp-json\/wp\/v2\/tags?post=91166"}],"curies":[{"name":"wp","href":"https:\/\/api.w.org\/{rel}","templated":true}]}}