{"id":91088,"date":"2026-01-14T09:32:51","date_gmt":"2026-01-14T08:32:51","guid":{"rendered":"https:\/\/infotorrent.es\/?p=91088"},"modified":"2026-01-14T09:37:40","modified_gmt":"2026-01-14T08:37:40","slug":"torrent-impulsa-la-integracio-i-lautonomia-personal-amb-el-programa-de-transicio-a-la-vida-adulta-per-a-alumnat-deducacio-especial","status":"publish","type":"post","link":"https:\/\/infotorrent.es\/ca\/noticies\/educacio\/torrent-impulsa-la-integracio-i-lautonomia-personal-amb-el-programa-de-transicio-a-la-vida-adulta-per-a-alumnat-deducacio-especial\/","title":{"rendered":"Torrent impulsa la integraci\u00f3 i l&#8217;autonomia personal amb el \u2018Programa de Transici\u00f3 a la Vida Adulta\u2019 per a alumnat d&#8217;educaci\u00f3 especial"},"content":{"rendered":"\n<p><strong>L&#8217;Ajuntament refor\u00e7a la formaci\u00f3, autonomia i participaci\u00f3 social, amb pr\u00e0ctiques reals en entorns municipals, de l&#8217;alumnat del CPEE L\u2019Encarnaci\u00f3<\/strong><\/p>\n\n\n\n<p>L&#8217;Ajuntament de Torrent, a trav\u00e9s de la regidoria d&#8217;Educaci\u00f3, ha implementat un acord de col\u00b7laboraci\u00f3 amb el Centre P\u00fablic d&#8217;Educaci\u00f3 Especial L\u2019Encarnaci\u00f3 per al desenrotllament del \u2018Programa de Transici\u00f3 a la Vida Adulta\u2019 durant el curs 2025\/2026, una iniciativa educativa i social que permet a l&#8217;alumnat del centre realitzar activitats formatives reals en diferents departaments municipals, facilitant la seua preparaci\u00f3 per a la vida adulta, la inclusi\u00f3 social i el desenrotllament d&#8217;habilitats personals i laborals.<\/p>\n\n\n\n<p>Este programa est\u00e0 dirigit a l&#8217;alumnat que es troba en l&#8217;\u00faltima etapa de la seua escolaritzaci\u00f3 i t\u00e9 com a finalitat principal afavorir la seua autonomia personal i social, aplicar en contextos reals les compet\u00e8ncies adquirides al llarg de la seua etapa educativa, fomentar la seua participaci\u00f3 activa en la societat i promoure l&#8217;adquisici\u00f3 d&#8217;habilitats laborals de car\u00e0cter polivalent, adaptades a les seues capacitats i necessitats espec\u00edfiques.<\/p>\n\n\n\n<p><strong>Una experi\u00e8ncia educativa real en entorns municipals<\/strong><\/p>\n\n\n\n<p>El \u2018Programa de Transici\u00f3 a la Vida Adulta\u2019 s&#8217;articula mitjan\u00e7ant la participaci\u00f3 de l&#8217;alumnat, un dia a la setmana i durant dos hores, en diferents departaments i servicis municipals, sempre acompanyats per un tutor o tutora del centre educatiu i sota la supervisi\u00f3 del personal municipal de refer\u00e8ncia.<\/p>\n\n\n\n<p>Les activitats permeten als alumnes, con\u00e9ixer de primera m\u00e0 el funcionament dels servicis p\u00fablics i desenrotllar tasques adaptades en entorns reals de treball, refor\u00e7ant la seua autoestima, el seu sentit d&#8217;utilitat social i la seua capacitat per a desembolicar-se de manera progressivament aut\u00f2noma.<\/p>\n\n\n\n<p><strong>Departaments municipals implicats i tasques formatives<\/strong><\/p>\n\n\n\n<p>Durant el curs 2025\/2026, l&#8217;alumnat del CPEE L\u2019Encarnaci\u00f3 participa en diferents \u00e0rees municipals, amb tasques dissenyades espec\u00edficament amb un enfocament educatiu i formatiu. Entre els servicis implicats es troben:<\/p>\n\n\n\n<p>\u25cf&nbsp;&nbsp;&nbsp;&nbsp;&nbsp;&nbsp; Nous Espais \u2013 Manteniment, on faran tasques b\u00e0siques de manteniment en centres educatius municipals.<\/p>\n\n\n\n<p>\u25cf&nbsp;&nbsp;&nbsp;&nbsp;&nbsp;&nbsp; Nous Espais \u2013 Jardineria, participant en labors senzilles de jardineria i cura d&#8217;espais verds.<\/p>\n\n\n\n<p>\u25cf&nbsp;&nbsp;&nbsp;&nbsp;&nbsp;&nbsp; TDIC, col\u00b7laborant en tasques de primera atenci\u00f3 a la ciutadania, orientaci\u00f3 b\u00e0sica i acompanyament en la gesti\u00f3 de cites.<\/p>\n\n\n\n<p>\u25cf&nbsp;&nbsp;&nbsp;&nbsp;&nbsp;&nbsp; Biblioteca Metre, realitzant labors de suport com l&#8217;escanejat, segellat i folrat de llibres, aix\u00ed com altres tasques relacionades amb la gesti\u00f3 bibliotec\u00e0ria.<\/p>\n\n\n\n<p>Estes activitats formen part de la Programaci\u00f3 General Anual i del Programa d&#8217;Educaci\u00f3 Individualitzada del centre educatiu, garantint la seua coher\u00e8ncia pedag\u00f2gica i la seua adequaci\u00f3 a les capacitats de l&#8217;alumnat.<\/p>\n\n\n\n<p><strong>Un programa sense cost econ\u00f2mic i amb alt impacte social<\/strong><\/p>\n\n\n\n<p>L&#8217;acord de col\u00b7laboraci\u00f3 no comporta cap cost econ\u00f2mic per a l&#8217;Ajuntament de Torrent, ja que l&#8217;alumnat participant estar\u00e0 cobert pel segur escolar del propi centre educatiu i les activitats es desenrotllen dins del marc educatiu establit.<\/p>\n\n\n\n<p>Malgrat aix\u00f2, l&#8217;impacte social i educatiu del programa \u00e9s molt significatiu, ja que refor\u00e7a l&#8217;aposta municipal per una educaci\u00f3 integradora i per la igualtat d&#8217;oportunitats.<\/p>\n\n\n\n<p><strong>Comprom\u00eds municipal amb la inclusi\u00f3 i la igualtat d&#8217;oportunitats<\/strong><\/p>\n\n\n\n<p>La regidor d&#8217;Educaci\u00f3 de l&#8217;Ajuntament de Torrent, Mar\u00eda Fern\u00e1ndez, ha destacat la import\u00e0ncia d&#8217;este programa com una ferramenta clau per a avan\u00e7ar cap a una ciutat m\u00e9s comprensiva i compromesa amb totes les persones, <strong>\u201ceste programa \u00e9s una mostra clara del comprom\u00eds de l&#8217;Ajuntament de Torrent amb una educaci\u00f3 integradora i amb l&#8217;acompanyament real de l&#8217;alumnat amb necessitats educatives especials en una etapa clau de la seua vida. No es tracta nom\u00e9s d&#8217;aprendre tasques, sin\u00f3 de guanyar autonomia, confian\u00e7a i sentir-se part activa de la societat\u201d<\/strong>, ha assenyalat la regidora.<\/p>\n\n\n\n<p>Fern\u00e1ndez ha subratllat que el contacte directe amb els servicis municipals aporta un valor afegit fonamental a la formaci\u00f3 de l&#8217;alumnat, <strong>\u201cl&#8217;experi\u00e8ncia en entorns reals, com els departaments municipals, permet a l&#8217;alumnat aplicar l&#8217;apr\u00e9s a l&#8217;aula, con\u00e9ixer el funcionament dels servicis p\u00fablics i desenrotllar habilitats socials i laborals que seran essencials per al seu futur personal i professional\u201d,<\/strong> ha afegit.<\/p>\n\n\n\n<p><strong>Beneficis per a l&#8217;alumnat i per a la ciutat de Torrent<\/strong><\/p>\n\n\n\n<p>El \u2018Programa de Transici\u00f3 a la Vida Adulta\u2019 suposa un avan\u00e7 significatiu tant per a l&#8217;alumnat participant com per al conjunt de la ciutat. Per als estudiants, representa una oportunitat d&#8217;aprenentatge pr\u00e0ctic, adaptat i tutelat, que afavorix el seu desenrotllament integral i la seua preparaci\u00f3 per a la vida adulta.<\/p>\n\n\n\n<p>Amb esta iniciativa, l&#8217;Ajuntament de Torrent reafirma la seua aposta per pol\u00edtiques educatives que posen a les persones en el centre i que contribu\u00efxen a construir una ciutat m\u00e9s justa, cohesionada i preparada per al futur.<\/p>\n\n\n\n<figure class=\"wp-block-image size-large\"><img fetchpriority=\"high\" decoding=\"async\" width=\"1024\" height=\"682\" src=\"https:\/\/infotorrent.es\/wp-content\/uploads\/2026\/01\/3-29-1024x682.jpg\" alt=\"\" class=\"wp-image-91085\" srcset=\"https:\/\/infotorrent.es\/wp-content\/uploads\/2026\/01\/3-29-1024x682.jpg 1024w, https:\/\/infotorrent.es\/wp-content\/uploads\/2026\/01\/3-29-300x200.jpg 300w, https:\/\/infotorrent.es\/wp-content\/uploads\/2026\/01\/3-29-768x512.jpg 768w, https:\/\/infotorrent.es\/wp-content\/uploads\/2026\/01\/3-29-1536x1023.jpg 1536w, https:\/\/infotorrent.es\/wp-content\/uploads\/2026\/01\/3-29.jpg 1600w\" sizes=\"(max-width: 1024px) 100vw, 1024px\" \/><\/figure>\n\n\n\n<figure class=\"wp-block-image size-large\"><img decoding=\"async\" width=\"1024\" height=\"682\" src=\"https:\/\/infotorrent.es\/wp-content\/uploads\/2026\/01\/2-34-1024x682.jpg\" alt=\"\" class=\"wp-image-91083\" srcset=\"https:\/\/infotorrent.es\/wp-content\/uploads\/2026\/01\/2-34-1024x682.jpg 1024w, https:\/\/infotorrent.es\/wp-content\/uploads\/2026\/01\/2-34-300x200.jpg 300w, https:\/\/infotorrent.es\/wp-content\/uploads\/2026\/01\/2-34-768x512.jpg 768w, https:\/\/infotorrent.es\/wp-content\/uploads\/2026\/01\/2-34-1536x1023.jpg 1536w, https:\/\/infotorrent.es\/wp-content\/uploads\/2026\/01\/2-34.jpg 1600w\" sizes=\"(max-width: 1024px) 100vw, 1024px\" \/><\/figure>\n","protected":false},"excerpt":{"rendered":"<p>L&#8217;Ajuntament refor\u00e7a la formaci\u00f3, autonomia i participaci\u00f3 social, amb pr\u00e0ctiques reals en entorns municipals, de l&#8217;alumnat del CPEE L\u2019Encarnaci\u00f3 L&#8217;Ajuntament de Torrent, a trav\u00e9s de la regidoria d&#8217;Educaci\u00f3, ha implementat un acord de col\u00b7laboraci\u00f3 amb el Centre P\u00fablic d&#8217;Educaci\u00f3 Especial L\u2019Encarnaci\u00f3 per al desenrotllament del \u2018Programa de Transici\u00f3 a la Vida Adulta\u2019 durant el curs [&hellip;]<\/p>\n","protected":false},"author":21,"featured_media":91085,"comment_status":"open","ping_status":"open","sticky":false,"template":"","format":"standard","meta":{"_acf_changed":false,"footnotes":""},"categories":[121,132,1158,1180],"tags":[],"class_list":["post-91088","post","type-post","status-publish","format-standard","has-post-thumbnail","hentry","category-educacio","category-educacion-2","category-educacion-noticias-ca","category-formacion-educacion-y-formacion-ca"],"acf":[],"_links":{"self":[{"href":"https:\/\/infotorrent.es\/ca\/wp-json\/wp\/v2\/posts\/91088","targetHints":{"allow":["GET"]}}],"collection":[{"href":"https:\/\/infotorrent.es\/ca\/wp-json\/wp\/v2\/posts"}],"about":[{"href":"https:\/\/infotorrent.es\/ca\/wp-json\/wp\/v2\/types\/post"}],"author":[{"embeddable":true,"href":"https:\/\/infotorrent.es\/ca\/wp-json\/wp\/v2\/users\/21"}],"replies":[{"embeddable":true,"href":"https:\/\/infotorrent.es\/ca\/wp-json\/wp\/v2\/comments?post=91088"}],"version-history":[{"count":1,"href":"https:\/\/infotorrent.es\/ca\/wp-json\/wp\/v2\/posts\/91088\/revisions"}],"predecessor-version":[{"id":91090,"href":"https:\/\/infotorrent.es\/ca\/wp-json\/wp\/v2\/posts\/91088\/revisions\/91090"}],"wp:featuredmedia":[{"embeddable":true,"href":"https:\/\/infotorrent.es\/ca\/wp-json\/wp\/v2\/media\/91085"}],"wp:attachment":[{"href":"https:\/\/infotorrent.es\/ca\/wp-json\/wp\/v2\/media?parent=91088"}],"wp:term":[{"taxonomy":"category","embeddable":true,"href":"https:\/\/infotorrent.es\/ca\/wp-json\/wp\/v2\/categories?post=91088"},{"taxonomy":"post_tag","embeddable":true,"href":"https:\/\/infotorrent.es\/ca\/wp-json\/wp\/v2\/tags?post=91088"}],"curies":[{"name":"wp","href":"https:\/\/api.w.org\/{rel}","templated":true}]}}