{"id":9073,"date":"2018-01-16T07:43:27","date_gmt":"2018-01-16T07:43:27","guid":{"rendered":"https:\/\/infotorrent.es\/uncategorized\/400-corredors-participen-en-la-x-carrera-muntanya-serra-perenxisa\/"},"modified":"2018-01-16T07:44:48","modified_gmt":"2018-01-16T07:44:48","slug":"400-corredors-participen-en-la-x-carrera-muntanya-serra-perenxisa","status":"publish","type":"post","link":"https:\/\/infotorrent.es\/ca\/noticies\/400-corredors-participen-en-la-x-carrera-muntanya-serra-perenxisa\/","title":{"rendered":"400 corredors participen en la X Cursa Muntanya Serra Perenxisa"},"content":{"rendered":"<p><strong>Els\u00a0corredors es van dividir en categories en funci\u00f3 de l\u2019edat i en dos modalitats: 12 K i 21 K\u00a0<\/strong><\/p>\n<p>El mat\u00ed de diumenge, prop de 400 persones es van citar per a c\u00f3rrer en la Cursa X\u00a0Muntanya Serra\u00a0Perenxisa; una carrera que va transc\u00f3rrer per les sendes i els vessants de la serra. El punt de trobada va ser el c\u00e0mping de la Pir\u00e0mide, on se situaven l\u2019eixida i la meta d\u2019esta competici\u00f3 que va donar el tret d\u2019eixida a les 9.00 h, en la modalitat llarga, i a les 10.00 h en la modalitat curta.<\/p>\n<p>Els participants es van dividir en categories en funci\u00f3 de l\u2019edat: cadet, absoluta, veterana, m\u00e0ster i majors de 60 anys. La primera modalitat tenia una dist\u00e0ncia de 12 km, un desnivell de 350 metres i un 77 % de recorregut per sendes. La segona modalitat, per a corredors m\u00e9s experimentats, tenia una dist\u00e0ncia de 21 km, un desnivell de 1.000 metres i el 73 % del seu recorregut va ser per sendes.<\/p>\n<p>La carrera va acabar amb el lliurament de premis als guanyadors. L&#8217;alcalde, Jes\u00fas Ros, i la regidora d&#8217;Esports,\u00a0Nadia Mar\u00edn, van assistir-hi i van felicitar tots els participants. Mar\u00edn va destacar \u201cel bon treball que han fet l\u2019organitzaci\u00f3 i els voluntaris i volunt\u00e0ries, aix\u00ed com la participaci\u00f3 de tots els corredors que fan que esta carrera es convertisca en una data destacada dins del calendari esportiu, ja que \u00e9s l\u2019\u00fanica prova en modalitat muntanya, a m\u00e9s de ser la primera que se celebra dins del calendari\u00a0torrent\u00ed\u201d.<\/p>\n<p>Els guanyadors i guanyadores de la Cursa Muntanya Serra\u00a0Perenxisa s\u00f3n:<\/p>\n<p><strong>Classificaci\u00f3 general absoluta 12 K\u00a0<\/strong><\/p>\n<p>Primer classificat: FRANCISCO SANTAMAR\u00cdA\u00a0BARBER\u00c1N<\/p>\n<p>Segon classificat: JOS\u00c9 LUIS\u00a0FELIS BLASCO<\/p>\n<p>Tercer classificat: C\u00c9SAR SANZ IRANZO<\/p>\n<p>_____<\/p>\n<p>Primera classificada: BEATRIZ DE LA FUENTE MIGUEL<\/p>\n<p>Segona classificada: BEGO\u00d1A BRAVO ATIENZA<\/p>\n<p>Tercera classificada: MAR PALOMARES\u00a0CARAVACA<\/p>\n<p><strong>Classificaci\u00f3 general local 12 K<\/strong><\/p>\n<p>Primer classificat: PABLO SERRANO BLASCO<\/p>\n<p>Segon classificat: PAU\u00a0ABENZA BARBER\u00c1<\/p>\n<p>Tercer classificat:\u00a0JUANMARI\u00a0LUJAMBIO\u00a0PUY<\/p>\n<p>_____<\/p>\n<p>Primera classificada: MAR PALOMARES\u00a0CARAVACA<\/p>\n<p>Segona classificada: ANA\u00a0CHILLER\u00d3N\u00a0ESTIVALIS<\/p>\n<p>Tercera classificada: YOLANDA TORAL\u00a0NOBLEJAS<\/p>\n<p><strong>Classificaci\u00f3 general absoluta 21 K\u00a0<\/strong><\/p>\n<p>Primer classificat: IV\u00c1N\u00a0S\u00c1IZ GARC\u00cdA<\/p>\n<p>Segon classificat: DAVID BALLESTER SANZ<\/p>\n<p>Tercer classificat: JES\u00daS\u00a0YLLARRAMENDI L\u00d3PEZ<\/p>\n<p>_____<br \/>\nPrimera classificada: EULALIA MARGARITA\u00a0PAUCAR\u00a0QUEZADA<\/p>\n<p>Segona classificat: REYES MORENO BARBER\u00c1<\/p>\n<p>Tercer classificat: MARI CARMEN\u00a0LIS ZAHONERO<\/p>\n<p>Classificaci\u00f3 general absoluta 21 K<\/p>\n<p>Primer classificat: PABLO NAVARRO ROS<\/p>\n<p>Segon classificat: MANUEL\u00a0BAUS RUIZ<\/p>\n<p>Tercer classificat: FERRAN DE SALAZAR MART\u00cdNEZ<\/p>\n<p>_____<br \/>\nPrimera classificada: LUZ CABANES CASTELL\u00d3<\/p>\n<p>Segona classificada: M\u00d3NICA ORTIZ S\u00c1IZ<\/p>\n","protected":false},"excerpt":{"rendered":"<p>Els\u00a0corredors es van dividir en categories en funci\u00f3 de l\u2019edat i en dos modalitats: 12 K i 21 K\u00a0 El mat\u00ed de diumenge, prop de 400 persones es van citar per a c\u00f3rrer en la Cursa X\u00a0Muntanya Serra\u00a0Perenxisa; una carrera que va transc\u00f3rrer per les sendes i els vessants de la serra. El punt de [&hellip;]<\/p>\n","protected":false},"author":13,"featured_media":1137,"comment_status":"closed","ping_status":"open","sticky":false,"template":"","format":"standard","meta":{"_acf_changed":false,"footnotes":""},"categories":[156,130,127,116],"tags":[308],"class_list":["post-9073","post","type-post","status-publish","format-standard","has-post-thumbnail","hentry","category-festes-i-tradicions-2","category-juventud-y-deportes-2","category-noticias-2","category-noticies","tag-serra-perenxisa"],"acf":[],"_links":{"self":[{"href":"https:\/\/infotorrent.es\/ca\/wp-json\/wp\/v2\/posts\/9073","targetHints":{"allow":["GET"]}}],"collection":[{"href":"https:\/\/infotorrent.es\/ca\/wp-json\/wp\/v2\/posts"}],"about":[{"href":"https:\/\/infotorrent.es\/ca\/wp-json\/wp\/v2\/types\/post"}],"author":[{"embeddable":true,"href":"https:\/\/infotorrent.es\/ca\/wp-json\/wp\/v2\/users\/13"}],"replies":[{"embeddable":true,"href":"https:\/\/infotorrent.es\/ca\/wp-json\/wp\/v2\/comments?post=9073"}],"version-history":[{"count":0,"href":"https:\/\/infotorrent.es\/ca\/wp-json\/wp\/v2\/posts\/9073\/revisions"}],"wp:featuredmedia":[{"embeddable":true,"href":"https:\/\/infotorrent.es\/ca\/wp-json\/wp\/v2\/media\/1137"}],"wp:attachment":[{"href":"https:\/\/infotorrent.es\/ca\/wp-json\/wp\/v2\/media?parent=9073"}],"wp:term":[{"taxonomy":"category","embeddable":true,"href":"https:\/\/infotorrent.es\/ca\/wp-json\/wp\/v2\/categories?post=9073"},{"taxonomy":"post_tag","embeddable":true,"href":"https:\/\/infotorrent.es\/ca\/wp-json\/wp\/v2\/tags?post=9073"}],"curies":[{"name":"wp","href":"https:\/\/api.w.org\/{rel}","templated":true}]}}