{"id":9072,"date":"2018-01-15T09:24:57","date_gmt":"2018-01-15T09:24:57","guid":{"rendered":"https:\/\/infotorrent.es\/uncategorized\/torrent-facilitara-el-suministro-de-farmacos-para-enfermedades-cronicas-y-lactancia-artificial-a-personas-sin-recursos-2\/"},"modified":"2018-01-15T09:24:57","modified_gmt":"2018-01-15T09:24:57","slug":"torrent-facilitara-el-suministro-de-farmacos-para-enfermedades-cronicas-y-lactancia-artificial-a-personas-sin-recursos-2","status":"publish","type":"post","link":"https:\/\/infotorrent.es\/ca\/noticies\/torrent-facilitara-el-suministro-de-farmacos-para-enfermedades-cronicas-y-lactancia-artificial-a-personas-sin-recursos-2\/","title":{"rendered":"Torrent facilitar\u00e1 el suministro de f\u00e1rmacos para enfermedades cr\u00f3nicas y lactancia artificial a personas sin recursos"},"content":{"rendered":"<p style=\"text-align: justify;\"><strong>El consistorio torrentino ha firmado un convenio de colaboraci\u00f3n t\u00e9cnica con el Colegio de Farmac\u00e9uticos de Valencia para mejorar la gesti\u00f3n de subministro del servicio<\/strong><\/p>\n<p style=\"text-align: justify;\">El Ayuntamiento de Torrent, a trav\u00e9s de la delegaci\u00f3n de Bienestar Social, siendo consciente de la importancia de prestar servicios de calidad a los ciudadanos m\u00e1s vulnerables de la ciudad, efect\u00faa anualmente una convocatoria para la concesi\u00f3n de subvenciones en distintas prestaciones de servicios sociales.<\/p>\n<p style=\"text-align: justify;\">Entre estas prestaciones se encuentran las ayudas para tratamientos cr\u00f3nicos y lactancia artificial destinadas a personas sin recursos y con dificultades para acceder a estos tratamientos farmacol\u00f3gicos.<\/p>\n<p style=\"text-align: justify;\">El alcalde Jes\u00fas Ros, junto con el concejal de Atenci\u00f3n a la Personas, Francesc Carbonell, y el presidente del Colegio Oficial de Farmac\u00e9uticos de Valencia, Jaime Francisco Giner, han firmado esta ma\u00f1ana un convenio para regular el suministro de estos tratamientos, facilitando el acceso a los f\u00e1rmacos necesarios en los establecimientos de la ciudad.<\/p>\n<p style=\"text-align: justify;\">El objetivo de este convenio es \u201cdar una buena cobertura a este servicio, mediante la colaboraci\u00f3n t\u00e9cnica entre el consistorio y el Colegio de Farmac\u00e9uticos de Valencia, que facilite la buena gesti\u00f3n y el subministro de los f\u00e1rmacos a las personas que los necesiten\u201d, destaca Francesc Carbonell.<\/p>\n<p style=\"text-align: justify;\">Los f\u00e1rmacos ser\u00e1n derivados, por preinscripci\u00f3n facultativa, en las farmacias de la ciudad adheridas al convenio, a aquellas personas que tras una valoraci\u00f3n t\u00e9cnica de los Servicios Sociales del consistorio resulten beneficiarias de estas ayudas. Este convenio \u201cmejora el servicio de suministro a la poblaci\u00f3n y, adem\u00e1s, mediante el trabajo de facturaci\u00f3n y distribuci\u00f3n mensual por parte del Colegio de Farmac\u00e9uticos de Valencia, permitir\u00e1 tener un control mayor sobre la aportaci\u00f3n municipal a esta partida\u201d, puntualiza el edil.<\/p>\n<p style=\"text-align: justify;\">Este convenio se suma al acuerdo de colaboraci\u00f3n con las farmacias del municipio -firmado este verano- con el objetivo de facilitar la dispensaci\u00f3n y facturaci\u00f3n de medicamentos y productos farmac\u00e9uticos que no est\u00e9n cubiertos por la Seguridad Social o requiera una aportaci\u00f3n, para las personas que se encuentran en riesgo de exclusi\u00f3n social. Con estos acuerdos, el equipo de gobierno contin\u00faa cumpliendo con su compromiso electoral de mejorar el modelo de asistencia social de la ciudad para dotar de m\u00e1s calidad a los servicios y dignificar y no estigmatizar a las personas m\u00e1s necesitadas.<\/p>\n<p style=\"text-align: justify;\">\n","protected":false},"excerpt":{"rendered":"<p>El consistorio torrentino ha firmado un convenio de colaboraci\u00f3n t\u00e9cnica con el Colegio de Farmac\u00e9uticos de Valencia para mejorar la gesti\u00f3n de subministro del servicio El Ayuntamiento de Torrent, a trav\u00e9s de la delegaci\u00f3n de Bienestar Social, siendo consciente de la importancia de prestar servicios de calidad a los ciudadanos m\u00e1s vulnerables de la ciudad, [&hellip;]<\/p>\n","protected":false},"author":13,"featured_media":1137,"comment_status":"closed","ping_status":"open","sticky":false,"template":"","format":"standard","meta":{"_acf_changed":false,"footnotes":""},"categories":[122,127,116],"tags":[],"class_list":["post-9072","post","type-post","status-publish","format-standard","has-post-thumbnail","hentry","category-benestar-social","category-noticias-2","category-noticies"],"acf":[],"_links":{"self":[{"href":"https:\/\/infotorrent.es\/ca\/wp-json\/wp\/v2\/posts\/9072","targetHints":{"allow":["GET"]}}],"collection":[{"href":"https:\/\/infotorrent.es\/ca\/wp-json\/wp\/v2\/posts"}],"about":[{"href":"https:\/\/infotorrent.es\/ca\/wp-json\/wp\/v2\/types\/post"}],"author":[{"embeddable":true,"href":"https:\/\/infotorrent.es\/ca\/wp-json\/wp\/v2\/users\/13"}],"replies":[{"embeddable":true,"href":"https:\/\/infotorrent.es\/ca\/wp-json\/wp\/v2\/comments?post=9072"}],"version-history":[{"count":0,"href":"https:\/\/infotorrent.es\/ca\/wp-json\/wp\/v2\/posts\/9072\/revisions"}],"wp:featuredmedia":[{"embeddable":true,"href":"https:\/\/infotorrent.es\/ca\/wp-json\/wp\/v2\/media\/1137"}],"wp:attachment":[{"href":"https:\/\/infotorrent.es\/ca\/wp-json\/wp\/v2\/media?parent=9072"}],"wp:term":[{"taxonomy":"category","embeddable":true,"href":"https:\/\/infotorrent.es\/ca\/wp-json\/wp\/v2\/categories?post=9072"},{"taxonomy":"post_tag","embeddable":true,"href":"https:\/\/infotorrent.es\/ca\/wp-json\/wp\/v2\/tags?post=9072"}],"curies":[{"name":"wp","href":"https:\/\/api.w.org\/{rel}","templated":true}]}}