{"id":9067,"date":"2018-01-12T07:29:41","date_gmt":"2018-01-12T07:29:41","guid":{"rendered":"https:\/\/infotorrent.es\/uncategorized\/deporte-musica-y-arte-en-la-agenda-del-fin-de-semana-de-torrent\/"},"modified":"2018-01-12T07:29:41","modified_gmt":"2018-01-12T07:29:41","slug":"deporte-musica-y-arte-en-la-agenda-del-fin-de-semana-de-torrent","status":"publish","type":"post","link":"https:\/\/infotorrent.es\/ca\/noticies\/deporte-musica-y-arte-en-la-agenda-del-fin-de-semana-de-torrent\/","title":{"rendered":"Esport, m\u00fasica i art en l\u2019agenda del cap de setmana de Torrent"},"content":{"rendered":"<p><strong>La carrera per la serra de Perenxisa reunir\u00e0 un gran nombre de participants en esta iniciativa que combina esport i natura\u00a0 <\/strong><\/p>\n<p><strong> <em>Alicia. El musical<\/em> omplir\u00e0 l\u2019escenari de l\u2019Auditori de m\u00e0gia, ball i molta il\u00b7lusi\u00f3\u00a0\u00a0<\/strong><\/p>\n<p>Este cap de setmana, l\u2019activitat esportiva ser\u00e0 la protagonista a Torrent amb la Cursa X Muntanya Serra Perenxisa, una carrera que tindr\u00e0 el tret d\u2019eixida diumenge, a les 9.00 h en la modalitat llarga i a les 10.00 h en la curta, en el c\u00e0mping La Pir\u00e0mide. Els participants recorreran els vessants i les sendes de la serra en esta competici\u00f3 que es dividix en diferents categories en funci\u00f3 de les edats dels participants: cadet, absoluta, veter\u00e0, m\u00e0ster i M\u00e9s60.<\/p>\n<p>La jornada esportiva continua amb la presentaci\u00f3 del Club Handbol Torrent. A les 10.15 h totes les plantilles del club es presentaran davant de l\u2019afici\u00f3, amics i familiars. Posteriorment, a les 11.30 h, es celebrar\u00e0 el partit de primera divisi\u00f3 auton\u00f2mica s\u00e9nior en el qual s\u2019enfrontaran amb el Club Handbol Oliva.<\/p>\n<p><strong>M\u00fasica i entreteniment<\/strong><\/p>\n<p>El m\u00f3n m\u00e0gic de Lewis Carroll arriba a l\u2019Auditori amb la representaci\u00f3 <em>Alicia. El musical<\/em>, a c\u00e0rrec de GTI Teatre; una hist\u00f2ria on la protagonista i els seus amics de viatge ballaran, cantaran i ompliran d\u2019il\u00b7lusi\u00f3 i energia positiva a tots els assistents. Les funcions tindran lloc dissabte a les 18.30 h i diumenge a les 12.30 h i a les 18.30 h.<\/p>\n<p><strong>Tallers<\/strong><\/p>\n<p>El p\u00fablic infantil t\u00e9 una cita este cap de setmana amb la diversi\u00f3 i l\u2019aprenentatge. D&#8217;una banda, el Centre Ambiental El Vedat convertir\u00e0 els menuts en bi\u00f2legs per a descobrir totes les formes de vida que se\u2019ns escapen a la vista, per\u00f2 que estan al nostre al voltant. Dissabte i diumenge a partir de les 11.00 h.<\/p>\n<p>D&#8217;altra banda, el mat\u00ed de diumenge es dur\u00e0 a terme a l\u2019Hort de Tr\u00e9nor el taller \u201cEstampa el teu ecosistema\u201d; una manera de descobrir diferents t\u00e8cniques art\u00edstiques i que desenvolupar\u00e0 les habilitats creatives de tots els assistents. En esta ocasi\u00f3 \u00e9s el torn d\u2019experimentar amb la t\u00e8cnica de l\u2019estampaci\u00f3, alhora que s\u2019hi tractaran temes sobre l\u2019ecosistema. Diumenge des de les 11.00 h fins a les 14.00 h.<\/p>\n<p><strong>Art i pintura<\/strong><\/p>\n<p>La Casa de la Dona acull la vesprada de divendres a les 18.00 h la xarrada informativa \u201cPintores con la boca\u201d, oferida per Javier Planells; un gran artista que explicar\u00e0 la seua experi\u00e8ncia pintant amb la boca i parlar\u00e0 sobre l&#8217;art amb diversitat. A m\u00e9s, Javier va presentar recentment una exposici\u00f3, instal\u00b7lada en la primera planta de la Casa de la Dona, que pot visitar-se fins al dilluns 15 de gener. La mostra inclou m\u00e9s de 20 obres complementades amb fotografies de l\u2019artista durant el proc\u00e9s creatiu que van acompanyades per textos explicatius.<\/p>\n<p><strong>Novetats liter\u00e0ries<\/strong><\/p>\n<p>El panorama literari est\u00e0 protagonitzat per Eduard Parad\u00eds, que presenta la seua primera novel\u00b7la <em>Frank<\/em><em> Buigues<\/em><em> i l\u2019ombra d\u2019un sospit\u00f3s<\/em>. Dissabte a les 12.00 h en el Museu Comarcal de l&#8217;Horta Sud.<\/p>\n<p><strong>Festes de Sant Antoni<\/strong><\/p>\n<p>La confraria de Sant Antoni calfa motors per a iniciar les festes en honor al sant. Este cap de setmana hi haur\u00e0 una missa i un castell de focs artificials. Dissabte a partir de les 19.30 h en la parr\u00f2quia de Montsi\u00f3.<\/p>\n","protected":false},"excerpt":{"rendered":"<p>La carrera per la serra de Perenxisa reunir\u00e0 un gran nombre de participants en esta iniciativa que combina esport i natura\u00a0 Alicia. El musical omplir\u00e0 l\u2019escenari de l\u2019Auditori de m\u00e0gia, ball i molta il\u00b7lusi\u00f3\u00a0\u00a0 Este cap de setmana, l\u2019activitat esportiva ser\u00e0 la protagonista a Torrent amb la Cursa X Muntanya Serra Perenxisa, una carrera que [&hellip;]<\/p>\n","protected":false},"author":13,"featured_media":1137,"comment_status":"closed","ping_status":"open","sticky":false,"template":"","format":"standard","meta":{"_acf_changed":false,"footnotes":""},"categories":[126,127,116],"tags":[837],"class_list":["post-9067","post","type-post","status-publish","format-standard","has-post-thumbnail","hentry","category-cultura-es-2","category-noticias-2","category-noticies","tag-cap-de-setmanacap-de-setmana"],"acf":[],"_links":{"self":[{"href":"https:\/\/infotorrent.es\/ca\/wp-json\/wp\/v2\/posts\/9067","targetHints":{"allow":["GET"]}}],"collection":[{"href":"https:\/\/infotorrent.es\/ca\/wp-json\/wp\/v2\/posts"}],"about":[{"href":"https:\/\/infotorrent.es\/ca\/wp-json\/wp\/v2\/types\/post"}],"author":[{"embeddable":true,"href":"https:\/\/infotorrent.es\/ca\/wp-json\/wp\/v2\/users\/13"}],"replies":[{"embeddable":true,"href":"https:\/\/infotorrent.es\/ca\/wp-json\/wp\/v2\/comments?post=9067"}],"version-history":[{"count":0,"href":"https:\/\/infotorrent.es\/ca\/wp-json\/wp\/v2\/posts\/9067\/revisions"}],"wp:featuredmedia":[{"embeddable":true,"href":"https:\/\/infotorrent.es\/ca\/wp-json\/wp\/v2\/media\/1137"}],"wp:attachment":[{"href":"https:\/\/infotorrent.es\/ca\/wp-json\/wp\/v2\/media?parent=9067"}],"wp:term":[{"taxonomy":"category","embeddable":true,"href":"https:\/\/infotorrent.es\/ca\/wp-json\/wp\/v2\/categories?post=9067"},{"taxonomy":"post_tag","embeddable":true,"href":"https:\/\/infotorrent.es\/ca\/wp-json\/wp\/v2\/tags?post=9067"}],"curies":[{"name":"wp","href":"https:\/\/api.w.org\/{rel}","templated":true}]}}