{"id":90344,"date":"2025-12-17T16:53:17","date_gmt":"2025-12-17T15:53:17","guid":{"rendered":"https:\/\/infotorrent.es\/?p=90344"},"modified":"2025-12-17T16:53:27","modified_gmt":"2025-12-17T15:53:27","slug":"la-regidoria-de-sanitat-de-torrent-reforca-amb-un-vehicle-addicional-lassistencia-domiciliaria","status":"publish","type":"post","link":"https:\/\/infotorrent.es\/ca\/sanidad-2\/la-regidoria-de-sanitat-de-torrent-reforca-amb-un-vehicle-addicional-lassistencia-domiciliaria\/","title":{"rendered":"La Regidoria de Sanitat de Torrent refor\u00e7a amb un vehicle addicional l&#8217;assist\u00e8ncia domicili\u00e0ria"},"content":{"rendered":"\n<p><strong>L&#8217;adquisici\u00f3 d&#8217;un nou cotxe permetr\u00e0 als professionals m\u00e8dics millorar l&#8217;efici\u00e8ncia en els seus despla\u00e7aments i garantir l&#8217;acc\u00e9s sanitari a tota la poblaci\u00f3<\/strong><\/p>\n\n\n\n<p>La Direcci\u00f3 d&#8217;Atenci\u00f3 Prim\u00e0ria del departament Val\u00e8ncia-Hospital General, a c\u00e0rrec del Doctor Francisco Javier Valderrama, ha sol\u00b7licitat formalment a l&#8217;Ajuntament de Torrent <strong>la concessi\u00f3 d&#8217;un vehicle d&#8217;\u00fas exclusiu a Torrent per a l&#8217;atenci\u00f3 sanit\u00e0ria domicili\u00e0ria en les zones del Vedat, Parc Central i urbanitzacions de la localitat<\/strong>. En este sentit, el Regidor de Sanitat de l&#8217;Ajuntament de Torrent, Santiago Calataiud, ha iniciat ja els tr\u00e0mits corresponents i ha procedit a la recollida del vehicle este mateix mat\u00ed per a donar suport a la necessitat sociosanit\u00e0ria que experimenta la nostra ciutat<\/p>\n\n\n\n<p>Esta zona b\u00e0sica compta amb diversos vehicles propis per\u00f2 insuficients per a donar una resposta acceptable a les necessitats reals d&#8217;una localitat que ja \u00e9s la quinta ciutat m\u00e9s poblada de la Comunitat Valenciana. En concret, este vehicle passar\u00e0 a formar part de l&#8217;equip assignat al Consultori Mont-Vedat, que en les \u00faltimes d\u00e8cades ha experimentat un enorme augment de la poblaci\u00f3 i que mantenen el nombre de centres residencials de majors m\u00e9s elevat de tota la comunitat aut\u00f2noma. Esta nova zona assistencial at\u00e9n m\u00e9s de 30.000 habitants, els pacients dels quals es dividixen entre els centres de salut Torrent III i el consultori auxiliar Mont-Vedat, la qual cosa produ\u00efx un gran volum de treball i la necessitat de mobilitzaci\u00f3 constant per part dels professionals m\u00e8dics, per a garantir una adequada atenci\u00f3 sanit\u00e0ria tant en els domicilis de pacients com en aquells llocs on es produ\u00efx una urg\u00e8ncia.<\/p>\n\n\n\n<p>El comprom\u00eds per part de la Regidoria de Sanitat de l&#8217;Ajuntament de Torrent \u00e9s el d&#8217;impulsar i secundar tots aquells aspectes necessaris que milloren la qualitat dels servicis sanitaris p\u00fablics de la localitat. Segons assegura Santiago Calatayud, <strong>\u201ceste esfor\u00e7 \u00e9s possible gr\u00e0cies a l&#8217;eliminaci\u00f3 de partides de gastos superflus i innecessaris que es feien en algunes de les delegacions\u201d<\/strong>. D&#8217;esta manera s&#8217;han pogut redirigir recursos locals a aquelles necessitats b\u00e0siques per als ve\u00efns de Torrent, com la compra d&#8217;este vehicle, <strong>\u201camb el qual podrem millorar l&#8217;efici\u00e8ncia dels nostres sanitaris en els seus despla\u00e7aments domiciliaris, reduirem els temps de resposta davant situacions d&#8217;urg\u00e8ncia i garantirem l&#8217;accessibilitat sanit\u00e0ria a tota la poblaci\u00f3, independentment del seu lloc de resid\u00e8ncia\u201d,<\/strong> exposa el regidor.<\/p>\n\n\n\n<p>Esta iniciativa se suma al treball que el propi regidor de Sanitat, Santiago Calatayud, porta realitzant des que va arribar al govern de la localitat al juliol de 2023, com el comprom\u00eds juntament amb la Conselleria de Sanitat de poder iniciar els tr\u00e0mits per a l&#8217;ampliaci\u00f3 del Consultori del Vedat a Centre de Salut. <strong>\u201cHi ha molt que encara s&#8217;ha de fer, i en aix\u00f2 estem, com sol\u00b7licitar a la Conselleria m\u00e9s places de sanitaris per a la nostra Atenci\u00f3 Prim\u00e0ria i la millora del Centre d&#8217;Especialitats de Sants Patrons\u201d<\/strong>, confessa Santiago Calatayud, i prosseguix: <strong>\u201cEl meu objectiu \u00e9s treballar responsablement per a donar solucions eficaces al servici d&#8217;urg\u00e8ncies de la nostra localitat, i que, al seu torn, repercutix en l&#8217;alliberament del col\u00b7lapse que est\u00e0 patint l&#8217;Hospital General de Val\u00e8ncia\u201d.<\/strong><\/p>\n\n\n\n<figure class=\"wp-block-image size-large\"><img fetchpriority=\"high\" decoding=\"async\" width=\"1024\" height=\"682\" src=\"https:\/\/infotorrent.es\/wp-content\/uploads\/2025\/12\/1-22-1024x682.jpg\" alt=\"\" class=\"wp-image-90345\" srcset=\"https:\/\/infotorrent.es\/wp-content\/uploads\/2025\/12\/1-22-1024x682.jpg 1024w, https:\/\/infotorrent.es\/wp-content\/uploads\/2025\/12\/1-22-300x200.jpg 300w, https:\/\/infotorrent.es\/wp-content\/uploads\/2025\/12\/1-22-768x512.jpg 768w, https:\/\/infotorrent.es\/wp-content\/uploads\/2025\/12\/1-22.jpg 1280w\" sizes=\"(max-width: 1024px) 100vw, 1024px\" \/><\/figure>\n","protected":false},"excerpt":{"rendered":"<p>L&#8217;adquisici\u00f3 d&#8217;un nou cotxe permetr\u00e0 als professionals m\u00e8dics millorar l&#8217;efici\u00e8ncia en els seus despla\u00e7aments i garantir l&#8217;acc\u00e9s sanitari a tota la poblaci\u00f3 La Direcci\u00f3 d&#8217;Atenci\u00f3 Prim\u00e0ria del departament Val\u00e8ncia-Hospital General, a c\u00e0rrec del Doctor Francisco Javier Valderrama, ha sol\u00b7licitat formalment a l&#8217;Ajuntament de Torrent la concessi\u00f3 d&#8217;un vehicle d&#8217;\u00fas exclusiu a Torrent per a l&#8217;atenci\u00f3 [&hellip;]<\/p>\n","protected":false},"author":20,"featured_media":90347,"comment_status":"open","ping_status":"open","sticky":false,"template":"","format":"standard","meta":{"_acf_changed":false,"footnotes":""},"categories":[150],"tags":[],"class_list":["post-90344","post","type-post","status-publish","format-standard","has-post-thumbnail","hentry","category-sanidad-2"],"acf":[],"_links":{"self":[{"href":"https:\/\/infotorrent.es\/ca\/wp-json\/wp\/v2\/posts\/90344","targetHints":{"allow":["GET"]}}],"collection":[{"href":"https:\/\/infotorrent.es\/ca\/wp-json\/wp\/v2\/posts"}],"about":[{"href":"https:\/\/infotorrent.es\/ca\/wp-json\/wp\/v2\/types\/post"}],"author":[{"embeddable":true,"href":"https:\/\/infotorrent.es\/ca\/wp-json\/wp\/v2\/users\/20"}],"replies":[{"embeddable":true,"href":"https:\/\/infotorrent.es\/ca\/wp-json\/wp\/v2\/comments?post=90344"}],"version-history":[{"count":1,"href":"https:\/\/infotorrent.es\/ca\/wp-json\/wp\/v2\/posts\/90344\/revisions"}],"predecessor-version":[{"id":90348,"href":"https:\/\/infotorrent.es\/ca\/wp-json\/wp\/v2\/posts\/90344\/revisions\/90348"}],"wp:featuredmedia":[{"embeddable":true,"href":"https:\/\/infotorrent.es\/ca\/wp-json\/wp\/v2\/media\/90347"}],"wp:attachment":[{"href":"https:\/\/infotorrent.es\/ca\/wp-json\/wp\/v2\/media?parent=90344"}],"wp:term":[{"taxonomy":"category","embeddable":true,"href":"https:\/\/infotorrent.es\/ca\/wp-json\/wp\/v2\/categories?post=90344"},{"taxonomy":"post_tag","embeddable":true,"href":"https:\/\/infotorrent.es\/ca\/wp-json\/wp\/v2\/tags?post=90344"}],"curies":[{"name":"wp","href":"https:\/\/api.w.org\/{rel}","templated":true}]}}