{"id":90273,"date":"2025-12-15T14:27:45","date_gmt":"2025-12-15T13:27:45","guid":{"rendered":"https:\/\/infotorrent.es\/?p=90273"},"modified":"2025-12-15T14:37:36","modified_gmt":"2025-12-15T13:37:36","slug":"aflora-un-tram-de-120-metres-de-la-sequia-medieval-del-reg-millenari-del-barranc-de-lhorteta-a-torrent-despres-de-la-dana","status":"publish","type":"post","link":"https:\/\/infotorrent.es\/ca\/noticies\/aflora-un-tram-de-120-metres-de-la-sequia-medieval-del-reg-millenari-del-barranc-de-lhorteta-a-torrent-despres-de-la-dana\/","title":{"rendered":"Aflora un tram de 120 metres de la s\u00e9quia medieval del Reg Mil\u00b7lenari del Barranc de l\u2019Horteta a Torrent despr\u00e9s de la DANA"},"content":{"rendered":"\n<p><strong>La DANA que va arrasar gran part del sender del Reg Mil\u00b7lenari i el seu patrimoni descobrix un tram ocult de la s\u00e9quia medieval que durant segles va portar l\u2019aigua a Torrent<\/strong><\/p>\n\n\n\n<p><strong>Fins al moment es creia que la s\u00e9quia major de Torrent partia des de l\u2019Assut del Pant\u00e0, per\u00f2 este descobriment demostraria que partia des del brollador de la Font de Sant Llu\u00eds, al Mas del Jutge<\/strong><\/p>\n\n\n\n<p>Un nou hallatge ha emergit entre els estralls provocats per la DANA del 29 d\u2019octubre de 2024. Les intenses pluges han tret a la llum un tram d\u2019aproximadament 120 metres de l\u2019antiga s\u00e9quia del Reg Mil\u00b7lenari del Barranc de l\u2019Horteta, una infraestructura hidr\u00e0ulica hist\u00f2rica que romania oculta sota terra des de fa d\u00e8cades i fins i tot algun segle.<\/p>\n\n\n\n<p>El descobriment ha sigut realitzat per Javier M\u00e1\u00f1ez, arque\u00f2leg que actualment supervisa les obres de la Confederaci\u00f3 Hidrogr\u00e0fica del X\u00faquer al Canal X\u00faquer\u2013T\u00faria. M\u00e1\u00f1ez mant\u00e9 des de fa anys una estreta col\u00b7laboraci\u00f3 amb l\u2019Ajuntament de Torrent, participant en investigacions i estudis com el Pla Director del Reg Mil\u00b7lenari del Barranc de l\u2019Horteta.<\/p>\n\n\n\n<p><strong>Una s\u00e9quia medieval revelada per la for\u00e7a de l\u2019aigua<\/strong><\/p>\n\n\n\n<p>La s\u00e9quia ha quedat visible en el mateix llit del barranc, on l\u2019aigua va arrossegar la terra que la cobria. El tram descobert no interfereix en les obres actuals de reconstrucci\u00f3 del llit i ha sigut balisat. En el seu extrem superior, l\u2019estructura ha desaparegut a causa de l\u2019erosi\u00f3 provocada per la barrancada, mentre que aig\u00fces avall encara roman soterrada.<\/p>\n\n\n\n<p>Les primeres an\u00e0lisis indiquen que presenta una factura tradicional: pedra i morter, amb l\u2019interior arrebossat, alguns trams amb rajoles i unes dimensions de 90 cm d\u2019al\u00e7\u00e0ria, 1,30 m d\u2019ampl\u00e0ria i un canal interior de 70 cm. A causa de la seua rellev\u00e0ncia i fragilitat, el tram ha sigut balisat per a evitar que els camions que treballen al barranc puguen danyar-lo accidentalment.<\/p>\n\n\n\n<p>L\u2019arque\u00f2leg Javier M\u00e1\u00f1ez i els investigadors locals com Boro C\u00edscar consideren probable que este tram formara part de la s\u00e9quia que condu\u00efa l\u2019aigua des de la Font de Sant Llu\u00eds, al Mas del Jutge, fins a l\u2019Assut del Pant\u00e0 i el nucli urb\u00e0 de Torrent.<\/p>\n\n\n\n<p>El regidor d\u2019Urbanisme i Medi Ambient, Jos\u00e9 Francisco Gozalvo, ha visitat el lloc junt amb l\u2019arque\u00f2leg Javier M\u00e1\u00f1ez i t\u00e8cnics municipals, destacant la import\u00e0ncia d\u2019este hallatge per a la mem\u00f2ria hidr\u00e0ulica i hist\u00f2rica de la ciutat. L\u2019edil ha subratllat que este tipus de descobriments \u201cposen de manifest la riquesa patrimonial que amaga el Barranc de l\u2019Horteta i la necessitat de preservar-la\u201d.<\/p>\n\n\n\n<p>Fins ara es creia que la s\u00e9quia major de Torrent partia des de l\u2019Assut del Pant\u00e0, per\u00f2 este descobriment demostraria que partia des del brollador de la Font de Sant Llu\u00eds, al Mas del Jutge.<\/p>\n\n\n\n<p><strong>El sender del Reg Mil\u00b7lenari, devastat per la DANA<\/strong><\/p>\n\n\n\n<p>El Reg Mil\u00b7lenari del Barranc de l\u2019Horteta recorre m\u00e9s de 14 quil\u00f2metres seguint les antigues infraestructures hidr\u00e0uliques que durant segles van abastir Torrent. Al llarg del recorregut es troben elements d\u2019un enorme valor patrimonial: el pont rom\u00e0 del Mas del Jutge, els Arquets de Baix i de Dalt, l\u2019Assut del Pant\u00e0, la Font de Sant Llu\u00eds, la Font del Clot de Bail\u00f3n, la mina del Xorro, l\u2019Arquillo o les restes de l\u2019antiga pedrera.<\/p>\n\n\n\n<p>No obstant aix\u00f2, la DANA del 29 d\u2019octubre de 2024 va arrasar completament grans trams del sender. En molts punts, el cam\u00ed va desapar\u00e9ixer absorbit per la for\u00e7a de l\u2019aigua, i alguns elements patrimonials van patir danys severs: els Arquets de Baix van ser enderrocats quasi en la seua totalitat, diversos carreus de l\u2019Assut del Pant\u00e0 es van desprendre, i nombroses estructures van quedar soterrades o despla\u00e7ades. La senyalitzaci\u00f3 interpretativa incorporada en els \u00faltims anys va desapar\u00e9ixer pr\u00e0cticament per complet.<\/p>\n\n\n\n<p><strong>Una recuperaci\u00f3 parcial mentre es planifica la restauraci\u00f3 integral<\/strong><\/p>\n\n\n\n<p>L\u2019Ajuntament de Torrent ha assenyalat que, encara que el sender no pot reconstruir-se de manera immediata, resulta prioritari recuperar la senyalitzaci\u00f3 dels elements patrimonials, preservant aix\u00ed la funci\u00f3 divulgativa i cultural del recorregut mentre s\u2019estudia una restauraci\u00f3 global del barranc, fet que s\u2019ha aconseguit gr\u00e0cies a la subvenci\u00f3 de la Diputaci\u00f3 de Val\u00e8ncia per a recuperar els panells tur\u00edstics.<\/p>\n\n\n\n<p>Esta reposici\u00f3 permetr\u00e0 que ve\u00efns i visitants puguen continuar identificant els elements hist\u00f2rics del Reg Mil\u00b7lenari i comprendre el seu paper en la complexa xarxa hidr\u00e0ulica medieval que va abastir la ciutat.<\/p>\n\n\n\n<p><strong>Un comprom\u00eds ferm amb la mem\u00f2ria del Barranc de l\u2019Horteta<\/strong><\/p>\n\n\n\n<p>El Consistori ha reafirmat el seu comprom\u00eds amb la conservaci\u00f3 del patrimoni natural i hist\u00f2ric de Torrent i ha agra\u00eft el suport de la Diputaci\u00f3 de Val\u00e8ncia, les ajudes de la qual estan permetent als municipis afectats per la DANA recuperar part de la seua identitat tur\u00edstica i cultural.<\/p>\n\n\n\n<p>El hallatge del nou tram de s\u00e9quia no sols revela un fragment ocult de la hist\u00f2ria de Torrent, sin\u00f3 que refor\u00e7a la import\u00e0ncia de protegir i estudiar un entorn que continua mostrant el seu valor fins i tot en moments d\u2019adversitat.<\/p>\n\n\n\n<figure class=\"wp-block-image size-large\"><img fetchpriority=\"high\" decoding=\"async\" width=\"1024\" height=\"768\" src=\"https:\/\/infotorrent.es\/wp-content\/uploads\/2025\/12\/acequia-4-1024x768.jpg\" alt=\"\" class=\"wp-image-90270\" srcset=\"https:\/\/infotorrent.es\/wp-content\/uploads\/2025\/12\/acequia-4-1024x768.jpg 1024w, https:\/\/infotorrent.es\/wp-content\/uploads\/2025\/12\/acequia-4-300x225.jpg 300w, https:\/\/infotorrent.es\/wp-content\/uploads\/2025\/12\/acequia-4-768x576.jpg 768w, https:\/\/infotorrent.es\/wp-content\/uploads\/2025\/12\/acequia-4-1536x1152.jpg 1536w, https:\/\/infotorrent.es\/wp-content\/uploads\/2025\/12\/acequia-4-2048x1536.jpg 2048w\" sizes=\"(max-width: 1024px) 100vw, 1024px\" \/><\/figure>\n\n\n\n<figure class=\"wp-block-gallery has-nested-images columns-default is-cropped wp-block-gallery-1 is-layout-flex wp-block-gallery-is-layout-flex\">\n<figure class=\"wp-block-image size-large\"><img decoding=\"async\" width=\"1024\" height=\"768\" data-id=\"90268\" src=\"https:\/\/infotorrent.es\/wp-content\/uploads\/2025\/12\/acequia-1-1024x768.jpg\" alt=\"\" class=\"wp-image-90268\" srcset=\"https:\/\/infotorrent.es\/wp-content\/uploads\/2025\/12\/acequia-1-1024x768.jpg 1024w, https:\/\/infotorrent.es\/wp-content\/uploads\/2025\/12\/acequia-1-300x225.jpg 300w, https:\/\/infotorrent.es\/wp-content\/uploads\/2025\/12\/acequia-1-768x576.jpg 768w, https:\/\/infotorrent.es\/wp-content\/uploads\/2025\/12\/acequia-1-1536x1152.jpg 1536w, https:\/\/infotorrent.es\/wp-content\/uploads\/2025\/12\/acequia-1-2048x1536.jpg 2048w\" sizes=\"(max-width: 1024px) 100vw, 1024px\" \/><\/figure>\n\n\n\n<figure class=\"wp-block-image size-large\"><img decoding=\"async\" width=\"1024\" height=\"768\" data-id=\"90266\" src=\"https:\/\/infotorrent.es\/wp-content\/uploads\/2025\/12\/acequia-2-1024x768.jpg\" alt=\"\" class=\"wp-image-90266\" srcset=\"https:\/\/infotorrent.es\/wp-content\/uploads\/2025\/12\/acequia-2-1024x768.jpg 1024w, https:\/\/infotorrent.es\/wp-content\/uploads\/2025\/12\/acequia-2-300x225.jpg 300w, https:\/\/infotorrent.es\/wp-content\/uploads\/2025\/12\/acequia-2-768x576.jpg 768w, https:\/\/infotorrent.es\/wp-content\/uploads\/2025\/12\/acequia-2-1536x1152.jpg 1536w, https:\/\/infotorrent.es\/wp-content\/uploads\/2025\/12\/acequia-2-2048x1536.jpg 2048w\" sizes=\"(max-width: 1024px) 100vw, 1024px\" \/><\/figure>\n\n\n\n<figure class=\"wp-block-image size-large\"><img loading=\"lazy\" decoding=\"async\" width=\"768\" height=\"1024\" data-id=\"90264\" src=\"https:\/\/infotorrent.es\/wp-content\/uploads\/2025\/12\/acequia-3-768x1024.jpg\" alt=\"\" class=\"wp-image-90264\" srcset=\"https:\/\/infotorrent.es\/wp-content\/uploads\/2025\/12\/acequia-3-768x1024.jpg 768w, https:\/\/infotorrent.es\/wp-content\/uploads\/2025\/12\/acequia-3-225x300.jpg 225w, https:\/\/infotorrent.es\/wp-content\/uploads\/2025\/12\/acequia-3-1152x1536.jpg 1152w, https:\/\/infotorrent.es\/wp-content\/uploads\/2025\/12\/acequia-3-1536x2048.jpg 1536w, https:\/\/infotorrent.es\/wp-content\/uploads\/2025\/12\/acequia-3-scaled.jpg 1920w\" sizes=\"(max-width: 768px) 100vw, 768px\" \/><\/figure>\n<\/figure>\n","protected":false},"excerpt":{"rendered":"<p>La DANA que va arrasar gran part del sender del Reg Mil\u00b7lenari i el seu patrimoni descobrix un tram ocult de la s\u00e9quia medieval que durant segles va portar l\u2019aigua a Torrent Fins al moment es creia que la s\u00e9quia major de Torrent partia des de l\u2019Assut del Pant\u00e0, per\u00f2 este descobriment demostraria que partia [&hellip;]<\/p>\n","protected":false},"author":21,"featured_media":90270,"comment_status":"open","ping_status":"open","sticky":false,"template":"","format":"standard","meta":{"_acf_changed":false,"footnotes":""},"categories":[116,127,133,140,1160],"tags":[],"class_list":["post-90273","post","type-post","status-publish","format-standard","has-post-thumbnail","hentry","category-noticies","category-noticias-2","category-urbanisme","category-urbanismo-3","category-urbanismo-noticias-ca"],"acf":[],"_links":{"self":[{"href":"https:\/\/infotorrent.es\/ca\/wp-json\/wp\/v2\/posts\/90273","targetHints":{"allow":["GET"]}}],"collection":[{"href":"https:\/\/infotorrent.es\/ca\/wp-json\/wp\/v2\/posts"}],"about":[{"href":"https:\/\/infotorrent.es\/ca\/wp-json\/wp\/v2\/types\/post"}],"author":[{"embeddable":true,"href":"https:\/\/infotorrent.es\/ca\/wp-json\/wp\/v2\/users\/21"}],"replies":[{"embeddable":true,"href":"https:\/\/infotorrent.es\/ca\/wp-json\/wp\/v2\/comments?post=90273"}],"version-history":[{"count":1,"href":"https:\/\/infotorrent.es\/ca\/wp-json\/wp\/v2\/posts\/90273\/revisions"}],"predecessor-version":[{"id":90275,"href":"https:\/\/infotorrent.es\/ca\/wp-json\/wp\/v2\/posts\/90273\/revisions\/90275"}],"wp:featuredmedia":[{"embeddable":true,"href":"https:\/\/infotorrent.es\/ca\/wp-json\/wp\/v2\/media\/90270"}],"wp:attachment":[{"href":"https:\/\/infotorrent.es\/ca\/wp-json\/wp\/v2\/media?parent=90273"}],"wp:term":[{"taxonomy":"category","embeddable":true,"href":"https:\/\/infotorrent.es\/ca\/wp-json\/wp\/v2\/categories?post=90273"},{"taxonomy":"post_tag","embeddable":true,"href":"https:\/\/infotorrent.es\/ca\/wp-json\/wp\/v2\/tags?post=90273"}],"curies":[{"name":"wp","href":"https:\/\/api.w.org\/{rel}","templated":true}]}}