{"id":90169,"date":"2025-12-12T12:02:26","date_gmt":"2025-12-12T11:02:26","guid":{"rendered":"https:\/\/infotorrent.es\/?p=90169"},"modified":"2025-12-12T12:07:09","modified_gmt":"2025-12-12T11:07:09","slug":"torrent-es-postula-com-a-capital-mundial-de-mascotes-amb-exhibicions-internacionals-canines-i-felines-este-cap-de-setmana","status":"publish","type":"post","link":"https:\/\/infotorrent.es\/ca\/noticies\/torrent-es-postula-com-a-capital-mundial-de-mascotes-amb-exhibicions-internacionals-canines-i-felines-este-cap-de-setmana\/","title":{"rendered":"Torrent es postula com a capital mundial de mascotes amb exhibicions internacionals canines i felines este cap de setmana"},"content":{"rendered":"\n<p>L&#8217;esdeveniment can\u00ed se celebrar\u00e0 en l&#8217;\u00c0gora de Parc Central, mentres que el fel\u00ed ho far\u00e0 en el Pavell\u00f3 Municipal del Vedat<\/p>\n\n\n\n<p>Entre els dos cert\u00e0mens, s&#8217;esperen milers de visitants de tot el m\u00f3n este cap de setmana a Torrent<\/p>\n\n\n\n<p>Este cap de setmana, Torrent es posiciona com a epicentre del m\u00f3n animal en acollir simult\u00e0niament la segona Exhibici\u00f3 Felina Internacional \u2013 promoguda per la World Cat Federation (WCF) i el Club Fel\u00ed del Cant\u00e0bric \u2013 i la 85a i 86a Exposici\u00f3 Nacional i Internacional Canina \u2013 sota la Societat Valenciana per al Foment de les Races Canines i la Reial Societat Canina d&#8217;Espanya \u2013. Estos dos esdeveniments emblem\u00e0tics, que se celebraran els dies 13 i 14 de desembre, fusionen l&#8217;eleg\u00e0ncia de m\u00e9s de 200 gats de 21 races ex\u00f2tiques amb la vitalitat d&#8217;al voltant de 1.000 gossos de m\u00e9s de 200 races, atraient a milers de visitants de tot el m\u00f3n. Entre els dos esdeveniments internacionals, Torrent acollir\u00e0 gossos i gats d&#8217;uns vint pa\u00efsos, entre els quals es troben els EUA, el Jap\u00f3, Espanya, Fran\u00e7a, Su\u00efssa, It\u00e0lia, Let\u00f2nia, Ucra\u00efna, l&#8217;Ar\u00e0bia Saudita i la Xina.<\/p>\n\n\n\n<p>Organitzats per la Regidoria de Benestar Animal de l&#8217;Ajuntament de Torrent, estos cert\u00e0mens no sols celebren la bellesa i diversitat animal, sin\u00f3 que posicionen al municipi en el centre de dos esdeveniments internacionals que contribu\u00efxen a projectar la imatge de la nostra ciutat com a referent cultural, familiar i dinamitzador del turisme local. En este sentit, el regidor de l&#8217;\u00e0rea, Santiago Calatayud, assegura que \u201cTorrent ha aconseguit una cosa \u00fanica a Espanya: ser l&#8217;\u00fanica ciutat que reunix en un mateix cap de setmana als millors gats i gossos del m\u00f3n. Aix\u00f2 no \u00e9s casualitat, \u00e9s el resultat d&#8217;una aposta decidida per la nostra ciutat, el nostre turisme, les nostres fam\u00edlies i els nostres comer\u00e7os com a senyes d&#8217;identitat\u201d. A m\u00e9s, els esdeveniments tamb\u00e9 promouen causes solid\u00e0ries com la recol\u00b7lecci\u00f3 de pinso per a col\u00f2nies municipals, col\u00b7laborant d&#8217;esta manera en la protecci\u00f3 animal.<\/p>\n\n\n\n<p>Exhibici\u00f3 Internacional Felina en el Pavell\u00f3 El Vedat<\/p>\n\n\n\n<p>L&#8217;Exhibici\u00f3 Internacional Felina, en la seua segona edici\u00f3 a Torrent, es disputar\u00e0 en el Pavell\u00f3 Esportiu Municipal El Vedat i inclour\u00e0 m\u00e9s de dos-cents gats de 21 races espectaculars com el Transsilv\u00e0nia, Bengal, Cornish Rex, Devon Rex, Oriental, Somali \u2013 en la seua estrena espanyola \u2013 i el Siberi\u00e0, amb participants d&#8217;Espanya, It\u00e0lia, Su\u00efssa, Fran\u00e7a i Ucra\u00efna. La fira felina comptar\u00e0 amb la participaci\u00f3 de huit campions mundials, i tots competiran per t\u00edtols com a Campi\u00f3 Internacional o \u2018Best Cat\u2019 de la WCF, jutjats per cinc experts de Let\u00f2nia, Alemanya, Fran\u00e7a, It\u00e0lia i Pa\u00efsos Baixos. El programa arranca el dissabte amb classificacions per ra\u00e7a i color, seguit de semifinals, i culmina el diumenge amb la gran final, xarrades educatives sobre cuidat responsable i activitats familiars.<\/p>\n\n\n\n<p>Exposici\u00f3 Nacional i Internacional Canina en l&#8217;\u00c0gora<\/p>\n\n\n\n<p>Paral\u00b7lelament, l&#8217;Exposici\u00f3 Nacional i Internacional Canina, en l&#8217;\u00c0gora de Parc Central, reunir\u00e0 mil exemplars de diferents races nacionals i internacionals \u2013 incloent l&#8217;aut\u00f2cton Gos Rater Valenci\u00e1 \u2013 que seran avaluats per 14 jutges segons est\u00e0ndards de bellesa i funcionalitat. El cap de setmana inclour\u00e0 campionats per punts per a obtindre els t\u00edtols de Campi\u00f3 Nacional i Internacional \u2013 d&#8217;on eixiran els futurs campions de la Reial Societat Canina d&#8217;Espanya \u2013, exhibicions de disciplina canina, demostracions de la Unitat Militar d&#8217;Emerg\u00e8ncies (UME) en busca, rastreig i operacions en cat\u00e0strofes, emerg\u00e8ncies o casos de greu risc p\u00fablic, aix\u00ed com tallers infantils i activitats per al gaudi de tota la fam\u00edlia.<\/p>\n\n\n\n<p>Torrent, pionera a Espanya en l&#8217;organitzaci\u00f3 de dos fires internacionals simult\u00e0nies<\/p>\n\n\n\n<p>Amb tot aix\u00f2, Torrent ser\u00e0 l&#8217;\u00fanica ciutat espanyola que alberga les dos fires internacionals el mateix cap de setmana, una fita que impulsa l&#8217;hostaleria local i projecta la ciutat com a dest\u00ed vibrant per a amants de les mascotes.<\/p>\n\n\n\n<p>En un enfocament solidari que unix els dos esdeveniments, s&#8217;impulsar\u00e0 una campanya conjunta de donacions d&#8217;aliment \u2013 especialment pinso per a gats i gossos \u2013 per a les col\u00f2nies felines i canines municipals, gestionada per voluntaris. &#8220;Estos esdeveniments s\u00f3n una oportunitat \u00fanica per a mostrar el comprom\u00eds de Torrent amb la defensa i la cura dels animals, sensibilitzant a la ciutadania amb ferramentes i coneixements per a un tracte digne i responsable&#8221;, assegura Santiago Calatayud, regidor de Benestar Animal de l&#8217;Ajuntament de Torrent.<\/p>\n\n\n\n<p>Amb m\u00e9s de 1.200 mascotes en lli\u00e7a, ju\u00eds en viu, demostracions espectaculars i un ambient familiar, l\u00fadic i educatiu, estos cert\u00e0mens esperen superar els r\u00e8cords d&#8217;assist\u00e8ncia previs. Torrent convida a fam\u00edlies, experts i curiosos a un cap de setmana inoblidable que enfortix el vincle entre persones i mascotes, mentres genera recursos per a causes solid\u00e0ries. L&#8217;entrada a les dos fires \u00e9s gratu\u00efta, i es preveu un impacte econ\u00f2mic i cultural que eleve encara m\u00e9s el perfil de la ciutat com a &#8220;capital de les mascotes&#8221; a Europa.<\/p>\n\n\n\n<figure class=\"wp-block-image size-full\"><img fetchpriority=\"high\" decoding=\"async\" width=\"1024\" height=\"683\" src=\"https:\/\/infotorrent.es\/wp-content\/uploads\/2025\/12\/1-33.jpg\" alt=\"\" class=\"wp-image-90166\" srcset=\"https:\/\/infotorrent.es\/wp-content\/uploads\/2025\/12\/1-33.jpg 1024w, https:\/\/infotorrent.es\/wp-content\/uploads\/2025\/12\/1-33-300x200.jpg 300w, https:\/\/infotorrent.es\/wp-content\/uploads\/2025\/12\/1-33-768x512.jpg 768w\" sizes=\"(max-width: 1024px) 100vw, 1024px\" \/><\/figure>\n\n\n\n<figure class=\"wp-block-gallery has-nested-images columns-default is-cropped wp-block-gallery-1 is-layout-flex wp-block-gallery-is-layout-flex\">\n<figure class=\"wp-block-image size-large\"><img decoding=\"async\" width=\"819\" height=\"1024\" data-id=\"90162\" src=\"https:\/\/infotorrent.es\/wp-content\/uploads\/2025\/12\/Cartel-2-1-819x1024.jpg\" alt=\"\" class=\"wp-image-90162\" srcset=\"https:\/\/infotorrent.es\/wp-content\/uploads\/2025\/12\/Cartel-2-1-819x1024.jpg 819w, https:\/\/infotorrent.es\/wp-content\/uploads\/2025\/12\/Cartel-2-1-240x300.jpg 240w, https:\/\/infotorrent.es\/wp-content\/uploads\/2025\/12\/Cartel-2-1-768x960.jpg 768w, https:\/\/infotorrent.es\/wp-content\/uploads\/2025\/12\/Cartel-2-1.jpg 1080w\" sizes=\"(max-width: 819px) 100vw, 819px\" \/><\/figure>\n\n\n\n<figure class=\"wp-block-image size-large\"><img decoding=\"async\" width=\"819\" height=\"1024\" data-id=\"90160\" src=\"https:\/\/infotorrent.es\/wp-content\/uploads\/2025\/12\/Cartel-1-1-1-819x1024.jpg\" alt=\"\" class=\"wp-image-90160\" srcset=\"https:\/\/infotorrent.es\/wp-content\/uploads\/2025\/12\/Cartel-1-1-1-819x1024.jpg 819w, https:\/\/infotorrent.es\/wp-content\/uploads\/2025\/12\/Cartel-1-1-1-240x300.jpg 240w, https:\/\/infotorrent.es\/wp-content\/uploads\/2025\/12\/Cartel-1-1-1-768x960.jpg 768w, https:\/\/infotorrent.es\/wp-content\/uploads\/2025\/12\/Cartel-1-1-1.jpg 1080w\" sizes=\"(max-width: 819px) 100vw, 819px\" \/><\/figure>\n<\/figure>\n\n\n\n<figure class=\"wp-block-image size-large\"><img loading=\"lazy\" decoding=\"async\" width=\"1024\" height=\"683\" src=\"https:\/\/infotorrent.es\/wp-content\/uploads\/2025\/12\/3-20.jpg\" alt=\"\" class=\"wp-image-90164\" srcset=\"https:\/\/infotorrent.es\/wp-content\/uploads\/2025\/12\/3-20.jpg 1024w, https:\/\/infotorrent.es\/wp-content\/uploads\/2025\/12\/3-20-300x200.jpg 300w, https:\/\/infotorrent.es\/wp-content\/uploads\/2025\/12\/3-20-768x512.jpg 768w\" sizes=\"(max-width: 1024px) 100vw, 1024px\" \/><\/figure>\n","protected":false},"excerpt":{"rendered":"<p>L&#8217;esdeveniment can\u00ed se celebrar\u00e0 en l&#8217;\u00c0gora de Parc Central, mentres que el fel\u00ed ho far\u00e0 en el Pavell\u00f3 Municipal del Vedat Entre els dos cert\u00e0mens, s&#8217;esperen milers de visitants de tot el m\u00f3n este cap de setmana a Torrent Este cap de setmana, Torrent es posiciona com a epicentre del m\u00f3n animal en acollir simult\u00e0niament [&hellip;]<\/p>\n","protected":false},"author":21,"featured_media":90166,"comment_status":"open","ping_status":"open","sticky":false,"template":"","format":"standard","meta":{"_acf_changed":false,"footnotes":""},"categories":[134,1163,127,116],"tags":[],"class_list":["post-90169","post","type-post","status-publish","format-standard","has-post-thumbnail","hentry","category-benestar-animal","category-bienestar-animal-ca","category-noticias-2","category-noticies"],"acf":[],"_links":{"self":[{"href":"https:\/\/infotorrent.es\/ca\/wp-json\/wp\/v2\/posts\/90169","targetHints":{"allow":["GET"]}}],"collection":[{"href":"https:\/\/infotorrent.es\/ca\/wp-json\/wp\/v2\/posts"}],"about":[{"href":"https:\/\/infotorrent.es\/ca\/wp-json\/wp\/v2\/types\/post"}],"author":[{"embeddable":true,"href":"https:\/\/infotorrent.es\/ca\/wp-json\/wp\/v2\/users\/21"}],"replies":[{"embeddable":true,"href":"https:\/\/infotorrent.es\/ca\/wp-json\/wp\/v2\/comments?post=90169"}],"version-history":[{"count":1,"href":"https:\/\/infotorrent.es\/ca\/wp-json\/wp\/v2\/posts\/90169\/revisions"}],"predecessor-version":[{"id":90171,"href":"https:\/\/infotorrent.es\/ca\/wp-json\/wp\/v2\/posts\/90169\/revisions\/90171"}],"wp:featuredmedia":[{"embeddable":true,"href":"https:\/\/infotorrent.es\/ca\/wp-json\/wp\/v2\/media\/90166"}],"wp:attachment":[{"href":"https:\/\/infotorrent.es\/ca\/wp-json\/wp\/v2\/media?parent=90169"}],"wp:term":[{"taxonomy":"category","embeddable":true,"href":"https:\/\/infotorrent.es\/ca\/wp-json\/wp\/v2\/categories?post=90169"},{"taxonomy":"post_tag","embeddable":true,"href":"https:\/\/infotorrent.es\/ca\/wp-json\/wp\/v2\/tags?post=90169"}],"curies":[{"name":"wp","href":"https:\/\/api.w.org\/{rel}","templated":true}]}}