{"id":90149,"date":"2025-12-12T09:02:34","date_gmt":"2025-12-12T08:02:34","guid":{"rendered":"https:\/\/infotorrent.es\/?p=90149"},"modified":"2025-12-12T09:02:38","modified_gmt":"2025-12-12T08:02:38","slug":"lajuntament-i-els-comerciants-acorden-traslladar-liii-mercat-de-nadal-a-la-fi-de-setmana-del-19-al-21-de-desembre","status":"publish","type":"post","link":"https:\/\/infotorrent.es\/ca\/comercio-mercados-y-empleo-ca\/lajuntament-i-els-comerciants-acorden-traslladar-liii-mercat-de-nadal-a-la-fi-de-setmana-del-19-al-21-de-desembre\/","title":{"rendered":"L&#8217;Ajuntament i els comerciants acorden traslladar l&#8217;III Mercat de Nadal a la fi de setmana del 19 al 21 de desembre"},"content":{"rendered":"\n<p>L&#8217;Ajuntament de Torrent ha mantingut en el mat\u00ed de hui una reuni\u00f3 amb els comer\u00e7os participants en l&#8217;III Mercat de Nadal, en la qual s&#8217;ha analitzat la previsi\u00f3 meteorol\u00f2gica per a este cap de setmana i les possibles conseq\u00fc\u00e8ncies que les inclem\u00e8ncies del temps podrien ocasionar en el normal desenrotllament de l&#8217;esdeveniment i en l&#8217;activitat dels propis comerciants.<\/p>\n\n\n\n<p>Despr\u00e9s de valorar conjuntament la situaci\u00f3 i davant la impossibilitat de garantir una reacci\u00f3 a temps en cas de pluges intenses, les dos parts han acordat traslladar la celebraci\u00f3 del Mercat de Nadal al pr\u00f2xim cap de setmana, del 19 al 21 de desembre, mantenint la programaci\u00f3 i la ubicaci\u00f3 previstes en la Pla\u00e7a Va unir Musical.<\/p>\n\n\n\n<p>Les dos parts han destacat que la prioritat \u00e9s protegir l&#8217;activitat comercial, evitar perju\u00eds econ\u00f2mics i assegurar que els ve\u00efns i ve\u00efnes puguen gaudir del mercat amb total normalitat, garantint un millor desenrotllament de l&#8217;esdeveniment i una major aflu\u00e8ncia de p\u00fablic.<\/p>\n\n\n\n<p>L&#8217;III Mercat de Nadal oferir\u00e0, com en anteriors edicions, casetes de comer\u00e7 local, activitats infantils, tallers, la Casa de Pap\u00e0 Noel i demostracions artesanals, entre altres activitats.<\/p>\n\n\n\n<p>\u2003<\/p>\n\n\n\n<figure class=\"wp-block-image size-large\"><img fetchpriority=\"high\" decoding=\"async\" width=\"1024\" height=\"1024\" src=\"https:\/\/infotorrent.es\/wp-content\/uploads\/2025\/12\/Cartel-3-1024x1024.jpg\" alt=\"\" class=\"wp-image-90150\" srcset=\"https:\/\/infotorrent.es\/wp-content\/uploads\/2025\/12\/Cartel-3-1024x1024.jpg 1024w, https:\/\/infotorrent.es\/wp-content\/uploads\/2025\/12\/Cartel-3-300x300.jpg 300w, https:\/\/infotorrent.es\/wp-content\/uploads\/2025\/12\/Cartel-3-150x150.jpg 150w, https:\/\/infotorrent.es\/wp-content\/uploads\/2025\/12\/Cartel-3-768x768.jpg 768w, https:\/\/infotorrent.es\/wp-content\/uploads\/2025\/12\/Cartel-3-1536x1536.jpg 1536w, https:\/\/infotorrent.es\/wp-content\/uploads\/2025\/12\/Cartel-3-700x700.jpg 700w, https:\/\/infotorrent.es\/wp-content\/uploads\/2025\/12\/Cartel-3.jpg 1600w\" sizes=\"(max-width: 1024px) 100vw, 1024px\" \/><\/figure>\n","protected":false},"excerpt":{"rendered":"<p>L&#8217;Ajuntament de Torrent ha mantingut en el mat\u00ed de hui una reuni\u00f3 amb els comer\u00e7os participants en l&#8217;III Mercat de Nadal, en la qual s&#8217;ha analitzat la previsi\u00f3 meteorol\u00f2gica per a este cap de setmana i les possibles conseq\u00fc\u00e8ncies que les inclem\u00e8ncies del temps podrien ocasionar en el normal desenrotllament de l&#8217;esdeveniment i en l&#8217;activitat [&hellip;]<\/p>\n","protected":false},"author":20,"featured_media":90152,"comment_status":"open","ping_status":"open","sticky":false,"template":"","format":"standard","meta":{"_acf_changed":false,"footnotes":""},"categories":[1205],"tags":[],"class_list":["post-90149","post","type-post","status-publish","format-standard","has-post-thumbnail","hentry","category-comercio-mercados-y-empleo-ca"],"acf":[],"_links":{"self":[{"href":"https:\/\/infotorrent.es\/ca\/wp-json\/wp\/v2\/posts\/90149","targetHints":{"allow":["GET"]}}],"collection":[{"href":"https:\/\/infotorrent.es\/ca\/wp-json\/wp\/v2\/posts"}],"about":[{"href":"https:\/\/infotorrent.es\/ca\/wp-json\/wp\/v2\/types\/post"}],"author":[{"embeddable":true,"href":"https:\/\/infotorrent.es\/ca\/wp-json\/wp\/v2\/users\/20"}],"replies":[{"embeddable":true,"href":"https:\/\/infotorrent.es\/ca\/wp-json\/wp\/v2\/comments?post=90149"}],"version-history":[{"count":1,"href":"https:\/\/infotorrent.es\/ca\/wp-json\/wp\/v2\/posts\/90149\/revisions"}],"predecessor-version":[{"id":90153,"href":"https:\/\/infotorrent.es\/ca\/wp-json\/wp\/v2\/posts\/90149\/revisions\/90153"}],"wp:featuredmedia":[{"embeddable":true,"href":"https:\/\/infotorrent.es\/ca\/wp-json\/wp\/v2\/media\/90152"}],"wp:attachment":[{"href":"https:\/\/infotorrent.es\/ca\/wp-json\/wp\/v2\/media?parent=90149"}],"wp:term":[{"taxonomy":"category","embeddable":true,"href":"https:\/\/infotorrent.es\/ca\/wp-json\/wp\/v2\/categories?post=90149"},{"taxonomy":"post_tag","embeddable":true,"href":"https:\/\/infotorrent.es\/ca\/wp-json\/wp\/v2\/tags?post=90149"}],"curies":[{"name":"wp","href":"https:\/\/api.w.org\/{rel}","templated":true}]}}