{"id":90135,"date":"2025-12-11T13:50:36","date_gmt":"2025-12-11T12:50:36","guid":{"rendered":"https:\/\/infotorrent.es\/?p=90135"},"modified":"2025-12-11T13:56:41","modified_gmt":"2025-12-11T12:56:41","slug":"el-nou-pas-del-cami-dels-arquets-reobri-este-divendres-despres-de-la-installacio-de-20-nous-marcs-que-multipliquen-la-seua-capacitat-hidraulica","status":"publish","type":"post","link":"https:\/\/infotorrent.es\/ca\/noticies\/el-nou-pas-del-cami-dels-arquets-reobri-este-divendres-despres-de-la-installacio-de-20-nous-marcs-que-multipliquen-la-seua-capacitat-hidraulica\/","title":{"rendered":"El nou pas del Cam\u00ed dels Arquets reobri este divendres despr\u00e9s de la instal\u00b7laci\u00f3 de 20 nous marcs que multipliquen la seua capacitat hidr\u00e1ulica"},"content":{"rendered":"\n<p><strong>La infraestructura del Cam\u00ed dels Arquets es refor\u00e7a per a suportar pluges i evitar tancaments en episodis de precipitacions<\/strong><\/p>\n\n\n\n<p><strong>Les obres continuaran amb la creaci\u00f3 d\u2019esculleres en l\u2019Horteta i ser\u00e0 asfaltat a mitjan gener<\/strong><\/p>\n\n\n\n<p><strong>Torrent, 11 de desembre de 2025.-<\/strong> L\u2019Ajuntament de Torrent obrir\u00e0 este divendres 12 de desembre el pas del Cam\u00ed dels Arquets sobre el barranc de l\u2019Horteta, despr\u00e9s d\u2019haver rom\u00e0s tancat durant l\u2019\u00faltim mes per les obres de reconstrucci\u00f3 que han transformat esta via rural en una infraestructura m\u00e9s segura i resistent davant les pluges. La reobertura permetr\u00e0 recuperar la circulaci\u00f3 en este tram, encara que els treballs continuaran durant les pr\u00f2ximes setmanes fins a la seua finalitzaci\u00f3 completa.<\/p>\n\n\n\n<p>Les obres realitzades han incl\u00f2s la instal\u00b7laci\u00f3 de 20 marcs de formig\u00f3 de 2&#215;2 metres, elements que amplien de manera considerable la capacitat d\u2019aigua que pot circular per davall del pas. Esta actuaci\u00f3 garanteix que, en la majoria d\u2019episodis de pluja, el pas del Cam\u00ed dels Arquets ja no haur\u00e0 de tancar-se com ocorria anteriorment, ja que la seua capacitat hidr\u00e0ulica \u00e9s ara molt superior a la que existia abans d\u2019estes actuacions, i fins i tot superior a la pr\u00e8via a la DANA del 29 d\u2019octubre de 2024.<\/p>\n\n\n\n<p>Encara que dem\u00e0 el pas s\u2019obrir\u00e0 al tr\u00e0nsit, els treballs no han concl\u00f2s. Actualment, s\u2019estan construint esculleres de roca a banda i banda del pas, estructures que protegiran l\u2019obra i refor\u00e7aran la seguretat davant possibles crescudes del barranc. A m\u00e9s, est\u00e0 previst que a mitjan gener es realitze l\u2019asfaltat complet del tram, completant aix\u00ed l\u2019actuaci\u00f3 integral prevista per a esta infraestructura clau del municipi.<\/p>\n\n\n\n<p>Durant el temps que ha estat tancat el pas, l\u2019Ajuntament va habilitar un itinerari alternatiu junt a l\u2019A7, que ha perm\u00e9s mantindre la comunicaci\u00f3 amb la zona rural. Este pas provisional es tancar\u00e0 dem\u00e0, despr\u00e9s de la reobertura del Cam\u00ed dels Arquets, per a executar obres de millora, i s\u2019espera que torne a obrir aproximadament el 19 de desembre, una vegada finalitzades les intervencions previstes.<\/p>\n\n\n\n<p>L\u2019alcaldessa de Torrent, <strong>Amparo Folgado<\/strong>, i el regidor d\u2019Urbanisme, <strong>Jos\u00e9 Francisco Gozalvo, <\/strong>han visitat hui les obres abans de la seua reobertura. Tots dos han destacat la import\u00e0ncia d\u2019estes actuacions per a garantir la seguretat i millorar la mobilitat en la zona rural de Torrent.<\/p>\n\n\n\n<p>L\u2019alcaldessa Folgado ha afirmat que<strong> \u201cla reobertura del pas dels Arquets suposa un alleujament per als nostres ve\u00efns i agricultors, que recuperen una via fonamental per a la comunicaci\u00f3 amb la zona rural. Esta actuaci\u00f3 no sols repara els danys de la DANA, sin\u00f3 que modernitza completament la infraestructura per a evitar els tancaments continus que es produ\u00efen amb cada episodi de pluja\u201d.<\/strong> A m\u00e9s, l\u2019alcaldessa ha assenyalat que \u201cesta important obra ha d\u2019anar acompanyada de la reconstrucci\u00f3 del barranc de l\u2019Horteta aig\u00fces amunt, com demanem insistentment a la CHJ, amb obres de laminaci\u00f3 i retenci\u00f3 d\u2019aig\u00fces\u201d.<\/p>\n\n\n\n<p>Per la seua part, el regidor d\u2019Urbanisme, Jos\u00e9 Francisco Gozalvo, ha destacat que <strong>\u201cels nous 20 marcs instal\u00b7lats multipliquen la capacitat d\u2019evacuaci\u00f3 de l\u2019aigua i permeten que el cam\u00ed siga molt m\u00e9s segur. Encara que dem\u00e0 obrim al tr\u00e0nsit, continuarem treballant en les esculleres i en el futur asfaltat per a completar una obra que marcar\u00e0 un abans i un despr\u00e9s en esta zona del terme municipal\u201d.<\/strong><\/p>\n\n\n\n<p>Esta intervenci\u00f3 s\u2019emmarca dins del contracte d\u2019emerg\u00e8ncia impulsat per l\u2019Ajuntament de Torrent despr\u00e9s de la DANA de 2024, actuaci\u00f3 que est\u00e0 sufragada amb fons de l\u2019Estat. El projecte integral inclou treballs en el Cam\u00ed dels Arquets, el creuament del Pas de Brusa i l\u2019obra de pas sobre el barranc de l\u2019Horteta. Entre les actuacions realitzades es troben la demolici\u00f3 d\u2019estructures danyades, la instal\u00b7laci\u00f3 dels nous marcs de formig\u00f3, l\u2019execuci\u00f3 de defenses, la neteja del llit i la reposici\u00f3 dels servicis municipals afectats.<\/p>\n\n\n\n<p>La millora d\u2019este pas inundable respon a la necessitat d\u2019augmentar la resist\u00e8ncia i la seguretat de la via davant les pluges, ja que fins ara els episodis de precipitaci\u00f3 provocaven el tancament recurrent del pas, afectant la mobilitat dels ve\u00efns i l\u2019activitat agr\u00edcola de la zona. Amb la instal\u00b7laci\u00f3 dels marcs de 2&#215;2 metres, el pas pot evacuar un volum d\u2019aigua molt major, reduint significativament la probabilitat de talls per inundaci\u00f3.<\/p>\n\n\n\n<p>L\u2019Ajuntament tamb\u00e9 est\u00e0 duent a terme la construcci\u00f3 d\u2019esculleres de roca a banda i banda del pas, que refor\u00e7aran l\u2019estabilitat del terreny i protegiran l\u2019estructura davant futures avingudes d\u2019aigua. Una vegada completades, estes defenses complementaran la capacitat dels marcs, millorant de manera integral la seguretat del pas.<\/p>\n\n\n\n<p>L\u2019asfaltat complet del tram, previst per a mitjan gener, posar\u00e0 fi a l\u2019actuaci\u00f3 i permetr\u00e0 que la via recupere la seua plena funcionalitat i comoditat per als usuaris. Esta \u00faltima fase inclour\u00e0 la pavimentaci\u00f3 del pas i la nivellaci\u00f3 del ferm, consolidant aix\u00ed una via m\u00e9s resistent i duradora.<\/p>\n\n\n\n<p>Amb la reobertura de dem\u00e0, Torrent avan\u00e7a cap a la finalitzaci\u00f3 d\u2019una intervenci\u00f3 priorit\u00e0ria, que no sols respon a la reparaci\u00f3 dels danys causats per la DANA, sin\u00f3 que introdu\u00efx millores estructurals per a garantir la continu\u00eftat del tr\u00e0nsit en condicions de pluja, evitant els talls freq\u00fcents que es produ\u00efen en el passat.<\/p>\n\n\n\n<p>De manera simult\u00e0nia, es tanca temporalment el pas alternatiu per l\u2019A7, que ha estat operatiu mentre durava l\u2019obra principal. Este tancament permetr\u00e0 executar millores addicionals i s\u2019estima que el pas provisional reobrir\u00e0 aproximadament el 19 de desembre, garantint aix\u00ed la mobilitat.<\/p>\n\n\n\n<p>Amb estes actuacions, l\u2019Ajuntament de Torrent reafirma el seu comprom\u00eds amb la seguretat, la mobilitat i la millora de les infraestructures rurals, recuperant vies clau per als ve\u00efns i agricultors i modernitzant els passos inundables per a estar millor preparats davant fen\u00f2mens meteorol\u00f2gics adversos.<\/p>\n\n\n\n<figure class=\"wp-block-image size-large\"><img fetchpriority=\"high\" decoding=\"async\" width=\"1024\" height=\"682\" src=\"https:\/\/infotorrent.es\/wp-content\/uploads\/2025\/12\/WhatsApp-Image-2025-12-11-at-13.21.00-1024x682.jpeg\" alt=\"\" class=\"wp-image-90132\" srcset=\"https:\/\/infotorrent.es\/wp-content\/uploads\/2025\/12\/WhatsApp-Image-2025-12-11-at-13.21.00-1024x682.jpeg 1024w, https:\/\/infotorrent.es\/wp-content\/uploads\/2025\/12\/WhatsApp-Image-2025-12-11-at-13.21.00-300x200.jpeg 300w, https:\/\/infotorrent.es\/wp-content\/uploads\/2025\/12\/WhatsApp-Image-2025-12-11-at-13.21.00-768x512.jpeg 768w, https:\/\/infotorrent.es\/wp-content\/uploads\/2025\/12\/WhatsApp-Image-2025-12-11-at-13.21.00-1536x1023.jpeg 1536w, https:\/\/infotorrent.es\/wp-content\/uploads\/2025\/12\/WhatsApp-Image-2025-12-11-at-13.21.00.jpeg 1600w\" sizes=\"(max-width: 1024px) 100vw, 1024px\" \/><\/figure>\n\n\n\n<figure class=\"wp-block-gallery has-nested-images columns-default is-cropped wp-block-gallery-1 is-layout-flex wp-block-gallery-is-layout-flex\">\n<figure class=\"wp-block-image size-large\"><img decoding=\"async\" width=\"1024\" height=\"682\" data-id=\"90126\" src=\"https:\/\/infotorrent.es\/wp-content\/uploads\/2025\/12\/WhatsApp-Image-2025-12-11-at-13.21.40-2-1024x682.jpeg\" alt=\"\" class=\"wp-image-90126\" srcset=\"https:\/\/infotorrent.es\/wp-content\/uploads\/2025\/12\/WhatsApp-Image-2025-12-11-at-13.21.40-2-1024x682.jpeg 1024w, https:\/\/infotorrent.es\/wp-content\/uploads\/2025\/12\/WhatsApp-Image-2025-12-11-at-13.21.40-2-300x200.jpeg 300w, https:\/\/infotorrent.es\/wp-content\/uploads\/2025\/12\/WhatsApp-Image-2025-12-11-at-13.21.40-2-768x512.jpeg 768w, https:\/\/infotorrent.es\/wp-content\/uploads\/2025\/12\/WhatsApp-Image-2025-12-11-at-13.21.40-2-1536x1023.jpeg 1536w, https:\/\/infotorrent.es\/wp-content\/uploads\/2025\/12\/WhatsApp-Image-2025-12-11-at-13.21.40-2.jpeg 1600w\" sizes=\"(max-width: 1024px) 100vw, 1024px\" \/><\/figure>\n\n\n\n<figure class=\"wp-block-image size-large\"><img decoding=\"async\" width=\"1024\" height=\"682\" data-id=\"90130\" src=\"https:\/\/infotorrent.es\/wp-content\/uploads\/2025\/12\/WhatsApp-Image-2025-12-11-at-13.21.40-1024x682.jpeg\" alt=\"\" class=\"wp-image-90130\" srcset=\"https:\/\/infotorrent.es\/wp-content\/uploads\/2025\/12\/WhatsApp-Image-2025-12-11-at-13.21.40-1024x682.jpeg 1024w, https:\/\/infotorrent.es\/wp-content\/uploads\/2025\/12\/WhatsApp-Image-2025-12-11-at-13.21.40-300x200.jpeg 300w, https:\/\/infotorrent.es\/wp-content\/uploads\/2025\/12\/WhatsApp-Image-2025-12-11-at-13.21.40-768x512.jpeg 768w, https:\/\/infotorrent.es\/wp-content\/uploads\/2025\/12\/WhatsApp-Image-2025-12-11-at-13.21.40-1536x1023.jpeg 1536w, https:\/\/infotorrent.es\/wp-content\/uploads\/2025\/12\/WhatsApp-Image-2025-12-11-at-13.21.40.jpeg 1600w\" sizes=\"(max-width: 1024px) 100vw, 1024px\" \/><\/figure>\n\n\n\n<figure class=\"wp-block-image size-large\"><img loading=\"lazy\" decoding=\"async\" width=\"1024\" height=\"682\" data-id=\"90128\" src=\"https:\/\/infotorrent.es\/wp-content\/uploads\/2025\/12\/WhatsApp-Image-2025-12-11-at-13.21.40-1-1024x682.jpeg\" alt=\"\" class=\"wp-image-90128\" srcset=\"https:\/\/infotorrent.es\/wp-content\/uploads\/2025\/12\/WhatsApp-Image-2025-12-11-at-13.21.40-1-1024x682.jpeg 1024w, https:\/\/infotorrent.es\/wp-content\/uploads\/2025\/12\/WhatsApp-Image-2025-12-11-at-13.21.40-1-300x200.jpeg 300w, https:\/\/infotorrent.es\/wp-content\/uploads\/2025\/12\/WhatsApp-Image-2025-12-11-at-13.21.40-1-768x512.jpeg 768w, https:\/\/infotorrent.es\/wp-content\/uploads\/2025\/12\/WhatsApp-Image-2025-12-11-at-13.21.40-1-1536x1023.jpeg 1536w, https:\/\/infotorrent.es\/wp-content\/uploads\/2025\/12\/WhatsApp-Image-2025-12-11-at-13.21.40-1.jpeg 1600w\" sizes=\"(max-width: 1024px) 100vw, 1024px\" \/><\/figure>\n<\/figure>\n","protected":false},"excerpt":{"rendered":"<p>La infraestructura del Cam\u00ed dels Arquets es refor\u00e7a per a suportar pluges i evitar tancaments en episodis de precipitacions Les obres continuaran amb la creaci\u00f3 d\u2019esculleres en l\u2019Horteta i ser\u00e0 asfaltat a mitjan gener Torrent, 11 de desembre de 2025.- L\u2019Ajuntament de Torrent obrir\u00e0 este divendres 12 de desembre el pas del Cam\u00ed dels Arquets [&hellip;]<\/p>\n","protected":false},"author":21,"featured_media":90132,"comment_status":"open","ping_status":"open","sticky":false,"template":"","format":"standard","meta":{"_acf_changed":false,"footnotes":""},"categories":[1190,1217,127,116,133,140,1160],"tags":[],"class_list":["post-90135","post","type-post","status-publish","format-standard","has-post-thumbnail","hentry","category-ayuntamiento-de-torrent-ca","category-dana-ca","category-noticias-2","category-noticies","category-urbanisme","category-urbanismo-3","category-urbanismo-noticias-ca"],"acf":[],"_links":{"self":[{"href":"https:\/\/infotorrent.es\/ca\/wp-json\/wp\/v2\/posts\/90135","targetHints":{"allow":["GET"]}}],"collection":[{"href":"https:\/\/infotorrent.es\/ca\/wp-json\/wp\/v2\/posts"}],"about":[{"href":"https:\/\/infotorrent.es\/ca\/wp-json\/wp\/v2\/types\/post"}],"author":[{"embeddable":true,"href":"https:\/\/infotorrent.es\/ca\/wp-json\/wp\/v2\/users\/21"}],"replies":[{"embeddable":true,"href":"https:\/\/infotorrent.es\/ca\/wp-json\/wp\/v2\/comments?post=90135"}],"version-history":[{"count":1,"href":"https:\/\/infotorrent.es\/ca\/wp-json\/wp\/v2\/posts\/90135\/revisions"}],"predecessor-version":[{"id":90137,"href":"https:\/\/infotorrent.es\/ca\/wp-json\/wp\/v2\/posts\/90135\/revisions\/90137"}],"wp:featuredmedia":[{"embeddable":true,"href":"https:\/\/infotorrent.es\/ca\/wp-json\/wp\/v2\/media\/90132"}],"wp:attachment":[{"href":"https:\/\/infotorrent.es\/ca\/wp-json\/wp\/v2\/media?parent=90135"}],"wp:term":[{"taxonomy":"category","embeddable":true,"href":"https:\/\/infotorrent.es\/ca\/wp-json\/wp\/v2\/categories?post=90135"},{"taxonomy":"post_tag","embeddable":true,"href":"https:\/\/infotorrent.es\/ca\/wp-json\/wp\/v2\/tags?post=90135"}],"curies":[{"name":"wp","href":"https:\/\/api.w.org\/{rel}","templated":true}]}}