{"id":90121,"date":"2025-12-11T13:39:58","date_gmt":"2025-12-11T12:39:58","guid":{"rendered":"https:\/\/infotorrent.es\/?p=90121"},"modified":"2025-12-11T13:45:42","modified_gmt":"2025-12-11T12:45:42","slug":"torrent-activa-i-reforca-la-seua-campanya-especial-de-seguretat-nadalenca-amb-consells-per-a-comerciants-i-ciutadania","status":"publish","type":"post","link":"https:\/\/infotorrent.es\/ca\/noticies\/torrent-activa-i-reforca-la-seua-campanya-especial-de-seguretat-nadalenca-amb-consells-per-a-comerciants-i-ciutadania\/","title":{"rendered":"Torrent activa i refor\u00e7a la seua Campanya Especial de Seguretat Nadalenca amb consells per a comerciants i ciutadania"},"content":{"rendered":"\n<p><strong>L&#8217;Ajuntament llan\u00e7a una guia amb claus i consells pr\u00e0ctics per a les compres, esdeveniments i \u00fas responsable d&#8217;internet, aix\u00ed com, per a evitar robatoris, fraus i distraccions per Nadal<\/strong><\/p>\n\n\n\n<p><strong>Els comer\u00e7os de proximitat se sumen a la campanya nadalenca de seguretat impulsada per la Policia Local<\/strong><\/p>\n\n\n\n<p>La Policia Local de Torrent ha posat en marxa la seua Campanya Especial de Seguretat Nadalenca 2025, una iniciativa informativa i preventiva destinada a refor\u00e7ar la protecci\u00f3 de la ciutadania i del comer\u00e7 local durant unes setmanes en les quals s&#8217;incrementa notablement l&#8217;activitat comercial, la pres\u00e8ncia de ve\u00efns als carrers i les aglomeracions en esdeveniments festius.<\/p>\n\n\n\n<p>L&#8217;Ajuntament ha distribu\u00eft ja en els comer\u00e7os de proximitat i diferents punts estrat\u00e8gics de la ciutat un tr\u00edptic amb recomanacions pr\u00e0ctiques, elaborat per la Policia Local, que arreplega consells de seguretat per a compradors, advertiments sobre operacions per Internet, informaci\u00f3 espec\u00edfica per a comerciants i pautes per a una mobilitat m\u00e9s segura, a m\u00e9s de recordatoris de prevenci\u00f3 en domicilis.<\/p>\n\n\n\n<p>La campanya, sota el lema \u201cEstem molt a prop\u201d, est\u00e0 dirigida al fet que els ve\u00efns i ve\u00efnes gaudisquen d&#8217;unes festes tranquil\u00b7les, reduint riscos i anticipant possibles situacions de vulnerabilitat en moments de major aflu\u00e8ncia.<\/p>\n\n\n\n<p><strong>Refor\u00e7 de la prevenci\u00f3 durant la campanya nadalenca<\/strong><\/p>\n\n\n\n<p>El tr\u00edptic inclou una \u00e0mplia bateria de recomanacions:<\/p>\n\n\n\n<p>\u00b7&nbsp;&nbsp;&nbsp;&nbsp;&nbsp;&nbsp;&nbsp;&nbsp;Seguretat en vehicles, recordant la import\u00e0ncia de no deixar objectes a la vista i tancar sempre el cotxe, fins i tot en parades r\u00e0pides.<\/p>\n\n\n\n<p>\u00b7&nbsp;&nbsp;&nbsp;&nbsp;&nbsp;&nbsp;&nbsp;&nbsp;Protecci\u00f3 de diners i efectes personals, com evitar grans quantitats d&#8217;efectiu, no mostrar bitllets en pagar i portar carteres en butxaques davanteres o interiors.<\/p>\n\n\n\n<p>\u00b7&nbsp;&nbsp;&nbsp;&nbsp;&nbsp;&nbsp;&nbsp;&nbsp;Atenci\u00f3 a menors en aglomeracions, amb la indicaci\u00f3 d&#8217;acordar punts de trobada i ensenyar-los a sol\u00b7licitar ajuda a policies o personal oficial.<\/p>\n\n\n\n<p>\u00b7&nbsp;&nbsp;&nbsp;&nbsp;&nbsp;&nbsp;&nbsp;&nbsp;Consells sobre la vigil\u00e0ncia de bosses, m\u00f2bils i objectes personals, especialment en zones amb alta aflu\u00e8ncia.<\/p>\n\n\n\n<p>\u00b7&nbsp;&nbsp;&nbsp;&nbsp;&nbsp;&nbsp;&nbsp;&nbsp;Recomanacions per a esdeveniments multitudinaris, insistint a identificar eixides i zones buidades.<\/p>\n\n\n\n<p>\u00b7&nbsp;&nbsp;&nbsp;&nbsp;&nbsp;&nbsp;&nbsp;&nbsp;I un recordatori clau: no anunciar abs\u00e8ncies en xarxes socials i tindre cautela amb visites no concertades al domicili.<\/p>\n\n\n\n<p>El document tamb\u00e9 inclou un apartat detallat per a comerciants, amb mesures per a la gesti\u00f3 de caixa, verificaci\u00f3 de bitllets i targetes, control d&#8217;accessos a zones internes, correcta disposici\u00f3 del local per a evitar punts cecs, \u00fas de cambres, gesti\u00f3 de productes de f\u00e0cil sostracci\u00f3 i consells davant incidents o temptatives de frau.<\/p>\n\n\n\n<p>Aix\u00ed mateix, arreplega un bloc espec\u00edfic per a compres en l\u00ednia, alertant sobre webs no segures, suplantaci\u00f3 d&#8217;identitat (phishing\/smishing), protecci\u00f3 de dades personals i recomanacions per a pagar de manera segura.<\/p>\n\n\n\n<p>L&#8217;alcaldessa de Torrent, Amparo Folgado, ha subratllat la import\u00e0ncia d&#8217;esta iniciativa,&nbsp;<strong>\u201cla seguretat \u00e9s un pilar fonamental perqu\u00e8 els nostres carrers i comer\u00e7os visquen Nadal amb tranquil\u00b7litat. Esta campanya \u00e9s un exemple del comprom\u00eds diari de la nostra Policia Local amb la prevenci\u00f3, la proximitat i l&#8217;acompanyament als nostres ve\u00efns. Volem que les fam\u00edlies gaudisquen, que els comer\u00e7os treballen amb seguretat i que Torrent continue sent un lloc viu i segur estes festes.\u201d<\/strong><\/p>\n\n\n\n<p>L&#8217;alcaldessa tamb\u00e9 ha volgut destacar la col\u00b7laboraci\u00f3 amb el teixit comercial del municipi,&nbsp;<strong>\u201cagra\u00efm als nostres comer\u00e7os de proximitat la seua implicaci\u00f3 en la difusi\u00f3 d&#8217;estos missatges. La seua participaci\u00f3 convertix esta campanya en una ferramenta realment \u00fatil per a protegir als qui realitzen les seues compres a Torrent.\u201d<\/strong><\/p>\n\n\n\n<p>Per la seua part el comissari Cap de la Policia Local de Torrent, Jos\u00e9 Pascual Mart\u00ednez ha assenyalat,&nbsp;<strong>\u201cNadal incrementa l&#8217;activitat en la via p\u00fablica, en comer\u00e7os i en entorns en l\u00ednia. Per aix\u00f2, esta campanya oferix consells senzills per\u00f2 molt efica\u00e7os que poden evitar descuits, robatoris o fraus. La prevenci\u00f3 \u00e9s la nostra millor aliada i volem que la ciutadania ens senta a prop, accessibles i preparats per a ajudar davant qualsevol incid\u00e8ncia.\u201d<\/strong><\/p>\n\n\n\n<p>Tamb\u00e9 ha posat en valor la dimensi\u00f3 humana del missatge incl\u00f2s en la campanya,&nbsp;<strong>\u201cla seguretat no \u00e9s nom\u00e9s t\u00e8cnica o operativa i Nadal \u00e9s tamb\u00e9 un temps per a estar atents als qui poden necessitar un suport extra, i la nostra labor inclou oferir eixa proximitat i protecci\u00f3 a tota la ciutadania. Eixa \u00e9s l&#8217;ess\u00e8ncia de la nostra Policia de Barri i del nostre treball diari.\u201d<\/strong><\/p>\n\n\n\n<p><strong>La Policia Local, m\u00e9s a prop que mai estes festes<\/strong><\/p>\n\n\n\n<p>La Campanya de Seguretat Nadalenca 2025 reflectix la voluntat de l&#8217;Ajuntament i de la Policia Local d&#8217;oferir un Nadal segur, pr\u00f2xima i protegida per a tots els ve\u00efns.<\/p>\n\n\n\n<p>El tr\u00edptic ja est\u00e0 disponible en els comer\u00e7os, depend\u00e8ncies municipals i canals informatius del consistori, juntament amb els tel\u00e8fons de contacte de la Policia Local (Sala CISEM 961111892 i del servici d&#8217;emerg\u00e8ncies 112 per a qualsevol incid\u00e8ncia.<\/p>\n\n\n\n<figure class=\"wp-block-image size-large\"><img fetchpriority=\"high\" decoding=\"async\" width=\"1024\" height=\"682\" src=\"https:\/\/infotorrent.es\/wp-content\/uploads\/2025\/12\/1-32-1024x682.jpg\" alt=\"\" class=\"wp-image-90114\" srcset=\"https:\/\/infotorrent.es\/wp-content\/uploads\/2025\/12\/1-32-1024x682.jpg 1024w, https:\/\/infotorrent.es\/wp-content\/uploads\/2025\/12\/1-32-300x200.jpg 300w, https:\/\/infotorrent.es\/wp-content\/uploads\/2025\/12\/1-32-768x512.jpg 768w, https:\/\/infotorrent.es\/wp-content\/uploads\/2025\/12\/1-32-1536x1023.jpg 1536w, https:\/\/infotorrent.es\/wp-content\/uploads\/2025\/12\/1-32.jpg 1600w\" sizes=\"(max-width: 1024px) 100vw, 1024px\" \/><\/figure>\n\n\n\n<figure class=\"wp-block-gallery has-nested-images columns-default is-cropped wp-block-gallery-1 is-layout-flex wp-block-gallery-is-layout-flex\">\n<figure class=\"wp-block-image size-large\"><img decoding=\"async\" width=\"1024\" height=\"725\" data-id=\"90118\" src=\"https:\/\/infotorrent.es\/wp-content\/uploads\/2025\/12\/TRIPTICO-1-1-1024x725.jpg\" alt=\"\" class=\"wp-image-90118\" srcset=\"https:\/\/infotorrent.es\/wp-content\/uploads\/2025\/12\/TRIPTICO-1-1-1024x725.jpg 1024w, https:\/\/infotorrent.es\/wp-content\/uploads\/2025\/12\/TRIPTICO-1-1-300x212.jpg 300w, https:\/\/infotorrent.es\/wp-content\/uploads\/2025\/12\/TRIPTICO-1-1-768x543.jpg 768w, https:\/\/infotorrent.es\/wp-content\/uploads\/2025\/12\/TRIPTICO-1-1-1536x1087.jpg 1536w, https:\/\/infotorrent.es\/wp-content\/uploads\/2025\/12\/TRIPTICO-1-1.jpg 1754w\" sizes=\"(max-width: 1024px) 100vw, 1024px\" \/><\/figure>\n\n\n\n<figure class=\"wp-block-image size-large\"><img decoding=\"async\" width=\"1024\" height=\"725\" data-id=\"90116\" src=\"https:\/\/infotorrent.es\/wp-content\/uploads\/2025\/12\/TRIPTICO-2-1-1024x725.jpg\" alt=\"\" class=\"wp-image-90116\" srcset=\"https:\/\/infotorrent.es\/wp-content\/uploads\/2025\/12\/TRIPTICO-2-1-1024x725.jpg 1024w, https:\/\/infotorrent.es\/wp-content\/uploads\/2025\/12\/TRIPTICO-2-1-300x212.jpg 300w, https:\/\/infotorrent.es\/wp-content\/uploads\/2025\/12\/TRIPTICO-2-1-768x543.jpg 768w, https:\/\/infotorrent.es\/wp-content\/uploads\/2025\/12\/TRIPTICO-2-1-1536x1087.jpg 1536w, https:\/\/infotorrent.es\/wp-content\/uploads\/2025\/12\/TRIPTICO-2-1.jpg 1754w\" sizes=\"(max-width: 1024px) 100vw, 1024px\" \/><\/figure>\n<\/figure>\n","protected":false},"excerpt":{"rendered":"<p>L&#8217;Ajuntament llan\u00e7a una guia amb claus i consells pr\u00e0ctics per a les compres, esdeveniments i \u00fas responsable d&#8217;internet, aix\u00ed com, per a evitar robatoris, fraus i distraccions per Nadal Els comer\u00e7os de proximitat se sumen a la campanya nadalenca de seguretat impulsada per la Policia Local La Policia Local de Torrent ha posat en marxa [&hellip;]<\/p>\n","protected":false},"author":21,"featured_media":90114,"comment_status":"open","ping_status":"open","sticky":false,"template":"","format":"standard","meta":{"_acf_changed":false,"footnotes":""},"categories":[127,116,124,142,1145],"tags":[],"class_list":["post-90121","post","type-post","status-publish","format-standard","has-post-thumbnail","hentry","category-noticias-2","category-noticies","category-seguretat-ciutadana","category-seguridad-ciudadana-y-mobilidad","category-seguridad-ciudadana-y-movilidad-ca"],"acf":[],"_links":{"self":[{"href":"https:\/\/infotorrent.es\/ca\/wp-json\/wp\/v2\/posts\/90121","targetHints":{"allow":["GET"]}}],"collection":[{"href":"https:\/\/infotorrent.es\/ca\/wp-json\/wp\/v2\/posts"}],"about":[{"href":"https:\/\/infotorrent.es\/ca\/wp-json\/wp\/v2\/types\/post"}],"author":[{"embeddable":true,"href":"https:\/\/infotorrent.es\/ca\/wp-json\/wp\/v2\/users\/21"}],"replies":[{"embeddable":true,"href":"https:\/\/infotorrent.es\/ca\/wp-json\/wp\/v2\/comments?post=90121"}],"version-history":[{"count":1,"href":"https:\/\/infotorrent.es\/ca\/wp-json\/wp\/v2\/posts\/90121\/revisions"}],"predecessor-version":[{"id":90123,"href":"https:\/\/infotorrent.es\/ca\/wp-json\/wp\/v2\/posts\/90121\/revisions\/90123"}],"wp:featuredmedia":[{"embeddable":true,"href":"https:\/\/infotorrent.es\/ca\/wp-json\/wp\/v2\/media\/90114"}],"wp:attachment":[{"href":"https:\/\/infotorrent.es\/ca\/wp-json\/wp\/v2\/media?parent=90121"}],"wp:term":[{"taxonomy":"category","embeddable":true,"href":"https:\/\/infotorrent.es\/ca\/wp-json\/wp\/v2\/categories?post=90121"},{"taxonomy":"post_tag","embeddable":true,"href":"https:\/\/infotorrent.es\/ca\/wp-json\/wp\/v2\/tags?post=90121"}],"curies":[{"name":"wp","href":"https:\/\/api.w.org\/{rel}","templated":true}]}}