{"id":90089,"date":"2025-12-11T10:03:46","date_gmt":"2025-12-11T09:03:46","guid":{"rendered":"https:\/\/infotorrent.es\/?p=90089"},"modified":"2025-12-11T10:04:51","modified_gmt":"2025-12-11T09:04:51","slug":"el-ceip-sant-joan-baptista-de-torrent-premiat-pel-consell-escolar-de-la-comunitat-valenciana-per-la-seua-innovadora-serie-contra-lassetjament-escolar-dime-andres","status":"publish","type":"post","link":"https:\/\/infotorrent.es\/ca\/noticies\/el-ceip-sant-joan-baptista-de-torrent-premiat-pel-consell-escolar-de-la-comunitat-valenciana-per-la-seua-innovadora-serie-contra-lassetjament-escolar-dime-andres\/","title":{"rendered":"El CEIP Sant Joan Baptista de Torrent, premiat pel Consell Escolar de la Comunitat Valenciana per la seua innovadora s\u00e8rie contra l\u2019assetjament escolar \u201cDime, Andr\u00e9s\u201d"},"content":{"rendered":"\n<p><strong>El projecte contra el bullying fet per alumnat de Torrent continua rebent premis i reconeixements a nivell auton\u00f2mic i nacional.<\/strong><\/p>\n\n\n\n<p><strong>Torrent, 11 de desembre de 2025.-<\/strong> El Consell Escolar de la Comunitat Valenciana ha reconegut este dimecres el projecte innovador del CEIP Sant Joan Baptista de Torrent durant la gala dels Premis CECV celebrada en el Complex Esportiu La Petxina de Val\u00e8ncia. El centre torrent\u00ed ha sigut premiat gr\u00e0cies a la s\u00e8rie \u201cDime, Andr\u00e9s\u201d, una iniciativa creada \u00edntegrament per l\u2019alumnat i coordinada pels docents Juan Carlos Pastor i Silvia Cubells, que s\u2019ha consolidat com un referent nacional en mat\u00e8ria de conviv\u00e8ncia i innovaci\u00f3 educativa.<\/p>\n\n\n\n<p>\u201cDime, Andr\u00e9s\u201d aborda el problema de l\u2019assetjament escolar amb una sensibilitat i una creativitat que han despertat l\u2019inter\u00e9s de la comunitat educativa dins i fora de la Comunitat Valenciana. A trav\u00e9s d\u2019episodis elaborats pels mateixos estudiants, el projecte promou valors com l\u2019empatia, la inclusi\u00f3 i el respecte, convertint-se en una ferramenta pedag\u00f2gica pr\u00f2xima, accessible i efica\u00e7 per a conscienciar sobre el bullying. La s\u00e8rie, disponible en YouTube, ha aconseguit arribar directament al p\u00fablic juvenil i s\u2019ha convertit en un recurs educatiu per a altres centres escolars.<\/p>\n\n\n\n<p>El projecte no sols implica els cursos participants, sin\u00f3 tot el claustre, que col\u00b7labora en actuacions, assajos i seguiment. Tamb\u00e9 se sumen fam\u00edlies, associacions locals, Policia Local, Serveis Socials i entitats educatives, convertint-lo en una iniciativa amb una forta dimensi\u00f3 comunit\u00e0ria. Gr\u00e0cies a este projecte, el 87% de l\u2019alumnat del centre se sent hui m\u00e9s capa\u00e7 d\u2019identificar i actuar davant situacions d\u2019assetjament, enfront del 52% a l\u2019inici de curs.<\/p>\n\n\n\n<p>Este reconeixement auton\u00f2mic se suma a un ampli palmar\u00e9s obtingut durant els \u00faltims mesos. En juny, \u201cDime, Andr\u00e9s\u201d va ser guardonat a M\u00e0laga amb el Premi al Projecte Educatiu M\u00e9s Innovador en els VII Premis d\u2019Innovaci\u00f3 Educativa. A m\u00e9s, ha sigut finalista en els Premis Nacionals Ments AMI d\u2019Atresmedia 2024, finalista en els Premis Internacionals Iberoamericans 2024 i distingit amb un Premi Nacional d\u2019Innovaci\u00f3 Educativa. Ara, el projecte suma un nou \u00e8xit amb el Premi CECV 2025 a la Innovaci\u00f3 Educativa, que reconeix la seua tasca de visibilitzaci\u00f3 i sensibilitzaci\u00f3 davant l\u2019assetjament escolar.<\/p>\n\n\n\n<p>Durant l\u2019acte celebrat en La Petxina, el president del CECV, J. Salvador Oliver, i la regidora d\u2019Educaci\u00f3 de l\u2019Ajuntament de Torrent, Mar\u00eda Fern\u00e1ndez, van fer entrega del guard\u00f3 als responsables del projecte i al director del centre, Carlos Justo, destacant el seu impacte pedag\u00f2gic i la seua contribuci\u00f3 a la conviv\u00e8ncia escolar.<\/p>\n\n\n\n<p>L\u2019alcaldessa de Torrent, Amparo Folgado, ha felicitat p\u00fablicament el centre per este nou \u00e8xit: \u00abEl CEIP Sant Joan Baptista demostra que l\u2019educaci\u00f3 \u00e9s una ferramenta poderosa per a transformar realitats. El seu projecte \u2018Dime, Andr\u00e9s\u2019 \u00e9s un exemple de com, amb creativitat i comprom\u00eds, es pot educar contra el bullying des del respecte i la toler\u00e0ncia. Felicite els docents, l\u2019alumnat i les seues fam\u00edlies per este premi, que reconeix un treball admirable i necessari. S\u00f3n un orgull per a Torrent i un referent per a tota la Comunitat Valenciana\u00bb.<\/p>\n\n\n\n<p>Per la seua banda, la regidora d\u2019Educaci\u00f3, Mar\u00eda Fern\u00e1ndez, subratlla la import\u00e0ncia del projecte i l\u2019impacte que est\u00e0 tenint m\u00e9s enll\u00e0 del mateix centre:<br>\u00abEste reconeixement posa en valor l\u2019esfor\u00e7 del CEIP Sant Joan Baptista i la seua aposta per una educaci\u00f3 basada en l\u2019empatia i la conviv\u00e8ncia. \u2018Dime, Andr\u00e9s\u2019 est\u00e0 marcant el cam\u00ed a seguir i demostra que Torrent est\u00e0 a l\u2019avantguarda de la innovaci\u00f3 educativa\u00bb. A m\u00e9s, Fern\u00e1ndez ha tornat a felicitar el centre per este reconeixement.<\/p>\n\n\n\n<p>Amb este nou premi, el CEIP Sant Joan Baptista consolida el seu paper com a centre referent en la prevenci\u00f3 de l\u2019assetjament escolar i en l\u2019impuls de metodologies innovadores que involucren tota la comunitat educativa.<\/p>\n\n\n\n<figure class=\"wp-block-image size-large\"><img fetchpriority=\"high\" decoding=\"async\" width=\"1024\" height=\"682\" src=\"https:\/\/infotorrent.es\/wp-content\/uploads\/2025\/12\/WhatsApp-Image-2025-12-11-at-09.26.13-1024x682.jpeg\" alt=\"\" class=\"wp-image-90086\" srcset=\"https:\/\/infotorrent.es\/wp-content\/uploads\/2025\/12\/WhatsApp-Image-2025-12-11-at-09.26.13-1024x682.jpeg 1024w, https:\/\/infotorrent.es\/wp-content\/uploads\/2025\/12\/WhatsApp-Image-2025-12-11-at-09.26.13-300x200.jpeg 300w, https:\/\/infotorrent.es\/wp-content\/uploads\/2025\/12\/WhatsApp-Image-2025-12-11-at-09.26.13-768x512.jpeg 768w, https:\/\/infotorrent.es\/wp-content\/uploads\/2025\/12\/WhatsApp-Image-2025-12-11-at-09.26.13-1536x1023.jpeg 1536w, https:\/\/infotorrent.es\/wp-content\/uploads\/2025\/12\/WhatsApp-Image-2025-12-11-at-09.26.13.jpeg 1600w\" sizes=\"(max-width: 1024px) 100vw, 1024px\" \/><\/figure>\n\n\n\n<figure class=\"wp-block-image size-large\"><img decoding=\"async\" width=\"1024\" height=\"682\" src=\"https:\/\/infotorrent.es\/wp-content\/uploads\/2025\/12\/WhatsApp-Image-2025-12-11-at-09.26.13-1-1024x682.jpeg\" alt=\"\" class=\"wp-image-90084\" srcset=\"https:\/\/infotorrent.es\/wp-content\/uploads\/2025\/12\/WhatsApp-Image-2025-12-11-at-09.26.13-1-1024x682.jpeg 1024w, https:\/\/infotorrent.es\/wp-content\/uploads\/2025\/12\/WhatsApp-Image-2025-12-11-at-09.26.13-1-300x200.jpeg 300w, https:\/\/infotorrent.es\/wp-content\/uploads\/2025\/12\/WhatsApp-Image-2025-12-11-at-09.26.13-1-768x512.jpeg 768w, https:\/\/infotorrent.es\/wp-content\/uploads\/2025\/12\/WhatsApp-Image-2025-12-11-at-09.26.13-1-1536x1023.jpeg 1536w, https:\/\/infotorrent.es\/wp-content\/uploads\/2025\/12\/WhatsApp-Image-2025-12-11-at-09.26.13-1.jpeg 1600w\" sizes=\"(max-width: 1024px) 100vw, 1024px\" \/><\/figure>\n","protected":false},"excerpt":{"rendered":"<p>El projecte contra el bullying fet per alumnat de Torrent continua rebent premis i reconeixements a nivell auton\u00f2mic i nacional. Torrent, 11 de desembre de 2025.- El Consell Escolar de la Comunitat Valenciana ha reconegut este dimecres el projecte innovador del CEIP Sant Joan Baptista de Torrent durant la gala dels Premis CECV celebrada en [&hellip;]<\/p>\n","protected":false},"author":21,"featured_media":90086,"comment_status":"open","ping_status":"open","sticky":false,"template":"","format":"standard","meta":{"_acf_changed":false,"footnotes":""},"categories":[121,132,1158,1180,127,116],"tags":[],"class_list":["post-90089","post","type-post","status-publish","format-standard","has-post-thumbnail","hentry","category-educacio","category-educacion-2","category-educacion-noticias-ca","category-formacion-educacion-y-formacion-ca","category-noticias-2","category-noticies"],"acf":[],"_links":{"self":[{"href":"https:\/\/infotorrent.es\/ca\/wp-json\/wp\/v2\/posts\/90089","targetHints":{"allow":["GET"]}}],"collection":[{"href":"https:\/\/infotorrent.es\/ca\/wp-json\/wp\/v2\/posts"}],"about":[{"href":"https:\/\/infotorrent.es\/ca\/wp-json\/wp\/v2\/types\/post"}],"author":[{"embeddable":true,"href":"https:\/\/infotorrent.es\/ca\/wp-json\/wp\/v2\/users\/21"}],"replies":[{"embeddable":true,"href":"https:\/\/infotorrent.es\/ca\/wp-json\/wp\/v2\/comments?post=90089"}],"version-history":[{"count":1,"href":"https:\/\/infotorrent.es\/ca\/wp-json\/wp\/v2\/posts\/90089\/revisions"}],"predecessor-version":[{"id":90091,"href":"https:\/\/infotorrent.es\/ca\/wp-json\/wp\/v2\/posts\/90089\/revisions\/90091"}],"wp:featuredmedia":[{"embeddable":true,"href":"https:\/\/infotorrent.es\/ca\/wp-json\/wp\/v2\/media\/90086"}],"wp:attachment":[{"href":"https:\/\/infotorrent.es\/ca\/wp-json\/wp\/v2\/media?parent=90089"}],"wp:term":[{"taxonomy":"category","embeddable":true,"href":"https:\/\/infotorrent.es\/ca\/wp-json\/wp\/v2\/categories?post=90089"},{"taxonomy":"post_tag","embeddable":true,"href":"https:\/\/infotorrent.es\/ca\/wp-json\/wp\/v2\/tags?post=90089"}],"curies":[{"name":"wp","href":"https:\/\/api.w.org\/{rel}","templated":true}]}}