{"id":9008,"date":"2017-12-20T12:34:48","date_gmt":"2017-12-20T12:34:48","guid":{"rendered":"https:\/\/infotorrent.es\/uncategorized\/puntoycoma-una-exposicion-que-muestra-la-trayectoria-fotografica-de-emilio-chulia\/"},"modified":"2017-12-20T12:34:48","modified_gmt":"2017-12-20T12:34:48","slug":"puntoycoma-una-exposicion-que-muestra-la-trayectoria-fotografica-de-emilio-chulia","status":"publish","type":"post","link":"https:\/\/infotorrent.es\/ca\/noticies\/puntoycoma-una-exposicion-que-muestra-la-trayectoria-fotografica-de-emilio-chulia\/","title":{"rendered":"#puntoycoma, una exposici\u00f3 que mostra la traject\u00f2ria fotogr\u00e0fica d&#8217;Emilio Chuli\u00e1"},"content":{"rendered":"<p style=\"text-align: justify;\"><strong><br \/>\nLa mostra s\u2019exhibix en la sala d\u2019exposicions de l\u2019Espai fins al dia 22 de gener de 2018<\/strong><\/p>\n<p style=\"text-align: justify;\">Divendres es va inaugurar l\u2019exposici\u00f3 #puntoycoma del fot\u00f2graf Emilio Chuli\u00e1. La mostra, que es troba situada en la sala d\u2019exposicions de l\u2019Espai (edifici Metro), fa un recorregut per l\u2019obra d\u2019este\u00a0torrent\u00ed a trav\u00e9s de les m\u00e9s de mil imatges exposades.<\/p>\n<p style=\"text-align: justify;\">De manera creativa i original, l\u2019autor presenta l\u2019exposici\u00f3 amb la participaci\u00f3 i col\u00b7laboraci\u00f3 del dissenyador local Eugenio Sim\u00f3, com a comissari de l&#8217;obra. Chuli\u00e1 definix l\u2019exposici\u00f3 com \u201cuna pausa, un xicotet espai de reflexi\u00f3, m\u00e9s llarg que una coma, per\u00f2 mai tan llarg com el punt\u201d.<\/p>\n<p style=\"text-align: justify;\">La mostra reflectix l\u2019evoluci\u00f3 del llenguatge fotogr\u00e0fic de l\u2019autor, des dels seus inicis fins a la creaci\u00f3 d\u2019un estil propi. Per este motiu, s\u2019utilitzen com a fil conductor les conclusions fotogr\u00e0fiques que, en forma de text, Emilio ha anat publicant estos \u00faltims anys en el\u00a0magaz\u00edn\u00a0<em>Urban<\/em> del Diari Llevant\u00a0EMV, i \u00e9s la n\u00famero vint d\u2019estes publicacions el detonant i la justificaci\u00f3 per la qual s\u2019ha fet ara i no abans.<\/p>\n<p style=\"text-align: justify;\"><a href=\"https:\/\/www.infotorrent.es\/wp-content\/uploads\/2017\/12\/emilio-6.jpeg\"><img fetchpriority=\"high\" decoding=\"async\" class=\"wp-image-8577 aligncenter\" src=\"https:\/\/www.infotorrent.es\/wp-content\/uploads\/2017\/12\/emilio-6.jpeg\" alt=\"\" width=\"464\" height=\"309\" \/><\/a><\/p>\n<p style=\"text-align: justify;\">L&#8217;exposici\u00f3, que va ser inaugurada pel regidor de Cultura, Alfred Costa, qui va acudir acompanyat per representants de l\u2019equip de govern i amics i familiars d&#8217;Emilio, estar\u00e0 en la sala de l\u2019Espai fins al dia 22 de gener de 2018. De dilluns a divendres de 9.00 h a 14.00 h i de 16.00 h a 20:30 h; i els dissabtes 10.00 h a 13.00h.<\/p>\n","protected":false},"excerpt":{"rendered":"<p>La mostra s\u2019exhibix en la sala d\u2019exposicions de l\u2019Espai fins al dia 22 de gener de 2018 Divendres es va inaugurar l\u2019exposici\u00f3 #puntoycoma del fot\u00f2graf Emilio Chuli\u00e1. La mostra, que es troba situada en la sala d\u2019exposicions de l\u2019Espai (edifici Metro), fa un recorregut per l\u2019obra d\u2019este\u00a0torrent\u00ed a trav\u00e9s de les m\u00e9s de mil imatges [&hellip;]<\/p>\n","protected":false},"author":13,"featured_media":9010,"comment_status":"open","ping_status":"open","sticky":false,"template":"","format":"standard","meta":{"_acf_changed":false,"footnotes":""},"categories":[126,116],"tags":[293],"class_list":["post-9008","post","type-post","status-publish","format-standard","has-post-thumbnail","hentry","category-cultura-es-2","category-noticies","tag-espaipuntoycoma"],"acf":[],"_links":{"self":[{"href":"https:\/\/infotorrent.es\/ca\/wp-json\/wp\/v2\/posts\/9008","targetHints":{"allow":["GET"]}}],"collection":[{"href":"https:\/\/infotorrent.es\/ca\/wp-json\/wp\/v2\/posts"}],"about":[{"href":"https:\/\/infotorrent.es\/ca\/wp-json\/wp\/v2\/types\/post"}],"author":[{"embeddable":true,"href":"https:\/\/infotorrent.es\/ca\/wp-json\/wp\/v2\/users\/13"}],"replies":[{"embeddable":true,"href":"https:\/\/infotorrent.es\/ca\/wp-json\/wp\/v2\/comments?post=9008"}],"version-history":[{"count":0,"href":"https:\/\/infotorrent.es\/ca\/wp-json\/wp\/v2\/posts\/9008\/revisions"}],"wp:featuredmedia":[{"embeddable":true,"href":"https:\/\/infotorrent.es\/ca\/wp-json\/wp\/v2\/media\/9010"}],"wp:attachment":[{"href":"https:\/\/infotorrent.es\/ca\/wp-json\/wp\/v2\/media?parent=9008"}],"wp:term":[{"taxonomy":"category","embeddable":true,"href":"https:\/\/infotorrent.es\/ca\/wp-json\/wp\/v2\/categories?post=9008"},{"taxonomy":"post_tag","embeddable":true,"href":"https:\/\/infotorrent.es\/ca\/wp-json\/wp\/v2\/tags?post=9008"}],"curies":[{"name":"wp","href":"https:\/\/api.w.org\/{rel}","templated":true}]}}