{"id":90059,"date":"2025-12-11T10:30:00","date_gmt":"2025-12-11T09:30:00","guid":{"rendered":"https:\/\/infotorrent.es\/?p=90059"},"modified":"2025-12-12T08:42:01","modified_gmt":"2025-12-12T07:42:01","slug":"agenda-de-la-ciutat-del-11-al-14-de-desembre","status":"publish","type":"post","link":"https:\/\/infotorrent.es\/ca\/uncategorized\/agenda-de-la-ciutat-del-11-al-14-de-desembre\/","title":{"rendered":"Agenda de la Ciutat (Del 11 al 14 de Desembre)"},"content":{"rendered":"\n<h4 class=\"wp-block-heading\">La ciutat de Torrent es prepara per a viure un cap de setmana ple d\u2019esdeveniments per a tots els p\u00fablics, amb propostes culturals, esportives, musicals i tradicionals organitzades per associacions locals, falles, col\u00b7lectius ve\u00efnals i el mateix Ajuntament. A continuaci\u00f3, tots els actes detallats amb lloc i hora.<\/h4>\n\n\n\n<p>\ud83d\udcc5 <strong>DIJOUS, 11 DE DESEMBRE<\/strong><\/p>\n\n\n\n<p><br>\ud83d\udd55 <strong>17:00 h | \ud83d\udc83 Ball dels majors<\/strong><br>\ud83d\udccd <strong>Centre de Majors Bellido<\/strong><br>\ud83d\udc65 <strong>Organitza:<\/strong> Ajuntament de Torrent<\/p>\n\n\n\n<hr class=\"wp-block-separator has-alpha-channel-opacity\"\/>\n\n\n\n<p>\ud83d\udcc5 <strong>DIVENDRES, 12 DE DESEMBRE<\/strong><\/p>\n\n\n\n<p>\ud83d\udd55 <strong>09:30 h | \ud83c\udfc1 V Carrera solid\u00e0ria Antonio Machado<\/strong><br>\ud83d\udccd <strong>CEIP Antonio Machado<\/strong><br>\ud83d\udc65 <strong>Organitza:<\/strong> CEIP Antonio Machado<\/p>\n\n\n\n<p>\ud83d\udd62 <strong>18:00 h | \ud83d\udc6a\ud83c\udf1f Inauguraci\u00f3 de l\u2019Exposici\u00f3 del Betlem i concert de nadales de la Rondalla Cam\u00ed a la N\u00f2ria<\/strong><br>\ud83d\udccd <strong>Mercat de Sant Gregori<\/strong><br>\ud83d\udc65 <strong>Organitza:<\/strong> Ajuntament de Torrent<\/p>\n\n\n\n<p>\ud83d\udd62 <strong>18:00 h | Mercat de Nadal<\/strong> <strong>(APLA\u00c7AT AL 19,20 i 21)<\/strong><br>\u2003\u2003<\/p>\n\n\n\n<p>\ud83d\udd62 <strong>19:00 h | \ud83c\udfc6\u2728 Gala de la Cultura Fallera Infantil<\/strong><br>\ud83d\udccd <strong>Auditori de Torrent<\/strong><br>\ud83d\udc65 <strong>Organitza:<\/strong> Junta Local Fallera<\/p>\n\n\n\n<p>\ud83d\udd62 <strong>20:00 h | \u2728 Felicitaci\u00f3 Nadalenca de la Junta de Germanors<\/strong><br>\ud83d\udccd <strong>Seu de la Germandat de la Flagel\u00b7laci\u00f3 del Senyor<\/strong><br>\ud83d\udc65 <strong>Organitza:<\/strong> Junta Central de Germanors<\/p>\n\n\n\n<p>\ud83d\udd62 <strong>22:00 h | \ud83c\udfc6\u2728 Gala de la Cultura Fallera<\/strong><br>\ud83d\udccd <strong>Auditori de Torrent<\/strong><br>\ud83d\udc65 <strong>Organitza:<\/strong> Junta Local Fallera<\/p>\n\n\n\n<hr class=\"wp-block-separator has-alpha-channel-opacity\"\/>\n\n\n\n<p>\ud83d\udcc5 <strong>DISSABTE, 13 DE DESEMBRE<\/strong><\/p>\n\n\n\n<p>\ud83d\udd55 <strong>10:00 h a 14:00 h i de 15:00 h a 17:00 h | \ud83d\udc08 Exposici\u00f3 Felina Internacional<\/strong><br>\ud83d\udccd <strong>Pavell\u00f3 Esportiu Municipal del Vedat (entrada gratu\u00efta)<\/strong><br>\ud83d\udc65 <strong>Organitza:<\/strong> Ajuntament de Torrent<\/p>\n\n\n\n<p>\ud83d\udd55 <strong>11:30 h | \ud83d\udc15 85a Exposici\u00f3 Nacional Canina (CAC)<\/strong><br>\ud83d\udccd <strong>\u00c0gora del Parc Central<\/strong><br>\ud83d\udc65 <strong>Organitza:<\/strong> Ajuntament de Torrent amb la col\u00b7laboraci\u00f3 d\u2019Arion<br>\ud83d\udd17 <strong>Inscripcions:<\/strong> ww.lanca.es<\/p>\n\n\n\n<p>\ud83d\udd55 <strong>11:30 h | \ud83c\udfa4 Concert Solidari de Nadal<\/strong><br>\ud83d\udccd <strong>Sal\u00f3 d\u2019actes del Col\u00b7legi Teresianes<\/strong><br>\ud83d\udc65 <strong>Organitza:<\/strong> <em>(pendent d\u2019indicar)<\/em><\/p>\n\n\n\n<p><\/p>\n\n\n\n<p>\ud83d\udd59 <strong>17:30 h | \ud83d\udc83 Ball dels majors<\/strong><br>\ud83d\udccd <strong>Centre Comercial Les Am\u00e8riques<\/strong><br>\ud83d\udc65 <strong>Organitza:<\/strong> Ajuntament de Torrent<\/p>\n\n\n\n<p>\ud83d\udd59 <strong>19:00 h | \ud83e\udd41 Zambomba flamenca<\/strong><br>\ud83d\udccd <strong>Pla\u00e7a Major (junt a la Torre)<\/strong><br>\ud83d\udc65 <strong>Organitza:<\/strong> Associaci\u00f3 Amics de la Cultura Andalusa de Torrent i col\u00b7labora l\u2019Ajuntament de Torrent<\/p>\n\n\n\n<p>\ud83d\udd55 <strong>20:00 h | \ud83d\udc83 B\u00e8rnia<\/strong><br>\ud83d\udccd <strong>Auditori de Torrent<\/strong><br>\ud83d\udc65 <strong>Organitza:<\/strong> Auditori de Torrent<br>\ud83d\udd17 <strong>Entrades:<\/strong> <a href=\"https:\/\/www.auditoritorrent.com\/\" target=\"_blank\" rel=\"noopener\">https:\/\/www.auditoritorrent.com\/<\/a> i des de 2 hores abans de cada funci\u00f3 fins a l\u2019inici de la mateixa.<\/p>\n\n\n\n<p>\ud83d\udd55 <strong>20:00 h | \ud83c\udfb5 XVI Concert ben\u00e8fic a favor de C\u00e0ritas Parroquial Sant Josep<\/strong><br>\ud83d\udccd <strong>Parr\u00f2quia de Sant Josep<\/strong><br>\ud83d\udc65 <strong>Organitza:<\/strong> Germandat Santa Cena i Cavallers del Sant Cali\u00e7<\/p>\n\n\n\n<hr class=\"wp-block-separator has-alpha-channel-opacity\"\/>\n\n\n\n<p>\ud83d\udcc5 <strong>DIUMENGE, 14 DE DESEMBRE<\/strong><\/p>\n\n\n\n<p>\ud83d\udd55 <strong>10:00 h a 19:00 h i de 15:00 h a 17:00 h | \ud83d\udc08 Exposici\u00f3 Felina Internacional<\/strong><br>\ud83d\udccd <strong>Pavell\u00f3 Esportiu Municipal del Vedat (entrada gratu\u00efta)<\/strong><br>\ud83d\udc65 <strong>Organitza:<\/strong> Ajuntament de Torrent<\/p>\n\n\n\n<p>\ud83d\udd55 <strong>10:30 h | \ud83e\udd1d Esdeveniment esportiu a benefici del C\u00e0ncer<\/strong><br>\ud83d\udccd <strong>Pavell\u00f3 Anabel Medina<\/strong><br>\ud83d\udc65 <strong>Organitza:<\/strong> Club Iveca Torrent, FAC, Associaci\u00f3 Contra el C\u00e0ncer i col\u00b7labora l\u2019Ajuntament de Torrent<\/p>\n\n\n\n<p><\/p>\n\n\n\n<p>\ud83d\udd55 <strong>11:30 h | \ud83d\udc15 86a Exposici\u00f3 Nacional Canina (CAC)<\/strong><br>\u2003\u2003<strong>44a Exposici\u00f3 Internacional (CACIB)<\/strong><br>\ud83d\udccd <strong>\u00c0gora del Parc Central<\/strong><br>\ud83d\udc65 <strong>Organitza:<\/strong> Ajuntament de Torrent amb la col\u00b7laboraci\u00f3 d\u2019Arion<br>\ud83d\udd17 <strong>Inscripcions:<\/strong> ww.lanca.es<\/p>\n\n\n\n<p>\ud83d\udd59 <strong>12:00 h | \u26bd Partit de futbol Torrent C.F \u2013 Poblense<\/strong><br>\ud83d\udccd <strong>Picassent<\/strong><br>\ud83d\udc65 <strong>Organitza:<\/strong> Segona RFEF<\/p>\n\n\n\n<p>\ud83d\udd55 12.00 h | \ud83c\udfb5Eucaristia i certamen CCTT Germandats que pertanyen a la parr\u00f2quia de Mont-Si\u00f3n<br>\ud83d\udccd &nbsp;&nbsp;Parr\u00f2quia Mont-Si\u00f3n<br>\ud83d\udc65 Organitza: Germandats que pertanyen a la parr\u00f2quia de Mont-Si\u00f3n<\/p>\n\n\n\n<p>\ud83d\udd59 <strong>12:45 h | \ud83c\udfb5 Concert \u201cUn viatge musical\u201d<\/strong><br>\ud83d\udccd <strong>Auditori de Torrent<\/strong><br>\ud83d\udc65 <strong>Organitza:<\/strong> Corda i Arc<\/p>\n\n\n\n<p>\ud83d\udd59 <strong>12:00 h | \ud83c\udfb5 Nadales Rondalla Cam\u00ed la N\u00f2ria<\/strong><br>\ud83d\udccd <strong>A la Torre, al voltant de l\u2019arbre<\/strong><br>\ud83d\udc65 <strong>Organitza:<\/strong> Cam\u00ed la N\u00f2ria<\/p>\n\n\n\n<p>\ud83d\udd55 <strong>17:30 h | \ud83d\udc83 Ball dels Majors<\/strong><br>\ud83d\udccd <strong>Centre Comercial Les Am\u00e8riques<\/strong><br>\ud83d\udc65 <strong>Organitza:<\/strong> Ajuntament de Torrent<\/p>\n\n\n\n<hr class=\"wp-block-separator has-alpha-channel-opacity\"\/>\n\n\n\n<figure class=\"wp-block-image size-large\"><img fetchpriority=\"high\" decoding=\"async\" width=\"819\" height=\"1024\" src=\"https:\/\/infotorrent.es\/wp-content\/uploads\/2025\/12\/portada-del-11-al-14-diciembre-819x1024.png\" alt=\"\" class=\"wp-image-90056\" srcset=\"https:\/\/infotorrent.es\/wp-content\/uploads\/2025\/12\/portada-del-11-al-14-diciembre-819x1024.png 819w, https:\/\/infotorrent.es\/wp-content\/uploads\/2025\/12\/portada-del-11-al-14-diciembre-240x300.png 240w, https:\/\/infotorrent.es\/wp-content\/uploads\/2025\/12\/portada-del-11-al-14-diciembre-768x960.png 768w, https:\/\/infotorrent.es\/wp-content\/uploads\/2025\/12\/portada-del-11-al-14-diciembre.png 1080w\" sizes=\"(max-width: 819px) 100vw, 819px\" \/><\/figure>\n","protected":false},"excerpt":{"rendered":"<p>La ciutat de Torrent es prepara per a viure un cap de setmana ple d\u2019esdeveniments per a tots els p\u00fablics, amb propostes culturals, esportives, musicals i tradicionals organitzades per associacions locals, falles, col\u00b7lectius ve\u00efnals i el mateix Ajuntament. A continuaci\u00f3, tots els actes detallats amb lloc i hora. \ud83d\udcc5 DIJOUS, 11 DE DESEMBRE \ud83d\udd55 17:00 [&hellip;]<\/p>\n","protected":false},"author":22,"featured_media":90056,"comment_status":"open","ping_status":"open","sticky":false,"template":"","format":"standard","meta":{"_acf_changed":false,"footnotes":""},"categories":[1157,1190,25],"tags":[],"class_list":["post-90059","post","type-post","status-publish","format-standard","has-post-thumbnail","hentry","category-agenda-2-ca","category-ayuntamiento-de-torrent-ca","category-uncategorized"],"acf":[],"_links":{"self":[{"href":"https:\/\/infotorrent.es\/ca\/wp-json\/wp\/v2\/posts\/90059","targetHints":{"allow":["GET"]}}],"collection":[{"href":"https:\/\/infotorrent.es\/ca\/wp-json\/wp\/v2\/posts"}],"about":[{"href":"https:\/\/infotorrent.es\/ca\/wp-json\/wp\/v2\/types\/post"}],"author":[{"embeddable":true,"href":"https:\/\/infotorrent.es\/ca\/wp-json\/wp\/v2\/users\/22"}],"replies":[{"embeddable":true,"href":"https:\/\/infotorrent.es\/ca\/wp-json\/wp\/v2\/comments?post=90059"}],"version-history":[{"count":3,"href":"https:\/\/infotorrent.es\/ca\/wp-json\/wp\/v2\/posts\/90059\/revisions"}],"predecessor-version":[{"id":90141,"href":"https:\/\/infotorrent.es\/ca\/wp-json\/wp\/v2\/posts\/90059\/revisions\/90141"}],"wp:featuredmedia":[{"embeddable":true,"href":"https:\/\/infotorrent.es\/ca\/wp-json\/wp\/v2\/media\/90056"}],"wp:attachment":[{"href":"https:\/\/infotorrent.es\/ca\/wp-json\/wp\/v2\/media?parent=90059"}],"wp:term":[{"taxonomy":"category","embeddable":true,"href":"https:\/\/infotorrent.es\/ca\/wp-json\/wp\/v2\/categories?post=90059"},{"taxonomy":"post_tag","embeddable":true,"href":"https:\/\/infotorrent.es\/ca\/wp-json\/wp\/v2\/tags?post=90059"}],"curies":[{"name":"wp","href":"https:\/\/api.w.org\/{rel}","templated":true}]}}