{"id":90031,"date":"2025-12-10T12:09:05","date_gmt":"2025-12-10T11:09:05","guid":{"rendered":"https:\/\/infotorrent.es\/?p=90031"},"modified":"2025-12-10T12:17:54","modified_gmt":"2025-12-10T11:17:54","slug":"torrent-aprova-en-junta-de-govern-la-prorroga-del-conveni-amb-lautoritat-de-transport-metropolita-de-valencia-per-a-garantir-i-donar-estabilitat-a-la-mobilitat-urbana-i-interurbana-fins-a-2027","status":"publish","type":"post","link":"https:\/\/infotorrent.es\/ca\/noticies\/torrent-aprova-en-junta-de-govern-la-prorroga-del-conveni-amb-lautoritat-de-transport-metropolita-de-valencia-per-a-garantir-i-donar-estabilitat-a-la-mobilitat-urbana-i-interurbana-fins-a-2027\/","title":{"rendered":"Torrent aprova en Junta de Govern la pr\u00f2rroga del conveni amb l&#8217;Autoritat de Transport Metropolit\u00e0 de Val\u00e8ncia per a garantir i donar estabilitat a la mobilitat urbana i interurbana fins a 2027"},"content":{"rendered":"\n<p><strong>Aix\u00ed mateix, s&#8217;aprova una addenda que millora la mobilitat, simplifica la validaci\u00f3 de t\u00edtols, i redu\u00efx el gasto municipal en transport p\u00fablic per als pr\u00f2xims anys<\/strong><\/p>\n\n\n\n<p>La Junta de Govern Local de l&#8217;Ajuntament de Torrent ha aprovat en la sessi\u00f3 de Junta de Govern Local, celebrada hui, pr\u00f2rroga del conveni de col\u00b7laboraci\u00f3 entre l&#8217;Autoritat de Transport Metropolit\u00e0 de Val\u00e8ncia (ATMV) i el consistori, del qual s&#8217;adonar\u00e0 posteriorment al Ple. Un acord que permetr\u00e0 continuar garantint que els ve\u00efns i ve\u00efnes puguen utilitzar els t\u00edtols de transport urb\u00e0 en els autobusos interurbans que recorren el terme municipal. La pr\u00f2rroga tindr\u00e0 una vig\u00e8ncia de dos anys, des de l&#8217;1 de gener de 2026 fins al 31 de desembre de 2027, i inclour\u00e0 una addenda econ\u00f2mica i t\u00e8cnica que actualitza i millora econ\u00f2micament les condicions de l&#8217;acord inicial.<\/p>\n\n\n\n<p><strong>Una mesura que millora la mobilitat i la qualitat de vida a Torrent<\/strong><\/p>\n\n\n\n<p>Des de l&#8217;entrada en vigor del conveni al gener de 2024, la coordinaci\u00f3 entre el transport urb\u00e0 i interurb\u00e0 ha suposat \u201cuna millora en la qualitat de vida dels ciutadans de Torrent\u201d, permetent utilitzar de forma integrada tots els servicis que discorren pel municipi independentment de l&#8217;administraci\u00f3 titular. Destacant que la continu\u00eftat de l&#8217;acord \u00e9s essencial per a fomentar la intermodalitat i una mobilitat m\u00e9s sostenible a la ciutat.<\/p>\n\n\n\n<p>Actualment, Torrent est\u00e0 connectat mitjan\u00e7ant set l\u00ednies metropolitanes gestionades per l&#8217;ATMV: L106A, L106B, L106C, L170A, L170B, L170C i la nocturna L153N, totes elles amb incid\u00e8ncia directa en els despla\u00e7aments quotidians de milers d&#8217;usuaris dins del terme municipal.<\/p>\n\n\n\n<p><strong>Una pr\u00f2rroga de dos anys i una addenda que actualitza les condicions del conveni<\/strong><\/p>\n\n\n\n<p>L&#8217;acord inicial, vigent des de gener de 2024, ja va ser prorrogat durant 2025. Ara, les dos administracions consideren oport\u00fa estendre-ho per dos anys m\u00e9s, fins a 2027, i aprovar una addenda de modificaci\u00f3 que adapta el conveni a la nova realitat tarif\u00e0ria i operativa del sistema metropolit\u00e0, garantint aix\u00ed la continu\u00eftat d&#8217;un sistema de transport integrat que facilita els despla\u00e7aments urbans i interurbans.<\/p>\n\n\n\n<p>Esta ampliaci\u00f3, vigent des de l&#8217;1 de gener de 2026 fins al 31 de desembre de 2027, actualitza i millora les condicions econ\u00f2miques i t\u00e8cniques de l&#8217;acord. Un dels elements centrals d&#8217;esta addenda \u00e9s la implantaci\u00f3 d&#8217;un nou sistema de compensaci\u00f3 econ\u00f2mica, molt m\u00e9s simple i avantatj\u00f3s per a l&#8217;Ajuntament. A partir de 2026, cada validaci\u00f3 de t\u00edtols urbans en el tram municipal de les l\u00ednies interurbanes tindr\u00e0 un import fix d&#8217;1 euro, independentment del tipus de targeta utilitzada. Esta modificaci\u00f3 suposa una reducci\u00f3 significativa del cost del conveni, un major control del gasto p\u00fablic i un sistema m\u00e9s transparent i predictible per a la planificaci\u00f3 econ\u00f2mica municipal.<\/p>\n\n\n\n<p>A m\u00e9s, l&#8217;addenda refor\u00e7a la interoperabilitat tecnol\u00f2gica del transport metropolit\u00e0, garantint que els t\u00edtols urbans de Torrent \u2014ja siga en la Targeta Ciutadana o futurs suports\u2014 continuen sent plenament v\u00e0lids en les l\u00ednies gestionades per l&#8217;ATMV. Per a aix\u00f2, l&#8217;Ajuntament es compromet a mantindre la compatibilitat amb el sistema SEGUISCA&gt;punT o el que l&#8217;ATMV establisca, assegurant que els ve\u00efns puguen continuar utilitzant la seua targeta urbana amb total normalitat en els autobusos interurbans que passen per la ciutat.<\/p>\n\n\n\n<p>El conveni tamb\u00e9 consolida l&#8217;obligaci\u00f3 de l&#8217;ATMV d&#8217;admetre estos t\u00edtols en el tram urb\u00e0, preservant aix\u00ed la mobilitat de milers d&#8217;usuaris diaris.<\/p>\n\n\n\n<p>Amb estes millores, la pr\u00f2rroga del conveni i la seua addenda no sols garantixen la continu\u00eftat del servici, sin\u00f3 que reforcen un model de mobilitat m\u00e9s eficient, accessible i sostenible per a Torrent. L&#8217;estabilitat que aporta l&#8217;acord permetr\u00e0 continuar impulsant un transport p\u00fablic integrat que respon a les necessitats reals de la ciutadania i consolida la col\u00b7laboraci\u00f3 entre administracions per a millorar la qualitat del servici.<\/p>\n\n\n\n<p>L&#8217;alcaldessa de Torrent, Amparo Folgado, ha destacat que&nbsp;<strong>\u201camb esta pr\u00f2rroga i la nova addenda fem un pas m\u00e9s per a garantir un transport p\u00fablic modern, accessible i pensat per a millorar la vida dels nostres ve\u00efns. Torrent continuar\u00e0 comptant amb un sistema de mobilitat integrat que facilita els despla\u00e7aments diaris per a les fam\u00edlies i redu\u00efx el cost per a l&#8217;Ajuntament. El nostre comprom\u00eds \u00e9s clar: oferir un servici m\u00e9s eficient, m\u00e9s sostenible i que responga a les necessitats reals de la ciutat\u201d.<\/strong><\/p>\n\n\n\n<p><strong>\u201cEl preu \u00fanic d&#8217;un euro per validaci\u00f3 ens permet tindre un model m\u00e9s transparent, predictible i econ\u00f2mic. \u00c9s una mesura que beneficia directament a Torrent i que demostra la import\u00e0ncia de la col\u00b7laboraci\u00f3 entre administracions per a avan\u00e7ar cap a una mobilitat metropolitana de qualitat\u201d<\/strong>, ha afegit.<\/p>\n\n\n\n<p><strong>Torrent continua avan\u00e7ant cap a una mobilitat integrada i sostenible<\/strong><\/p>\n\n\n\n<p>La pr\u00f2rroga del conveni amb l&#8217;ATMV consolida l&#8217;aposta de l&#8217;Ajuntament de Torrent per un sistema de transport p\u00fablic m\u00e9s eficient, accessible i coordinat. Gr\u00e0cies a esta col\u00b7laboraci\u00f3, els ve\u00efns podran continuar gaudint d&#8217;una mobilitat integrada que millora els seus despla\u00e7aments i refor\u00e7a el comprom\u00eds municipal amb la sostenibilitat, l&#8217;efici\u00e8ncia i el servici p\u00fablic.<\/p>\n\n\n\n<p>Per part seua, la regidora de l&#8217;\u00c0rea de Mobilitat, Sonia Roca, ha subratllat la millora operativa i econ\u00f2mica que suposa l&#8217;addenda per a l&#8217;Ajuntament i per als usuaris del transport p\u00fablic,&nbsp;<strong>\u201cl&#8217;addenda que hui aprovem simplifica el sistema tarifari, millora la gesti\u00f3 municipal i garantix que els nostres t\u00edtols urbans continuaran sent v\u00e0lids en totes les l\u00ednies interurbanes que passen per Torrent. \u00c9s una mesura que aporta efici\u00e8ncia, estalvi i seguretat al servici que utilitzen milers de ve\u00efns cada dia\u201d.<\/strong><\/p>\n\n\n\n<p><strong>\u201cEsta actualitzaci\u00f3 del conveni ens permet adaptar el transport p\u00fablic a la realitat actual de l&#8217;\u00e0rea metropolitana, refor\u00e7ant la interoperabilitat tecnol\u00f2gica i consolidant un model de mobilitat m\u00e9s c\u00f2mode, m\u00e9s clar i m\u00e9s sostenible. \u00c9s una millora substancial que es notar\u00e0 tant en l&#8217;administraci\u00f3 com en el dia a dia dels ciutadans\u201d<\/strong>, ha concl\u00f2s<\/p>\n\n\n\n<figure class=\"wp-block-image size-large\"><img fetchpriority=\"high\" decoding=\"async\" width=\"1024\" height=\"682\" src=\"https:\/\/infotorrent.es\/wp-content\/uploads\/2025\/12\/1-30-1024x682.jpg\" alt=\"\" class=\"wp-image-90028\" srcset=\"https:\/\/infotorrent.es\/wp-content\/uploads\/2025\/12\/1-30-1024x682.jpg 1024w, https:\/\/infotorrent.es\/wp-content\/uploads\/2025\/12\/1-30-300x200.jpg 300w, https:\/\/infotorrent.es\/wp-content\/uploads\/2025\/12\/1-30-768x511.jpg 768w, https:\/\/infotorrent.es\/wp-content\/uploads\/2025\/12\/1-30.jpg 1200w\" sizes=\"(max-width: 1024px) 100vw, 1024px\" \/><\/figure>\n","protected":false},"excerpt":{"rendered":"<p>Aix\u00ed mateix, s&#8217;aprova una addenda que millora la mobilitat, simplifica la validaci\u00f3 de t\u00edtols, i redu\u00efx el gasto municipal en transport p\u00fablic per als pr\u00f2xims anys La Junta de Govern Local de l&#8217;Ajuntament de Torrent ha aprovat en la sessi\u00f3 de Junta de Govern Local, celebrada hui, pr\u00f2rroga del conveni de col\u00b7laboraci\u00f3 entre l&#8217;Autoritat de [&hellip;]<\/p>\n","protected":false},"author":21,"featured_media":90028,"comment_status":"open","ping_status":"open","sticky":false,"template":"","format":"standard","meta":{"_acf_changed":false,"footnotes":""},"categories":[147,153,127,116,124,1145],"tags":[],"class_list":["post-90031","post","type-post","status-publish","format-standard","has-post-thumbnail","hentry","category-mobilitat","category-movilidad-2","category-noticias-2","category-noticies","category-seguretat-ciutadana","category-seguridad-ciudadana-y-movilidad-ca"],"acf":[],"_links":{"self":[{"href":"https:\/\/infotorrent.es\/ca\/wp-json\/wp\/v2\/posts\/90031","targetHints":{"allow":["GET"]}}],"collection":[{"href":"https:\/\/infotorrent.es\/ca\/wp-json\/wp\/v2\/posts"}],"about":[{"href":"https:\/\/infotorrent.es\/ca\/wp-json\/wp\/v2\/types\/post"}],"author":[{"embeddable":true,"href":"https:\/\/infotorrent.es\/ca\/wp-json\/wp\/v2\/users\/21"}],"replies":[{"embeddable":true,"href":"https:\/\/infotorrent.es\/ca\/wp-json\/wp\/v2\/comments?post=90031"}],"version-history":[{"count":1,"href":"https:\/\/infotorrent.es\/ca\/wp-json\/wp\/v2\/posts\/90031\/revisions"}],"predecessor-version":[{"id":90033,"href":"https:\/\/infotorrent.es\/ca\/wp-json\/wp\/v2\/posts\/90031\/revisions\/90033"}],"wp:featuredmedia":[{"embeddable":true,"href":"https:\/\/infotorrent.es\/ca\/wp-json\/wp\/v2\/media\/90028"}],"wp:attachment":[{"href":"https:\/\/infotorrent.es\/ca\/wp-json\/wp\/v2\/media?parent=90031"}],"wp:term":[{"taxonomy":"category","embeddable":true,"href":"https:\/\/infotorrent.es\/ca\/wp-json\/wp\/v2\/categories?post=90031"},{"taxonomy":"post_tag","embeddable":true,"href":"https:\/\/infotorrent.es\/ca\/wp-json\/wp\/v2\/tags?post=90031"}],"curies":[{"name":"wp","href":"https:\/\/api.w.org\/{rel}","templated":true}]}}