{"id":90022,"date":"2025-12-10T11:55:15","date_gmt":"2025-12-10T10:55:15","guid":{"rendered":"https:\/\/infotorrent.es\/?p=90022"},"modified":"2025-12-10T12:02:16","modified_gmt":"2025-12-10T11:02:16","slug":"torrent-impulsa-una-nova-escola-de-nadal-des-de-la-casa-de-la-dona-per-a-afavorir-la-conciliacio-familiar-durant-les-festes","status":"publish","type":"post","link":"https:\/\/infotorrent.es\/ca\/casa-de-la-dona-ca\/torrent-impulsa-una-nova-escola-de-nadal-des-de-la-casa-de-la-dona-per-a-afavorir-la-conciliacio-familiar-durant-les-festes\/","title":{"rendered":"Torrent impulsa una nova Escola de Nadal des de la Casa de la Dona per a afavorir la conciliaci\u00f3 familiar durant les festes"},"content":{"rendered":"\n<p><strong>L&#8217;Escola de Nadal oferix places per a 140 xiquets i xiquetes en una proposta educativa i mediambiental que impulsa la conciliaci\u00f3 familiar a Torrent<\/strong><\/p>\n\n\n\n<p><strong>Torrent, 10 de desembre de 2025.-<\/strong>&nbsp;L&#8217;Ajuntament de Torrent, a trav\u00e9s de la Casa de la Dona i dins de la subvenci\u00f3 del Pla Corresponsabilitat de la Generalitat Valenciana, posa en marxa un any m\u00e9s la seua Escola de Nadal, una iniciativa gratu\u00efta dirigida a xiquets i xiquetes de 6 a 12 anys que busca oferir a les fam\u00edlies un recurs de suport a la conciliaci\u00f3 en unes dates especialment sensibles com s\u00f3n les vacacions de Nadal.<\/p>\n\n\n\n<p>L&#8217;activitat es desenrotllar\u00e0 els dies 23, 26, 29 i 30 de desembre, en horari de 8.30 a 14.30 hores, amb eixida i arribada a la Casa de la Dona, i inclour\u00e0 transport i p\u00edcnic per a tots els participants.<\/p>\n\n\n\n<p><strong>Una proposta educativa, cultural i mediambiental en l&#8217;Albufera<\/strong><\/p>\n\n\n\n<p>Per a esta edici\u00f3, l&#8217;Escola de Nadal aposta per una programaci\u00f3 renovada de sensibilitzaci\u00f3 ambiental, amb l&#8217;objectiu d&#8217;ampliar opcions i oferir experi\u00e8ncies complement\u00e0ries. Aix\u00ed, cada grup realitzar\u00e0 una excursi\u00f3 al Parc Natural de l&#8217;Albufera, en col\u00b7laboraci\u00f3 amb Natura i Cultura Servicis Mediambientals, on els menors participaran en activitats i jocs tem\u00e0tics sobre la fauna i flora de l&#8217;entorn, recorrent diversos ecosistemes com el llac, canals, bosc i emmallades.<\/p>\n\n\n\n<p>La jornada inclou tallers sobre fauna, flora, reconeixement de micropl\u00e0stics i la seua incid\u00e8ncia en el medi natural, aix\u00ed com les conseq\u00fc\u00e8ncies de la DANA, fomentant la sensibilitzaci\u00f3 ambiental des d&#8217;edats primerenques. El dia culminar\u00e0 amb un passeig amb barca per l&#8217;Albufera, una experi\u00e8ncia que permet als xiquets i xiquetes descobrir de prop un dels espais naturals m\u00e9s emblem\u00e0tics de la Comunitat Valenciana.<\/p>\n\n\n\n<p><strong>Una experi\u00e8ncia per a 140 menors<\/strong><\/p>\n\n\n\n<p>L&#8217;Escola de Nadal comptar\u00e0 amb quatre grups de 35 menors per dia, la qual cosa suposa una capacitat total per a 140 participants diaris.<\/p>\n\n\n\n<p>Cada fam\u00edlia podr\u00e0 inscriure al seu fill o filla en un \u00fanic dia, garantint aix\u00ed la igualtat d&#8217;oportunitats i permetent que m\u00e9s fam\u00edlies puguen beneficiar-se d&#8217;este servici de corresponsabilitat.<\/p>\n\n\n\n<p>Les inscripcions estaran obertes fins al 17 de desembre a les 23.59 h en la web municipal:<\/p>\n\n\n\n<figure class=\"wp-block-embed is-type-wp-embed is-provider-portal-inscripciones-ayto-torrent wp-block-embed-portal-inscripciones-ayto-torrent\"><div class=\"wp-block-embed__wrapper\">\n<blockquote class=\"wp-embedded-content\" data-secret=\"saCTfracms\"><a href=\"https:\/\/inscripciones.torrent.es\/elementor-88\/\" target=\"_blank\" rel=\"noopener\">Actividades disponibles<\/a><\/blockquote><iframe class=\"wp-embedded-content\" sandbox=\"allow-scripts\" security=\"restricted\" style=\"position: absolute; visibility: hidden;\" title=\"\u00abActividades disponibles\u00bb \u2014 Portal Inscripciones - Ayto Torrent\" src=\"https:\/\/inscripciones.torrent.es\/elementor-88\/embed\/#?secret=byIkwk6sQV#?secret=saCTfracms\" data-secret=\"saCTfracms\" width=\"600\" height=\"338\" frameborder=\"0\" marginwidth=\"0\" marginheight=\"0\" scrolling=\"no\"><\/iframe>\n<\/div><\/figure>\n\n\n\n<p><strong>Conciliaci\u00f3 familiar en el centre de l&#8217;acci\u00f3 municipal<\/strong><\/p>\n\n\n\n<p>La iniciativa s&#8217;emmarca en les pol\u00edtiques municipals de suport a la conciliaci\u00f3 familiar i laboral, especialment en per\u00edodes no lectius on les fam\u00edlies requerixen alternatives educatives segures, inclusives i accessibles.<\/p>\n\n\n\n<p>La regidora de la Dona i responsable de la Casa de la Dona, Amparo Chust, ha destacat que&nbsp;<strong>\u201cl&#8217;Escola de Nadal de la Casa de la Dona \u00e9s un recurs fonamental per a moltes fam\u00edlies de Torrent, que troben en este programa un suport real per a conciliar durant les vacacions. Gr\u00e0cies al Pla Corresponsabilitat podem oferir activitats gratu\u00eftes, educatives i de qualitat, que a m\u00e9s fomenten valors com el respecte al medi ambient i la igualtat\u201d.<\/strong><\/p>\n\n\n\n<p>Chust ha subratllat tamb\u00e9 la import\u00e0ncia de diversificar l&#8217;oferta d&#8217;activitats,&nbsp;<strong>\u201cenguany hem apostat per una experi\u00e8ncia diferent, amb eixides culturals i mediambientals que permeten als xiquets i xiquetes aprendre i descobrir espais \u00fanics com l&#8217;Albufera. La nostra prioritat \u00e9s combinar conciliaci\u00f3, aprenentatge i diversi\u00f3\u201d.<\/strong><\/p>\n\n\n\n<p>Finalment, la regidora anima a les fam\u00edlies a participar,&nbsp;<strong>\u201cconvidem a totes les fam\u00edlies a inscriure als seus fills i filles i gaudir d&#8217;esta oportunitat. \u00c9s una activitat segura, formativa, gratu\u00efta i pensada per a facilitar la vida di\u00e0ria dels qui m\u00e9s ho necessiten en estes dates\u201d.<\/strong><\/p>\n\n\n\n<figure class=\"wp-block-image size-full\"><img fetchpriority=\"high\" decoding=\"async\" width=\"1024\" height=\"768\" src=\"https:\/\/infotorrent.es\/wp-content\/uploads\/2025\/12\/2-23.png\" alt=\"\" class=\"wp-image-90016\" srcset=\"https:\/\/infotorrent.es\/wp-content\/uploads\/2025\/12\/2-23.png 1024w, https:\/\/infotorrent.es\/wp-content\/uploads\/2025\/12\/2-23-300x225.png 300w, https:\/\/infotorrent.es\/wp-content\/uploads\/2025\/12\/2-23-768x576.png 768w\" sizes=\"(max-width: 1024px) 100vw, 1024px\" \/><\/figure>\n\n\n\n<figure class=\"wp-block-image size-large\"><img decoding=\"async\" width=\"1024\" height=\"1024\" src=\"https:\/\/infotorrent.es\/wp-content\/uploads\/2025\/12\/Cartel-2-1024x1024.jpg\" alt=\"\" class=\"wp-image-90018\" srcset=\"https:\/\/infotorrent.es\/wp-content\/uploads\/2025\/12\/Cartel-2-1024x1024.jpg 1024w, https:\/\/infotorrent.es\/wp-content\/uploads\/2025\/12\/Cartel-2-300x300.jpg 300w, https:\/\/infotorrent.es\/wp-content\/uploads\/2025\/12\/Cartel-2-150x150.jpg 150w, https:\/\/infotorrent.es\/wp-content\/uploads\/2025\/12\/Cartel-2-768x768.jpg 768w, https:\/\/infotorrent.es\/wp-content\/uploads\/2025\/12\/Cartel-2-700x700.jpg 700w, https:\/\/infotorrent.es\/wp-content\/uploads\/2025\/12\/Cartel-2.jpg 1080w\" sizes=\"(max-width: 1024px) 100vw, 1024px\" \/><\/figure>\n","protected":false},"excerpt":{"rendered":"<p>L&#8217;Escola de Nadal oferix places per a 140 xiquets i xiquetes en una proposta educativa i mediambiental que impulsa la conciliaci\u00f3 familiar a Torrent Torrent, 10 de desembre de 2025.-&nbsp;L&#8217;Ajuntament de Torrent, a trav\u00e9s de la Casa de la Dona i dins de la subvenci\u00f3 del Pla Corresponsabilitat de la Generalitat Valenciana, posa en marxa [&hellip;]<\/p>\n","protected":false},"author":21,"featured_media":90016,"comment_status":"open","ping_status":"open","sticky":false,"template":"","format":"standard","meta":{"_acf_changed":false,"footnotes":""},"categories":[1162,1166],"tags":[],"class_list":["post-90022","post","type-post","status-publish","format-standard","has-post-thumbnail","hentry","category-casa-de-la-dona-ca","category-infancia-ca"],"acf":[],"_links":{"self":[{"href":"https:\/\/infotorrent.es\/ca\/wp-json\/wp\/v2\/posts\/90022","targetHints":{"allow":["GET"]}}],"collection":[{"href":"https:\/\/infotorrent.es\/ca\/wp-json\/wp\/v2\/posts"}],"about":[{"href":"https:\/\/infotorrent.es\/ca\/wp-json\/wp\/v2\/types\/post"}],"author":[{"embeddable":true,"href":"https:\/\/infotorrent.es\/ca\/wp-json\/wp\/v2\/users\/21"}],"replies":[{"embeddable":true,"href":"https:\/\/infotorrent.es\/ca\/wp-json\/wp\/v2\/comments?post=90022"}],"version-history":[{"count":1,"href":"https:\/\/infotorrent.es\/ca\/wp-json\/wp\/v2\/posts\/90022\/revisions"}],"predecessor-version":[{"id":90025,"href":"https:\/\/infotorrent.es\/ca\/wp-json\/wp\/v2\/posts\/90022\/revisions\/90025"}],"wp:featuredmedia":[{"embeddable":true,"href":"https:\/\/infotorrent.es\/ca\/wp-json\/wp\/v2\/media\/90016"}],"wp:attachment":[{"href":"https:\/\/infotorrent.es\/ca\/wp-json\/wp\/v2\/media?parent=90022"}],"wp:term":[{"taxonomy":"category","embeddable":true,"href":"https:\/\/infotorrent.es\/ca\/wp-json\/wp\/v2\/categories?post=90022"},{"taxonomy":"post_tag","embeddable":true,"href":"https:\/\/infotorrent.es\/ca\/wp-json\/wp\/v2\/tags?post=90022"}],"curies":[{"name":"wp","href":"https:\/\/api.w.org\/{rel}","templated":true}]}}