{"id":90011,"date":"2025-12-10T10:34:46","date_gmt":"2025-12-10T09:34:46","guid":{"rendered":"https:\/\/infotorrent.es\/?p=90011"},"modified":"2025-12-10T10:48:54","modified_gmt":"2025-12-10T09:48:54","slug":"el-comerc-local-torna-als-carrers-de-torrent-en-el-iii-mercat-de-nadal","status":"publish","type":"post","link":"https:\/\/infotorrent.es\/ca\/comercio-mercados-y-empleo-ca\/el-comerc-local-torna-als-carrers-de-torrent-en-el-iii-mercat-de-nadal\/","title":{"rendered":"El comer\u00e7 local torna als carrers de Torrent en el III Mercat de Nadal"},"content":{"rendered":"\n<p><strong>Contacontes, tallers, la Casa de Pap\u00e0 Noel, granja interactiva i oficis tradicionals podran disfrutar-se en la Pla\u00e7a Uni\u00f3 Musical del 12 al 14 de desembre<\/strong><\/p>\n\n\n\n<p>Torrent es prepara per a viure un cap de setmana plenament nadalenc amb la celebraci\u00f3 del seu\u00a0<strong>III Mercat de Nadal<\/strong>, que tindr\u00e0 lloc del divendres 12 al diumenge 14 de desembre en la\u00a0<strong>Pla\u00e7a Uni\u00f3 Musical<\/strong>, al costat de la parada de metro\u00a0<strong>Torrent Avinguda<\/strong>. L\u2019esdeveniment est\u00e0 organitzat per l\u2019<strong>Ajuntament de Torrent<\/strong>\u00a0i l\u2019empresa municipal\u00a0<strong>IDEAT<\/strong>, i compta amb la col\u00b7laboraci\u00f3 de l\u2019<strong>ACST \u2013 Associaci\u00f3 de Comerciants i Servicis de Torrent<\/strong>.<\/p>\n\n\n\n<p>Quasi una vintena de comer\u00e7os de la ciutat eixiran al carrer per a oferir una \u00e0mplia varietat de productes nadalencs:&nbsp;<strong>adorns per a l\u2019arbre, el betlem i la casa<\/strong>, roba d\u2019hivern i de Nadal,&nbsp;<strong>pastissets i dol\u00e7os artesanals<\/strong>,&nbsp;<strong>xocolate<\/strong>, regals t\u00edpics d\u2019estes dates, llibres i creacions fetes a m\u00e0.<\/p>\n\n\n\n<p><br>Els comer\u00e7os participants s\u00f3n:&nbsp;<strong>Herbolario El Jard\u00edn Medicinal, El Jard\u00ed de Noa, Colorines, Happy Regalo, Las Tres Escobas, Pasteler\u00eda La Pla\u00e7a\u2013Tartamalia, Graons Llibres, El Caj\u00f3n de Mar\u00eda, Kraft&amp;Soul Design, Nova Llibres, Contigo in Love, El Rac\u00f3 a Granell, Chocolates Rafael Andreu, La Filla del Mestre, La Mar de Cucadas, Papeleria Pickin Pack i Fundaci\u00f3 Espurna<\/strong>.<\/p>\n\n\n\n<p>A m\u00e9s de les casetes tradicionals, el mercat oferir\u00e0 un complet programa d\u2019activitats per a totes les edats, especialment per als m\u00e9s menuts, que podran disfrutar de&nbsp;<strong>contacontes, personatges infantils, tallers participatius<\/strong>&nbsp;o de la&nbsp;<strong>Casa de Pap\u00e0 Noel<\/strong>.<\/p>\n\n\n\n<p>La&nbsp;<strong>alcaldessa de Torrent, Amparo Folgado<\/strong>, ha destacat que&nbsp;<em>\u201cel Mercat de Nadal \u00e9s ja una cita imprescindible per a centenars de fam\u00edlies de Torrent. Cada any creix en comer\u00e7os, activitats i participaci\u00f3, convertint-se en un espai on viure la m\u00e0gia del Nadal i, al mateix temps, recolzar el comer\u00e7 local. Des de l\u2019Ajuntament seguim treballant per a dinamitzar la ciutat i oferir propostes que ompliguen de vida les nostres places i els nostres barris\u201d<\/em>.<\/p>\n\n\n\n<p>Per la seua banda, la&nbsp;<strong>regidora de Comer\u00e7 i Mercats, Sandra Fas<\/strong>, ha subratllat la import\u00e0ncia d\u2019esta iniciativa per al teixit comercial:&nbsp;<em>\u201cEste mercat \u00e9s una gran oportunitat perqu\u00e8 els nostres comer\u00e7os isquen al carrer, es donen a con\u00e9ixer i puguen mostrar tot el que Torrent \u00e9s capa\u00e7 d\u2019oferir. La col\u00b7laboraci\u00f3 d\u2019IDEAT amb ACST ha sigut fonamental per a fer cr\u00e9ixer esta tercera edici\u00f3 i consolidar el mercat com un punt de trobada nadalenc per a totes les edats\u201d<\/em>.<\/p>\n\n\n\n<p>El&nbsp;<strong>III Mercat de Nadal de Torrent<\/strong>&nbsp;obrir\u00e0 les seues portes este cap de setmana en la Pla\u00e7a Uni\u00f3 Musical, convertint-se en un gran espai nadalenc on ve\u00efns i visitants podran realitzar les seues compres, disfrutar d\u2019activitats familiars i recolzar el comer\u00e7 de proximitat.<\/p>\n\n\n\n<p><strong>PROGRAMACI\u00d3 COMPLETA<\/strong><\/p>\n\n\n\n<p><strong>DIVENDRES 12 (de 17 h a 21 h)<\/strong><\/p>\n\n\n\n<p>\u00b7&nbsp;&nbsp;&nbsp;&nbsp;&nbsp;&nbsp;&nbsp;&nbsp;&nbsp;<strong>18:00 h \u2013 Obertura<\/strong><\/p>\n\n\n\n<p>\u00b7&nbsp;&nbsp;&nbsp;&nbsp;&nbsp;&nbsp;&nbsp;&nbsp;&nbsp;<strong>18:00 h a 20:00 h \u2013 Casa de Pap\u00e0 Noel<\/strong><\/p>\n\n\n\n<p>\u00b7&nbsp;&nbsp;&nbsp;&nbsp;&nbsp;&nbsp;&nbsp;&nbsp;&nbsp;<strong>18:00 h a 20:00 h \u2013 Contacontes i personatges:<\/strong><\/p>\n\n\n\n<p>o&nbsp;&nbsp;&nbsp;&nbsp;La fada de Nadal<\/p>\n\n\n\n<p>o&nbsp;&nbsp;&nbsp;&nbsp;L\u2019elfa entremaliada<\/p>\n\n\n\n<p>o&nbsp;&nbsp;&nbsp;&nbsp;El ren Rodolfo<\/p>\n\n\n\n<p>\u00b7&nbsp;&nbsp;&nbsp;&nbsp;&nbsp;&nbsp;&nbsp;&nbsp;&nbsp;<strong>18:00 h a 20:00 h \u2013 Pintacares<\/strong><\/p>\n\n\n\n<p><strong>DISSABTE 13 (de 11 h a 14 h i de 17 h a 21 h)<\/strong><\/p>\n\n\n\n<p>\u00b7&nbsp;&nbsp;&nbsp;&nbsp;&nbsp;&nbsp;&nbsp;&nbsp;&nbsp;<strong>12:00 h a 14:00 h i de 17:00 h a 20:00 h \u2013 Casa de Pap\u00e0 Noel<\/strong><\/p>\n\n\n\n<p>\u00b7&nbsp;&nbsp;&nbsp;&nbsp;&nbsp;&nbsp;&nbsp;&nbsp;&nbsp;<strong>11:00 h i 13:00 h \/\/ 17:00 h i 20:00 h \u2013 Contacontes i personatges:<\/strong><\/p>\n\n\n\n<p>o&nbsp;&nbsp;&nbsp;&nbsp;La fada de Nadal<\/p>\n\n\n\n<p>o&nbsp;&nbsp;&nbsp;&nbsp;L\u2019elfa entremaliada<\/p>\n\n\n\n<p>o&nbsp;&nbsp;&nbsp;&nbsp;El ren Rodolfo<\/p>\n\n\n\n<p>\u00b7&nbsp;&nbsp;&nbsp;&nbsp;&nbsp;&nbsp;&nbsp;&nbsp;&nbsp;<strong>17:00 h a 20:00 h \u2013 Pintacares<\/strong><\/p>\n\n\n\n<p><strong>DIUMENGE 14 (de 11 h a 14 h i de 17 h a 20:30 h)<\/strong><\/p>\n\n\n\n<p>\u00b7&nbsp;&nbsp;&nbsp;&nbsp;&nbsp;&nbsp;&nbsp;&nbsp;&nbsp;<strong>12:00 h a 14:00 h i de 17:00 h a 20:00 h \u2013 Casa de Pap\u00e0 Noel<\/strong><\/p>\n\n\n\n<p>\u00b7&nbsp;&nbsp;&nbsp;&nbsp;&nbsp;&nbsp;&nbsp;&nbsp;&nbsp;<strong>11:00 h i 13:00 h \/\/ 17:00 h i 20:00 h \u2013 Contacontes i personatges:<\/strong><\/p>\n\n\n\n<p>o&nbsp;&nbsp;&nbsp;&nbsp;La fada de Nadal<\/p>\n\n\n\n<p>o&nbsp;&nbsp;&nbsp;&nbsp;L\u2019elfa entremaliada<\/p>\n\n\n\n<p>o&nbsp;&nbsp;&nbsp;&nbsp;El ren Rodolfo<\/p>\n\n\n\n<p>\u00b7&nbsp;&nbsp;&nbsp;&nbsp;&nbsp;&nbsp;&nbsp;&nbsp;&nbsp;<strong>17:00 h i 20:00 h \u2013 Pintacares<\/strong><\/p>\n\n\n\n<p><strong>ACTIVITATS DURANT ELS TRES DIES<\/strong><\/p>\n\n\n\n<p><strong>Oficis (demostracions artesanals)<\/strong><\/p>\n\n\n\n<p>\u00b7&nbsp;&nbsp;&nbsp;&nbsp;&nbsp;&nbsp;&nbsp;&nbsp;&nbsp;Raku: arbres de cer\u00e0mica<\/p>\n\n\n\n<p>\u00b7&nbsp;&nbsp;&nbsp;&nbsp;&nbsp;&nbsp;&nbsp;&nbsp;&nbsp;Pintura artesanal en cer\u00e0mica<\/p>\n\n\n\n<p>\u00b7&nbsp;&nbsp;&nbsp;&nbsp;&nbsp;&nbsp;&nbsp;&nbsp;&nbsp;Pastes nadalenques de la Rep\u00fablica Txeca<\/p>\n\n\n\n<p><strong>Tallers participatius<\/strong><\/p>\n\n\n\n<p>\u00b7&nbsp;&nbsp;&nbsp;&nbsp;&nbsp;&nbsp;&nbsp;&nbsp;&nbsp;Pintant el Nadal<\/p>\n\n\n\n<p>\u00b7&nbsp;&nbsp;&nbsp;&nbsp;&nbsp;&nbsp;&nbsp;&nbsp;&nbsp;Pastes nadalenques de la Rep\u00fablica Txeca<\/p>\n\n\n\n<p>\u00b7&nbsp;&nbsp;&nbsp;&nbsp;&nbsp;&nbsp;&nbsp;&nbsp;&nbsp;Taller de pintura de gots<\/p>\n\n\n\n<p><strong>A m\u00e9s\u2026<\/strong><\/p>\n\n\n\n<p>\u00b7&nbsp;&nbsp;&nbsp;&nbsp;&nbsp;&nbsp;&nbsp;&nbsp;&nbsp;<strong>Ludoteca nadalenca<\/strong><\/p>\n\n\n\n<p>o&nbsp;&nbsp;&nbsp;&nbsp;Ludoteca musical<\/p>\n\n\n\n<p>o&nbsp;&nbsp;&nbsp;&nbsp;Taules de puzle<\/p>\n\n\n\n<p>o&nbsp;&nbsp;&nbsp;&nbsp;Cavallets Da Vinci<\/p>\n\n\n\n<p>o&nbsp;&nbsp;&nbsp;&nbsp;Jocs antics<\/p>\n\n\n\n<p>\u00b7&nbsp;&nbsp;&nbsp;&nbsp;&nbsp;&nbsp;&nbsp;&nbsp;&nbsp;<strong>Granja interactiva<\/strong><\/p>\n\n\n\n<figure class=\"wp-block-image size-large\"><img fetchpriority=\"high\" decoding=\"async\" width=\"1024\" height=\"576\" src=\"https:\/\/infotorrent.es\/wp-content\/uploads\/2025\/12\/WhatsApp-Image-2025-12-10-at-10.28.29-1024x576.jpeg\" alt=\"\" class=\"wp-image-90006\" srcset=\"https:\/\/infotorrent.es\/wp-content\/uploads\/2025\/12\/WhatsApp-Image-2025-12-10-at-10.28.29-1024x576.jpeg 1024w, https:\/\/infotorrent.es\/wp-content\/uploads\/2025\/12\/WhatsApp-Image-2025-12-10-at-10.28.29-300x169.jpeg 300w, https:\/\/infotorrent.es\/wp-content\/uploads\/2025\/12\/WhatsApp-Image-2025-12-10-at-10.28.29-768x432.jpeg 768w, https:\/\/infotorrent.es\/wp-content\/uploads\/2025\/12\/WhatsApp-Image-2025-12-10-at-10.28.29.jpeg 1200w\" sizes=\"(max-width: 1024px) 100vw, 1024px\" \/><\/figure>\n\n\n\n<figure class=\"wp-block-image size-large is-resized\"><img decoding=\"async\" width=\"731\" height=\"1024\" src=\"https:\/\/infotorrent.es\/wp-content\/uploads\/2025\/12\/WhatsApp-Image-2025-12-10-at-10.21.00-731x1024.jpeg\" alt=\"\" class=\"wp-image-90008\" style=\"width:800px;height:auto\" srcset=\"https:\/\/infotorrent.es\/wp-content\/uploads\/2025\/12\/WhatsApp-Image-2025-12-10-at-10.21.00-731x1024.jpeg 731w, https:\/\/infotorrent.es\/wp-content\/uploads\/2025\/12\/WhatsApp-Image-2025-12-10-at-10.21.00-214x300.jpeg 214w, https:\/\/infotorrent.es\/wp-content\/uploads\/2025\/12\/WhatsApp-Image-2025-12-10-at-10.21.00-768x1076.jpeg 768w, https:\/\/infotorrent.es\/wp-content\/uploads\/2025\/12\/WhatsApp-Image-2025-12-10-at-10.21.00-1096x1536.jpeg 1096w, https:\/\/infotorrent.es\/wp-content\/uploads\/2025\/12\/WhatsApp-Image-2025-12-10-at-10.21.00.jpeg 1142w\" sizes=\"(max-width: 731px) 100vw, 731px\" \/><\/figure>\n","protected":false},"excerpt":{"rendered":"<p>Contacontes, tallers, la Casa de Pap\u00e0 Noel, granja interactiva i oficis tradicionals podran disfrutar-se en la Pla\u00e7a Uni\u00f3 Musical del 12 al 14 de desembre Torrent es prepara per a viure un cap de setmana plenament nadalenc amb la celebraci\u00f3 del seu\u00a0III Mercat de Nadal, que tindr\u00e0 lloc del divendres 12 al diumenge 14 de [&hellip;]<\/p>\n","protected":false},"author":21,"featured_media":90006,"comment_status":"open","ping_status":"open","sticky":false,"template":"","format":"standard","meta":{"_acf_changed":false,"footnotes":""},"categories":[1205],"tags":[],"class_list":["post-90011","post","type-post","status-publish","format-standard","has-post-thumbnail","hentry","category-comercio-mercados-y-empleo-ca"],"acf":[],"_links":{"self":[{"href":"https:\/\/infotorrent.es\/ca\/wp-json\/wp\/v2\/posts\/90011","targetHints":{"allow":["GET"]}}],"collection":[{"href":"https:\/\/infotorrent.es\/ca\/wp-json\/wp\/v2\/posts"}],"about":[{"href":"https:\/\/infotorrent.es\/ca\/wp-json\/wp\/v2\/types\/post"}],"author":[{"embeddable":true,"href":"https:\/\/infotorrent.es\/ca\/wp-json\/wp\/v2\/users\/21"}],"replies":[{"embeddable":true,"href":"https:\/\/infotorrent.es\/ca\/wp-json\/wp\/v2\/comments?post=90011"}],"version-history":[{"count":1,"href":"https:\/\/infotorrent.es\/ca\/wp-json\/wp\/v2\/posts\/90011\/revisions"}],"predecessor-version":[{"id":90013,"href":"https:\/\/infotorrent.es\/ca\/wp-json\/wp\/v2\/posts\/90011\/revisions\/90013"}],"wp:featuredmedia":[{"embeddable":true,"href":"https:\/\/infotorrent.es\/ca\/wp-json\/wp\/v2\/media\/90006"}],"wp:attachment":[{"href":"https:\/\/infotorrent.es\/ca\/wp-json\/wp\/v2\/media?parent=90011"}],"wp:term":[{"taxonomy":"category","embeddable":true,"href":"https:\/\/infotorrent.es\/ca\/wp-json\/wp\/v2\/categories?post=90011"},{"taxonomy":"post_tag","embeddable":true,"href":"https:\/\/infotorrent.es\/ca\/wp-json\/wp\/v2\/tags?post=90011"}],"curies":[{"name":"wp","href":"https:\/\/api.w.org\/{rel}","templated":true}]}}