{"id":89985,"date":"2025-12-10T09:11:58","date_gmt":"2025-12-10T08:11:58","guid":{"rendered":"https:\/\/infotorrent.es\/?p=89985"},"modified":"2025-12-10T09:21:21","modified_gmt":"2025-12-10T08:21:21","slug":"torrent-inaugura-este-divendres-una-exposicio-de-betlems-en-lespai-sant-gregori","status":"publish","type":"post","link":"https:\/\/infotorrent.es\/ca\/festes-i-turisme\/torrent-inaugura-este-divendres-una-exposicio-de-betlems-en-lespai-sant-gregori\/","title":{"rendered":"Torrent inaugura este divendres una exposici\u00f3 de betlems en l\u2019Espai Sant Gregori"},"content":{"rendered":"\n<p>Els clients i visitants del mercat podran disfrutar del pessebre municipal creat pel Gremi d\u2019Artistes Fallers i un pessebre de Juan Jos\u00e9 Chinesta<\/p>\n\n\n\n<p>La inauguraci\u00f3 a les 18 hores comptar\u00e0 amb l\u2019actuaci\u00f3 de la Rondalla de Cam\u00ed la Noria<\/p>\n\n\n\n<p>Torrent continua vivint un Nadal ple de tradicions i cultura amb la inauguraci\u00f3 este divendres 12 de desembre, a les 18:00 hores, d\u2019una exposici\u00f3 de betlems en l\u2019Espai Sant Gregori. L\u2019acte comptar\u00e0 amb la m\u00fasica de les nadalenques interpretades per la <strong>Rondalla de Cam\u00ed La Noria de Torrent<\/strong>, que posar\u00e0 l\u2019ambient festiu i nadalenc per a tots els assistents.<\/p>\n\n\n\n<p>L\u2019exposici\u00f3 permetr\u00e0 als visitants contemplar el <strong>naixement a mida real creat pel Gremi d\u2019Artistes Fallers<\/strong> per a l\u2019Ajuntament de Torrent en el Nadal de 2023, una pe\u00e7a que combina creativitat, realisme i tradici\u00f3 en una instal\u00b7laci\u00f3 que s\u2019ha convertit en un referent de la cultura dins del mercat. A m\u00e9s, es podr\u00e0 disfrutar d\u2019un <strong>betlem tradicional<\/strong> realitzat pel reconegut betlemnista torrent\u00ed <strong>Juan Jos\u00e9 Chinesta<\/strong>, membre de l\u2019Associaci\u00f3 de Betlemnistes de Torrent.<\/p>\n\n\n\n<p>Juan Jos\u00e9 Chinesta \u00e9s conegut per la seua llarga traject\u00f2ria en l\u2019elaboraci\u00f3 de betlems i per organitzar durant <strong>25 anys el Concurs de Betlems Nadalencs<\/strong> en la seua comissi\u00f3, la Falla Lope de Rueda \u2013 Verge del Puig. El seu treball tamb\u00e9 ha estat exposat en entitats com la Caixa Rural o el Museu Comarcal. Autodidacta i hereu de la tradici\u00f3 familiar, Juanjo ha destacat sempre per la <strong>qualitat art\u00edstica i el realisme dels seus naixements<\/strong>, consolidant-se com un dels grans referents de l\u2019art pessebrista a Torrent.<\/p>\n\n\n\n<p>L\u2019acte inaugural comptar\u00e0 amb la pres\u00e8ncia de la <strong>alcaldessa de Torrent, Amparo Folgado<\/strong>, i del <strong>regidor de Cultura, Aitor S\u00e1nchez<\/strong>, qui animen la ciutadania a participar d\u2019estes activitats que combinen tradici\u00f3, cultura i participaci\u00f3 ciutadana.<\/p>\n\n\n\n<p><em>&#8220;Convide a tots els torrentins i torrentines a disfrutar del Nadal a la nostra ciutat, recorrent els betlems i participant de les activitats culturals. La ruta de betlems inclou no sols els dos naixements municipals, sin\u00f3 tamb\u00e9 els elaborats per les falles, associacions i per l\u2019Associaci\u00f3 de Betlemnistes de Torrent en el seu concurs, que celebra ja la seua 81 edici\u00f3. Torrent \u00e9s una ciutat amb una gran tradici\u00f3 de betlems i volem que tots puguen disfrutar de Torrent en Nadal,&#8221;<\/em> afirma l\u2019alcaldessa.<\/p>\n\n\n\n<p>A m\u00e9s, el regidor de Cultura, <strong>Aitor S\u00e1nchez<\/strong>, ressalta el valor d\u2019integrar cultura i comer\u00e7 local <em>&#8220;L\u2019Espai Sant Gregori s\u2019ha convertit en un espai emblem\u00e0tic de la nostra ciutat, situat al Mercat Sant Gregori, i gr\u00e0cies a esta exposici\u00f3, com ja vam fer l\u2019any passat, podem combinar la visita als betlems amb les compres al mercat. \u00c9s un exemple de com la cultura i la participaci\u00f3 ciutadana s\u2019integren en la vida quotidiana de Torrent.&#8221;<\/em><\/p>\n\n\n\n<p>L\u2019exposici\u00f3 es podr\u00e0 visitar des del <strong>12 de desembre fins al 5 de gener<\/strong> en l\u2019Espai Sant Gregori, amb horari de dimarts a dissabte de <strong>8:00 a 14:00 hores<\/strong>, i els divendres tamb\u00e9 de <strong>17:00 a 20:00 hores<\/strong>. Amb motiu de la inauguraci\u00f3, este divendres no hi haur\u00e0 <strong>ball de majors<\/strong>, per\u00f2 s\u00ed que se celebrar\u00e0 un <strong>concert de nadalenques<\/strong> a c\u00e0rrec de la Rondalla de Cam\u00ed La Noria, que posar\u00e0 m\u00fasica i alegria a l\u2019acte inaugural.<\/p>\n\n\n\n<p>Esta mostra se suma al <strong>betlem monumental instal\u00b7lat a la Pla\u00e7a Corts Valencianes<\/strong>, inaugurat el passat 8 de desembre, ampliant l\u2019oferta cultural i nadalenca de la ciutat. Gr\u00e0cies a estas iniciatives, els ve\u00efns i ve\u00efnes podran rec\u00f3rrer una completa <strong>ruta de betlems<\/strong>, disfrutant no sols de les obres municipals, sin\u00f3 tamb\u00e9 dels naixements elaborats per les comissions falleres, associacions, particulars i l\u2019Associaci\u00f3 de Betlemnistes de Torrent.<\/p>\n\n\n\n<p>Amb esta programaci\u00f3, l\u2019Ajuntament de Torrent refor\u00e7a la seua aposta per <strong>mantindre vives les tradicions nadalenques<\/strong>, fomentar la participaci\u00f3 ciutadana i oferir espais on la cultura i la conviv\u00e8ncia s\u2019unisquen al voltant del Nadal. L\u2019exposici\u00f3 en l\u2019Espai Sant Gregori es convertix aix\u00ed en una <strong>cita imprescindible per a totes les fam\u00edlies<\/strong>, que podran combinar la visita als pessebres amb les compres al <strong>Mercat Sant Gregori<\/strong>, recentment reformat, i disfrutar d\u2019un ambient festiu \u00fanic a la ciutat.<\/p>\n\n\n\n<figure class=\"wp-block-image size-large\"><img fetchpriority=\"high\" decoding=\"async\" width=\"1024\" height=\"682\" src=\"https:\/\/infotorrent.es\/wp-content\/uploads\/2025\/12\/BELEN-SAN-GREGORI-2-1024x682.jpeg\" alt=\"\" class=\"wp-image-89978\" srcset=\"https:\/\/infotorrent.es\/wp-content\/uploads\/2025\/12\/BELEN-SAN-GREGORI-2-1024x682.jpeg 1024w, https:\/\/infotorrent.es\/wp-content\/uploads\/2025\/12\/BELEN-SAN-GREGORI-2-300x200.jpeg 300w, https:\/\/infotorrent.es\/wp-content\/uploads\/2025\/12\/BELEN-SAN-GREGORI-2-768x512.jpeg 768w, https:\/\/infotorrent.es\/wp-content\/uploads\/2025\/12\/BELEN-SAN-GREGORI-2-1536x1023.jpeg 1536w, https:\/\/infotorrent.es\/wp-content\/uploads\/2025\/12\/BELEN-SAN-GREGORI-2.jpeg 1600w\" sizes=\"(max-width: 1024px) 100vw, 1024px\" \/><\/figure>\n\n\n\n<figure class=\"wp-block-gallery has-nested-images columns-default is-cropped wp-block-gallery-1 is-layout-flex wp-block-gallery-is-layout-flex\">\n<figure class=\"wp-block-image size-large\"><img decoding=\"async\" width=\"819\" height=\"1024\" data-id=\"89980\" src=\"https:\/\/infotorrent.es\/wp-content\/uploads\/2025\/12\/BELEN-SAN-GREGORI-3-819x1024.jpeg\" alt=\"\" class=\"wp-image-89980\" srcset=\"https:\/\/infotorrent.es\/wp-content\/uploads\/2025\/12\/BELEN-SAN-GREGORI-3-819x1024.jpeg 819w, https:\/\/infotorrent.es\/wp-content\/uploads\/2025\/12\/BELEN-SAN-GREGORI-3-240x300.jpeg 240w, https:\/\/infotorrent.es\/wp-content\/uploads\/2025\/12\/BELEN-SAN-GREGORI-3-768x960.jpeg 768w, https:\/\/infotorrent.es\/wp-content\/uploads\/2025\/12\/BELEN-SAN-GREGORI-3.jpeg 1080w\" sizes=\"(max-width: 819px) 100vw, 819px\" \/><\/figure>\n\n\n\n<figure class=\"wp-block-image size-large\"><img decoding=\"async\" width=\"819\" height=\"1024\" data-id=\"89982\" src=\"https:\/\/infotorrent.es\/wp-content\/uploads\/2025\/12\/BELEN-SAN-GREGORI-1-819x1024.jpeg\" alt=\"\" class=\"wp-image-89982\" srcset=\"https:\/\/infotorrent.es\/wp-content\/uploads\/2025\/12\/BELEN-SAN-GREGORI-1-819x1024.jpeg 819w, https:\/\/infotorrent.es\/wp-content\/uploads\/2025\/12\/BELEN-SAN-GREGORI-1-240x300.jpeg 240w, https:\/\/infotorrent.es\/wp-content\/uploads\/2025\/12\/BELEN-SAN-GREGORI-1-768x960.jpeg 768w, https:\/\/infotorrent.es\/wp-content\/uploads\/2025\/12\/BELEN-SAN-GREGORI-1.jpeg 1080w\" sizes=\"(max-width: 819px) 100vw, 819px\" \/><\/figure>\n<\/figure>\n","protected":false},"excerpt":{"rendered":"<p>Els clients i visitants del mercat podran disfrutar del pessebre municipal creat pel Gremi d\u2019Artistes Fallers i un pessebre de Juan Jos\u00e9 Chinesta La inauguraci\u00f3 a les 18 hores comptar\u00e0 amb l\u2019actuaci\u00f3 de la Rondalla de Cam\u00ed la Noria Torrent continua vivint un Nadal ple de tradicions i cultura amb la inauguraci\u00f3 este divendres 12 [&hellip;]<\/p>\n","protected":false},"author":21,"featured_media":89978,"comment_status":"open","ping_status":"open","sticky":false,"template":"","format":"standard","meta":{"_acf_changed":false,"footnotes":""},"categories":[1190,1205,136,156,143],"tags":[],"class_list":["post-89985","post","type-post","status-publish","format-standard","has-post-thumbnail","hentry","category-ayuntamiento-de-torrent-ca","category-comercio-mercados-y-empleo-ca","category-festes-i-turisme","category-festes-i-tradicions-2","category-fiestas-y-tradiciones"],"acf":[],"_links":{"self":[{"href":"https:\/\/infotorrent.es\/ca\/wp-json\/wp\/v2\/posts\/89985","targetHints":{"allow":["GET"]}}],"collection":[{"href":"https:\/\/infotorrent.es\/ca\/wp-json\/wp\/v2\/posts"}],"about":[{"href":"https:\/\/infotorrent.es\/ca\/wp-json\/wp\/v2\/types\/post"}],"author":[{"embeddable":true,"href":"https:\/\/infotorrent.es\/ca\/wp-json\/wp\/v2\/users\/21"}],"replies":[{"embeddable":true,"href":"https:\/\/infotorrent.es\/ca\/wp-json\/wp\/v2\/comments?post=89985"}],"version-history":[{"count":1,"href":"https:\/\/infotorrent.es\/ca\/wp-json\/wp\/v2\/posts\/89985\/revisions"}],"predecessor-version":[{"id":89987,"href":"https:\/\/infotorrent.es\/ca\/wp-json\/wp\/v2\/posts\/89985\/revisions\/89987"}],"wp:featuredmedia":[{"embeddable":true,"href":"https:\/\/infotorrent.es\/ca\/wp-json\/wp\/v2\/media\/89978"}],"wp:attachment":[{"href":"https:\/\/infotorrent.es\/ca\/wp-json\/wp\/v2\/media?parent=89985"}],"wp:term":[{"taxonomy":"category","embeddable":true,"href":"https:\/\/infotorrent.es\/ca\/wp-json\/wp\/v2\/categories?post=89985"},{"taxonomy":"post_tag","embeddable":true,"href":"https:\/\/infotorrent.es\/ca\/wp-json\/wp\/v2\/tags?post=89985"}],"curies":[{"name":"wp","href":"https:\/\/api.w.org\/{rel}","templated":true}]}}