{"id":8994,"date":"2017-12-18T11:07:25","date_gmt":"2017-12-18T11:07:25","guid":{"rendered":"https:\/\/infotorrent.es\/uncategorized\/el-centro-de-mayores-virgen-del-olivar-da-la-bienvenida-a-la-navidad-con-villancicos\/"},"modified":"2017-12-18T11:07:25","modified_gmt":"2017-12-18T11:07:25","slug":"el-centro-de-mayores-virgen-del-olivar-da-la-bienvenida-a-la-navidad-con-villancicos","status":"publish","type":"post","link":"https:\/\/infotorrent.es\/ca\/noticies\/el-centro-de-mayores-virgen-del-olivar-da-la-bienvenida-a-la-navidad-con-villancicos\/","title":{"rendered":"El centre de majors Mare de D\u00e9u de l\u2019Olivar d\u00f3na la benvinguda a Nadal amb nadales"},"content":{"rendered":"<p style=\"text-align: justify;\">La vesprada de dijous, el centre de majors Mare de D\u00e9u de l\u2019Olivar va donar la benvinguda a Nadal cantant nadales tradicionals. Les alumnes del centre, acompanyades per diversos integrants de la rondalla del Cercle Cat\u00f2lic de Torrent, van actuar davant dels ve\u00efns i van omplir les instal\u00b7lacions d\u2019un gran esperit nadalenc.<\/p>\n<p style=\"text-align: justify;\">M\u00e9s tard, j\u00f3vens del Centre d&#8217;Informaci\u00f3 Juvenil (CIJ) esperaven les persones assistents en el pati a ritme de nadales i disfressats per a l\u2019ocasi\u00f3: l\u2019encesa de llums de l&#8217;arbre. Una activitat intergeneracional, promoguda des de la Delegaci\u00f3 de Benestar Social, perqu\u00e8 j\u00f3vens i majors compartisquen activitats l\u00fadiques i festives. L\u2019encarregat d\u2019encendre les llums de l\u2019arbre fou el regidor de Benestar Social, Francesc Carbonell, que va estar present en l\u2019acte acompanyat del regidor de Seguretat Ciutadana, Jos\u00e9 Antonio\u00a0Castillejo.<\/p>\n<p style=\"text-align: justify;\">La jornada va acabar amb un berenar, on no va faltar la xocolata calenta. Esta activitat marca l&#8217;inici de la programaci\u00f3 \u201cVine a gaudir d\u2019un Nadal en gran companyia\u201d que finalitzar\u00e0 el dia 24 de desembre, la nit de Nadal.<\/p>\n","protected":false},"excerpt":{"rendered":"<p>La vesprada de dijous, el centre de majors Mare de D\u00e9u de l\u2019Olivar va donar la benvinguda a Nadal cantant nadales tradicionals. Les alumnes del centre, acompanyades per diversos integrants de la rondalla del Cercle Cat\u00f2lic de Torrent, van actuar davant dels ve\u00efns i van omplir les instal\u00b7lacions d\u2019un gran esperit nadalenc. M\u00e9s tard, j\u00f3vens [&hellip;]<\/p>\n","protected":false},"author":13,"featured_media":1137,"comment_status":"open","ping_status":"open","sticky":false,"template":"","format":"standard","meta":{"_acf_changed":false,"footnotes":""},"categories":[122,116],"tags":[723],"class_list":["post-8994","post","type-post","status-publish","format-standard","has-post-thumbnail","hentry","category-benestar-social","category-noticies","tag-nadal"],"acf":[],"_links":{"self":[{"href":"https:\/\/infotorrent.es\/ca\/wp-json\/wp\/v2\/posts\/8994","targetHints":{"allow":["GET"]}}],"collection":[{"href":"https:\/\/infotorrent.es\/ca\/wp-json\/wp\/v2\/posts"}],"about":[{"href":"https:\/\/infotorrent.es\/ca\/wp-json\/wp\/v2\/types\/post"}],"author":[{"embeddable":true,"href":"https:\/\/infotorrent.es\/ca\/wp-json\/wp\/v2\/users\/13"}],"replies":[{"embeddable":true,"href":"https:\/\/infotorrent.es\/ca\/wp-json\/wp\/v2\/comments?post=8994"}],"version-history":[{"count":0,"href":"https:\/\/infotorrent.es\/ca\/wp-json\/wp\/v2\/posts\/8994\/revisions"}],"wp:featuredmedia":[{"embeddable":true,"href":"https:\/\/infotorrent.es\/ca\/wp-json\/wp\/v2\/media\/1137"}],"wp:attachment":[{"href":"https:\/\/infotorrent.es\/ca\/wp-json\/wp\/v2\/media?parent=8994"}],"wp:term":[{"taxonomy":"category","embeddable":true,"href":"https:\/\/infotorrent.es\/ca\/wp-json\/wp\/v2\/categories?post=8994"},{"taxonomy":"post_tag","embeddable":true,"href":"https:\/\/infotorrent.es\/ca\/wp-json\/wp\/v2\/tags?post=8994"}],"curies":[{"name":"wp","href":"https:\/\/api.w.org\/{rel}","templated":true}]}}