{"id":8992,"date":"2017-12-18T08:38:51","date_gmt":"2017-12-18T08:38:51","guid":{"rendered":"https:\/\/infotorrent.es\/uncategorized\/la-torrentina-conxa-chust-galardonada-en-los-premios-comarcales-de-ideco\/"},"modified":"2017-12-18T08:38:51","modified_gmt":"2017-12-18T08:38:51","slug":"la-torrentina-conxa-chust-galardonada-en-los-premios-comarcales-de-ideco","status":"publish","type":"post","link":"https:\/\/infotorrent.es\/ca\/noticies\/la-torrentina-conxa-chust-galardonada-en-los-premios-comarcales-de-ideco\/","title":{"rendered":"La torrentina Conxa Chust guardonada als Premis comarcals d\u2019Ideco"},"content":{"rendered":"<p style=\"text-align: justify;\"><strong>El reconeixement s\u2019atorgar\u00e0 el proper 2 de febrer a la Sala C\u00edvica de l\u2019Antic Mercat dins la Gala Anual de Premis de l\u2019Instut d\u2019Estudis\u00a0 <\/strong><\/p>\n<p style=\"text-align: justify;\">L\u2019Institut d\u2019Estudis Comarcals de l\u2019Horta Sud (IDECO) ha desvetllat els guanyadors la XXI Premi d\u2019Investigaci\u00f3 2017, en els quals col\u00b7labora l\u2019Ajuntament de Torrent. El premiat ha sigut l\u2019escriptor Wilson Ferr\u00fas Peris, per l\u2019obra titulada <em>El grup femen\u00ed de la resid\u00e8ncia d&#8217;Estudiants de Madrid en temps de guerra: l&#8217;Hort de les Palmes de Picanya (1936-1939)<\/em>&#8216; pel seu valor hist\u00f2ric i els testimonis que aporta. Es tracta d\u2019un projecte que estudia un per\u00edode convuls de la hist\u00f2ria, quan Val\u00e8ncia, i per extensi\u00f3 l\u2019Horta Sud, va haver d\u2019arrecerar institucions d\u2019\u00e0mbit estatal, en este cas de la instituci\u00f3 educativa, alhora que rescata la mem\u00f2ria hist\u00f2rica de les professores que hi van exercir.<\/p>\n<p style=\"text-align: justify;\">A m\u00e9s, s\u2019ha declarat finalista el projecte <em>Pintors contemporanis de l&#8217;Horta Sud<\/em>, de Francesc Guillem Chilet, que permet tenir a l\u2019abast la traject\u00f2ria dels artistes contemporanis de l\u2019Horta Sud, aix\u00ed con un cat\u00e0leg actualitzat de la seua obra.<\/p>\n<p style=\"text-align: justify;\">D\u2019altra banda, IDECO tamb\u00e9 ha anunciat els guanyadors dels guardons anuals. El Premi local de Carmen Varelo s\u2019ha atorgat a Conxa Chust; un premi que reconeix el treball de les dones, i que ha sigut concedit a esta torrentina per la seua gran tasca en este \u00e0mbit. L\u2019escriptora de <em>Les xiques de Torrent<\/em>, publicaci\u00f3 esgotada en la primera edici\u00f3, ha escrit tamb\u00e9 sobre gastronomia local i indument\u00e0ria, a m\u00e9s de ser fundadora del grup Alimara.<\/p>\n<p style=\"text-align: justify;\">De la mateixa manera, la menci\u00f3 Quico Moret ha sigut per a Vicent Olmos, natural de Catarroja i editor d\u2019Afers. Se li reconeix aix\u00ed la tasca realitzada com a editor d\u2019edicions de la Univeristat de Val\u00e8ncia i la seua traject\u00f2ria en el m\u00f3n editorial, amb una gran quantitat de publicacions, com ara, les referents a la comarca de l\u2019Horta Sud en els anys 80-90.<\/p>\n<p style=\"text-align: justify;\">El regidor de Cultura, Alfred Costa, ha explicat que <strong>\u201cla proposta de recuperar per a Torrent, capital de l\u2019Horta Sud, els premis d\u2019investigaci\u00f3 era una responsabilitat i una obligaci\u00f3. Encara m\u00e9s si en esta ocasi\u00f3 una torrentina est\u00e0 guardonada per la seua tasca divulgadora\u201d<\/strong>.<\/p>\n<p style=\"text-align: justify;\">Ferr\u00fas rebr\u00e0 com a premi una dotaci\u00f3 econ\u00f2mica de 2.000 euros, en qu\u00e8 col\u00b7laboren l\u2019Ajuntament de Torrent i la Direcci\u00f3 General de Pol\u00edtica Ling\u00fc\u00edstica; a m\u00e9s de la publicaci\u00f3 del seu estudi per l\u2019editorial Perif\u00e8ric. El llibre es publicar\u00e0 i es presentar\u00e0 el pr\u00f2xim any, en un acte que tindr\u00e0 lloc a l\u2019Antic Mercat el dia 2 de febrer. En eixe acte tamb\u00e9 es presentar\u00e0 el llibre guanyador de l\u2019any 2016 de Pau M. Sarri\u00f3 Andr\u00e9s, autor de l\u2019obra: <em>Campanes, campaners i tocs tradicionals a la comarca de l&#8217;Horta Sud<\/em>.<\/p>\n<p style=\"text-align: justify;\">Per tant, a Torrent, este ser\u00e0 \u201c<strong>El Febrer m\u00e9s llarg\u201d, <\/strong>ha assenyalat Costa, ja que s\u2019est\u00e0 preparant un calendari d\u2019activitats l\u00fadiques i culturals que arrancaran amb l\u2019<em>Entr\u00e0 de la Flor<\/em>, inclour\u00e0 del 1er Festival de M\u00fasica Intercultural Arrels de la m\u00e0 de Carles Magraner amb quatre concerts a la ciutat i conclour\u00e0 amb el 1er Concurs Internacionals de Cassola de Sant Blai.<\/p>\n","protected":false},"excerpt":{"rendered":"<p>El reconeixement s\u2019atorgar\u00e0 el proper 2 de febrer a la Sala C\u00edvica de l\u2019Antic Mercat dins la Gala Anual de Premis de l\u2019Instut d\u2019Estudis\u00a0 L\u2019Institut d\u2019Estudis Comarcals de l\u2019Horta Sud (IDECO) ha desvetllat els guanyadors la XXI Premi d\u2019Investigaci\u00f3 2017, en els quals col\u00b7labora l\u2019Ajuntament de Torrent. El premiat ha sigut l\u2019escriptor Wilson Ferr\u00fas Peris, [&hellip;]<\/p>\n","protected":false},"author":13,"featured_media":1137,"comment_status":"open","ping_status":"open","sticky":false,"template":"","format":"standard","meta":{"_acf_changed":false,"footnotes":""},"categories":[126,116],"tags":[285],"class_list":["post-8992","post","type-post","status-publish","format-standard","has-post-thumbnail","hentry","category-cultura-es-2","category-noticies","tag-ideco"],"acf":[],"_links":{"self":[{"href":"https:\/\/infotorrent.es\/ca\/wp-json\/wp\/v2\/posts\/8992","targetHints":{"allow":["GET"]}}],"collection":[{"href":"https:\/\/infotorrent.es\/ca\/wp-json\/wp\/v2\/posts"}],"about":[{"href":"https:\/\/infotorrent.es\/ca\/wp-json\/wp\/v2\/types\/post"}],"author":[{"embeddable":true,"href":"https:\/\/infotorrent.es\/ca\/wp-json\/wp\/v2\/users\/13"}],"replies":[{"embeddable":true,"href":"https:\/\/infotorrent.es\/ca\/wp-json\/wp\/v2\/comments?post=8992"}],"version-history":[{"count":0,"href":"https:\/\/infotorrent.es\/ca\/wp-json\/wp\/v2\/posts\/8992\/revisions"}],"wp:featuredmedia":[{"embeddable":true,"href":"https:\/\/infotorrent.es\/ca\/wp-json\/wp\/v2\/media\/1137"}],"wp:attachment":[{"href":"https:\/\/infotorrent.es\/ca\/wp-json\/wp\/v2\/media?parent=8992"}],"wp:term":[{"taxonomy":"category","embeddable":true,"href":"https:\/\/infotorrent.es\/ca\/wp-json\/wp\/v2\/categories?post=8992"},{"taxonomy":"post_tag","embeddable":true,"href":"https:\/\/infotorrent.es\/ca\/wp-json\/wp\/v2\/tags?post=8992"}],"curies":[{"name":"wp","href":"https:\/\/api.w.org\/{rel}","templated":true}]}}