{"id":8983,"date":"2017-12-13T09:40:39","date_gmt":"2017-12-13T09:40:39","guid":{"rendered":"https:\/\/infotorrent.es\/uncategorized\/ultims-dies-per-a-inscriures-en-lescola-de-nadal\/"},"modified":"2017-12-13T09:36:42","modified_gmt":"2017-12-13T09:36:42","slug":"ultims-dies-per-a-inscriures-en-lescola-de-nadal","status":"publish","type":"post","link":"https:\/\/infotorrent.es\/ca\/noticies\/ultims-dies-per-a-inscriures-en-lescola-de-nadal\/","title":{"rendered":"\u00daltims dies per a inscriure\u2019s en l\u2019Escola de Nadal"},"content":{"rendered":"<p>L&#8217;Ajuntament de Torrent, a trav\u00e9s de l\u2019\u00c0rea d\u2019Educaci\u00f3, organitza l\u2019Escola de Nadal 2017, una iniciativa que inclou activitats molt variades, divertides i educatives durant el per\u00edode nadalenc. El programa est\u00e0 dirigit a xiquets del tram d\u2019edat entre els 3 i els 12 anys (infantil i prim\u00e0ria). Les preinscripcions poden realitzar-se fins al divendres 15 de desembre.<\/p>\n<p>L&#8217;Escola de Nadal t\u00e9 lloc els dies laborables no lectius durant el per\u00edode vacacional (26, 27, 28 i 29 de desembre i 2, 3, 4 i 5 de gener). A m\u00e9s, inclou un servei d\u2019escola\u00a0matinera per a les fam\u00edlies que la necessiten, de 7.30 a 9.00 h. Les activitats es duen a terme en els col\u00b7legis p\u00fablics d\u2019educaci\u00f3 infantil i prim\u00e0ria:\u00a0CEIP El Mol\u00ed i\u00a0CEIP Antonio\u00a0Machado.<\/p>\n<p>Per participar en l\u2019Escola de Nadal cal inscriure\u2019s en la Delegaci\u00f3 d&#8217;Educaci\u00f3 (c\/ Ram\u00f3n y Cajal, 7), per correu electr\u00f2nic: educacio@torrent.es o telem\u00e0ticament a la p\u00e0gina www.torrent.es. Les places s\u00f3n limitades.<\/p>\n","protected":false},"excerpt":{"rendered":"<p>L&#8217;Ajuntament de Torrent, a trav\u00e9s de l\u2019\u00c0rea d\u2019Educaci\u00f3, organitza l\u2019Escola de Nadal 2017, una iniciativa que inclou activitats molt variades, divertides i educatives durant el per\u00edode nadalenc. El programa est\u00e0 dirigit a xiquets del tram d\u2019edat entre els 3 i els 12 anys (infantil i prim\u00e0ria). Les preinscripcions poden realitzar-se fins al divendres 15 de [&hellip;]<\/p>\n","protected":false},"author":3,"featured_media":1137,"comment_status":"open","ping_status":"open","sticky":false,"template":"","format":"standard","meta":{"_acf_changed":false,"footnotes":""},"categories":[121,116],"tags":[817],"class_list":["post-8983","post","type-post","status-publish","format-standard","has-post-thumbnail","hentry","category-educacio","category-noticies","tag-ajuntament-de-torrentescola-nadaltorrent"],"acf":[],"_links":{"self":[{"href":"https:\/\/infotorrent.es\/ca\/wp-json\/wp\/v2\/posts\/8983","targetHints":{"allow":["GET"]}}],"collection":[{"href":"https:\/\/infotorrent.es\/ca\/wp-json\/wp\/v2\/posts"}],"about":[{"href":"https:\/\/infotorrent.es\/ca\/wp-json\/wp\/v2\/types\/post"}],"author":[{"embeddable":true,"href":"https:\/\/infotorrent.es\/ca\/wp-json\/wp\/v2\/users\/3"}],"replies":[{"embeddable":true,"href":"https:\/\/infotorrent.es\/ca\/wp-json\/wp\/v2\/comments?post=8983"}],"version-history":[{"count":0,"href":"https:\/\/infotorrent.es\/ca\/wp-json\/wp\/v2\/posts\/8983\/revisions"}],"wp:featuredmedia":[{"embeddable":true,"href":"https:\/\/infotorrent.es\/ca\/wp-json\/wp\/v2\/media\/1137"}],"wp:attachment":[{"href":"https:\/\/infotorrent.es\/ca\/wp-json\/wp\/v2\/media?parent=8983"}],"wp:term":[{"taxonomy":"category","embeddable":true,"href":"https:\/\/infotorrent.es\/ca\/wp-json\/wp\/v2\/categories?post=8983"},{"taxonomy":"post_tag","embeddable":true,"href":"https:\/\/infotorrent.es\/ca\/wp-json\/wp\/v2\/tags?post=8983"}],"curies":[{"name":"wp","href":"https:\/\/api.w.org\/{rel}","templated":true}]}}