{"id":8981,"date":"2017-12-13T07:41:38","date_gmt":"2017-12-13T07:41:38","guid":{"rendered":"https:\/\/infotorrent.es\/uncategorized\/empieza-la-semana-cultural-de-la-falla-sant-roc\/"},"modified":"2017-12-13T07:41:38","modified_gmt":"2017-12-13T07:41:38","slug":"empieza-la-semana-cultural-de-la-falla-sant-roc","status":"publish","type":"post","link":"https:\/\/infotorrent.es\/ca\/noticies\/empieza-la-semana-cultural-de-la-falla-sant-roc\/","title":{"rendered":"Comen\u00e7a la Setmana Cultural de la falla Sant Roc"},"content":{"rendered":"<p style=\"text-align: justify;\">El dilluns a la vesprada va tindre lloc l\u2019acte inaugural de la X Setmana Cultural de la Falla Pla\u00e7a Sant Roc. Des de dilluns fins a dissabte, el casal d\u2019esta comissi\u00f3 acollir\u00e0 tota classe\u00a0d\u2019activitats com ara: xarrades, exposicions i tamb\u00e9 una visita a l\u2019exposici\u00f3 de l\u2019EMAT: \u201cMem\u00f2ria del foc\u201d.<\/p>\n<p style=\"text-align: justify;\">A la inauguraci\u00f3, hi van assistir la fallera major de Torrent, Maria Jes\u00fas Rinc\u00f3n Prieto, acompanyada de la seua cort d\u2019honor, l\u2019alcalde Jes\u00fas Ros i el regidor d\u2019Activitats L\u00fadiques, Alfred Costa. La vesprada va continuar amb una xarrada hist\u00f2rica a c\u00e0rrec de Salvador C\u00edscar. I ahir va ser el torn de gaudir de l\u2019exposici\u00f3 temporal \u201c50 anys plantant falla de forma ininterrompuda\u201d.<\/p>\n<p>&nbsp;<\/p>\n<p style=\"text-align: justify;\">\n","protected":false},"excerpt":{"rendered":"<p>El dilluns a la vesprada va tindre lloc l\u2019acte inaugural de la X Setmana Cultural de la Falla Pla\u00e7a Sant Roc. Des de dilluns fins a dissabte, el casal d\u2019esta comissi\u00f3 acollir\u00e0 tota classe\u00a0d\u2019activitats com ara: xarrades, exposicions i tamb\u00e9 una visita a l\u2019exposici\u00f3 de l\u2019EMAT: \u201cMem\u00f2ria del foc\u201d. A la inauguraci\u00f3, hi van assistir [&hellip;]<\/p>\n","protected":false},"author":13,"featured_media":1137,"comment_status":"open","ping_status":"open","sticky":false,"template":"","format":"standard","meta":{"_acf_changed":false,"footnotes":""},"categories":[143,127,116],"tags":[804],"class_list":["post-8981","post","type-post","status-publish","format-standard","has-post-thumbnail","hentry","category-fiestas-y-tradiciones","category-noticias-2","category-noticies","tag-fallesfalles-2017"],"acf":[],"_links":{"self":[{"href":"https:\/\/infotorrent.es\/ca\/wp-json\/wp\/v2\/posts\/8981","targetHints":{"allow":["GET"]}}],"collection":[{"href":"https:\/\/infotorrent.es\/ca\/wp-json\/wp\/v2\/posts"}],"about":[{"href":"https:\/\/infotorrent.es\/ca\/wp-json\/wp\/v2\/types\/post"}],"author":[{"embeddable":true,"href":"https:\/\/infotorrent.es\/ca\/wp-json\/wp\/v2\/users\/13"}],"replies":[{"embeddable":true,"href":"https:\/\/infotorrent.es\/ca\/wp-json\/wp\/v2\/comments?post=8981"}],"version-history":[{"count":0,"href":"https:\/\/infotorrent.es\/ca\/wp-json\/wp\/v2\/posts\/8981\/revisions"}],"wp:featuredmedia":[{"embeddable":true,"href":"https:\/\/infotorrent.es\/ca\/wp-json\/wp\/v2\/media\/1137"}],"wp:attachment":[{"href":"https:\/\/infotorrent.es\/ca\/wp-json\/wp\/v2\/media?parent=8981"}],"wp:term":[{"taxonomy":"category","embeddable":true,"href":"https:\/\/infotorrent.es\/ca\/wp-json\/wp\/v2\/categories?post=8981"},{"taxonomy":"post_tag","embeddable":true,"href":"https:\/\/infotorrent.es\/ca\/wp-json\/wp\/v2\/tags?post=8981"}],"curies":[{"name":"wp","href":"https:\/\/api.w.org\/{rel}","templated":true}]}}