{"id":8980,"date":"2017-12-12T10:43:27","date_gmt":"2017-12-12T10:43:27","guid":{"rendered":"https:\/\/infotorrent.es\/uncategorized\/la-navidad-llega-a-torrent-con-la-festividad-de-la-inmaculada-y-la-encendida-de-luces-navidenas\/"},"modified":"2017-12-12T10:43:27","modified_gmt":"2017-12-12T10:43:27","slug":"la-navidad-llega-a-torrent-con-la-festividad-de-la-inmaculada-y-la-encendida-de-luces-navidenas","status":"publish","type":"post","link":"https:\/\/infotorrent.es\/ca\/noticies\/la-navidad-llega-a-torrent-con-la-festividad-de-la-inmaculada-y-la-encendida-de-luces-navidenas\/","title":{"rendered":"Nadal arriba a Torrent amb la festivitat de la Immaculada i l\u2019encesa de llums nadalenques"},"content":{"rendered":"<p style=\"text-align: justify;\"><strong>Centenars de persones es van congregar per a cantar cobles a la Mare de D\u00e9u i resar el rosari de l&#8217;Aurora<\/strong><\/p>\n<p style=\"text-align: justify;\">\nLa matinada del divendres passat, centenars de persones es van congregar per a celebrar una de les tradicions m\u00e9s representatives i multitudin\u00e0ries de la ciutat: el cant de l&#8217;Aurora, un acte que reun\u00efx cada any tot el teixit associatiu i festiu de la ciutat, confrares i ve\u00efns del municipi per a cantar cobles, que s\u00f3n entonades per un <em>rubiador<\/em>.<\/p>\n<p style=\"text-align: justify;\">La confraria de la Mare de D\u00e9u del Rosari i Sant Llu\u00eds\u00a0Gonzanga, amb els clavaris, treballen cada any per mantindre viva esta tradici\u00f3, que comen\u00e7a cada 8 de desembre, festivitat de la Immaculada Concepci\u00f3, i finalitza el dia 6 de gener, dia de l&#8217;Epifania del Senyor. El recorregut que els fidels feren divendres, abans d\u2019arribar a la porta del consistori, va ser la Casa de la Cultura, la seu de la Junta Local Fallera, la parr\u00f2quia de l&#8217;Assumpci\u00f3, la parr\u00f2quia del Bon Consell, l&#8217;Ermita, el col\u00b7legi La Pur\u00edsima i la parr\u00f2quia de Montsi\u00f3.<\/p>\n<p style=\"text-align: justify;\">A la porta del consistori, els participants en l\u2019acte religi\u00f3s van poder gaudir d\u2019un desdejuni, on va estar present l\u2019alcalde, Jes\u00fas Ros, acompanyat per integrants de la corporaci\u00f3 municipal.<\/p>\n<p style=\"text-align: justify;\">Com a continuaci\u00f3 de la festivitat de la Immaculada Concepci\u00f3, el mat\u00ed de divendres les\u00a0clavariesses es van reunir en la parr\u00f2quia de l&#8217;Assumpci\u00f3 per a celebrar una missa en el honor seu i despr\u00e9s van anar en processi\u00f3 pels voltants del temple.<\/p>\n<p style=\"text-align: justify;\">De vesprada, Torrent donava la benvinguda al Nadal amb l\u2019encesa del betlem i el castell en la Casa de la Cultura. Com a colof\u00f3 de la festivitat de la Immaculada, la\u00a0clavariessa major, Pilar Mart\u00ednez Puchades, tamb\u00e9 va participar en l&#8217;acte d\u2019entrada al Nadal, i fou \u00a0l\u2019encarregada d\u2019encendre, per primera vegada, un espectacle de llums i so en el\u00a0ficus de la pla\u00e7a del Bisbe Benlloch, que fou decorat les setmanes anteriors pels alumnes dels col\u00b7legis La Pur\u00edsima i Sant Pasqual.<\/p>\n","protected":false},"excerpt":{"rendered":"<p>Centenars de persones es van congregar per a cantar cobles a la Mare de D\u00e9u i resar el rosari de l&#8217;Aurora La matinada del divendres passat, centenars de persones es van congregar per a celebrar una de les tradicions m\u00e9s representatives i multitudin\u00e0ries de la ciutat: el cant de l&#8217;Aurora, un acte que reun\u00efx cada [&hellip;]<\/p>\n","protected":false},"author":13,"featured_media":1137,"comment_status":"open","ping_status":"open","sticky":false,"template":"","format":"standard","meta":{"_acf_changed":false,"footnotes":""},"categories":[156,116],"tags":[815],"class_list":["post-8980","post","type-post","status-publish","format-standard","has-post-thumbnail","hentry","category-festes-i-tradicions-2","category-noticies","tag-auroranadal"],"acf":[],"_links":{"self":[{"href":"https:\/\/infotorrent.es\/ca\/wp-json\/wp\/v2\/posts\/8980","targetHints":{"allow":["GET"]}}],"collection":[{"href":"https:\/\/infotorrent.es\/ca\/wp-json\/wp\/v2\/posts"}],"about":[{"href":"https:\/\/infotorrent.es\/ca\/wp-json\/wp\/v2\/types\/post"}],"author":[{"embeddable":true,"href":"https:\/\/infotorrent.es\/ca\/wp-json\/wp\/v2\/users\/13"}],"replies":[{"embeddable":true,"href":"https:\/\/infotorrent.es\/ca\/wp-json\/wp\/v2\/comments?post=8980"}],"version-history":[{"count":0,"href":"https:\/\/infotorrent.es\/ca\/wp-json\/wp\/v2\/posts\/8980\/revisions"}],"wp:featuredmedia":[{"embeddable":true,"href":"https:\/\/infotorrent.es\/ca\/wp-json\/wp\/v2\/media\/1137"}],"wp:attachment":[{"href":"https:\/\/infotorrent.es\/ca\/wp-json\/wp\/v2\/media?parent=8980"}],"wp:term":[{"taxonomy":"category","embeddable":true,"href":"https:\/\/infotorrent.es\/ca\/wp-json\/wp\/v2\/categories?post=8980"},{"taxonomy":"post_tag","embeddable":true,"href":"https:\/\/infotorrent.es\/ca\/wp-json\/wp\/v2\/tags?post=8980"}],"curies":[{"name":"wp","href":"https:\/\/api.w.org\/{rel}","templated":true}]}}