{"id":89785,"date":"2025-12-04T11:40:11","date_gmt":"2025-12-04T10:40:11","guid":{"rendered":"https:\/\/infotorrent.es\/?p=89785"},"modified":"2025-12-04T11:43:23","modified_gmt":"2025-12-04T10:43:23","slug":"torrent-clou-lultima-sessio-de-shhcuchame-2025-amb-un-homenatge-al-messies-de-handel-i-a-la-tradicio-musical-de-la-familia-caballe","status":"publish","type":"post","link":"https:\/\/infotorrent.es\/ca\/cultura-es-2\/torrent-clou-lultima-sessio-de-shhcuchame-2025-amb-un-homenatge-al-messies-de-handel-i-a-la-tradicio-musical-de-la-familia-caballe\/","title":{"rendered":"Torrent clou l\u2019\u00faltima sessi\u00f3 de Shhc\u00fachame! 2025 amb un homenatge al Messies de H\u00e4ndel i a la tradici\u00f3 musical de la fam\u00edlia Caball\u00e9"},"content":{"rendered":"\n<p>L\u2019Ajuntament de Torrent posa el fermall final al cicle Shhc\u00fachame! 2025 amb una sessi\u00f3 extraordin\u00e0ria que culmina un any marcat per la divulgaci\u00f3 musical, la participaci\u00f3 ciutadana i el creixement cultural. El professor i music\u00f2leg Bernardo Mora-Fandos, responsable d\u2019impartir i desenvolupar esta iniciativa des dels seus inicis, ha sigut l\u2019encarregat de tancar el curs amb un programa especial centrat en el Messies de H\u00e4ndel i un repertori de nadales interpretades per la fam\u00edlia Caball\u00e9, un recorregut \u00edntim i emotiu per algunes de les veus m\u00e9s reconegudes de la l\u00edrica espanyola.<\/p>\n\n\n\n<p>La iniciativa ha collit un notable \u00e8xit des de la seua posada en marxa, consolidant-se com una cita imprescindible per als amants de la m\u00fasica a Torrent. Sessi\u00f3 rere sessi\u00f3, Shhc\u00fachame! ha aconseguit apropar la m\u00fasica cl\u00e0ssica a un p\u00fablic cada vegada m\u00e9s ampli, convertint-se en un espai de trobada entre la divulgaci\u00f3, la pedagogia i la passi\u00f3 per l\u2019art sonor.<\/p>\n\n\n\n<p>El regidor de Cultura, Aitor S\u00e1nchez, ha destacat l\u2019evoluci\u00f3 i el valor cultural del projecte: <strong>\u201cShhc\u00fachame! s\u2019ha convertit en una finestra oberta al coneixement musical. Gr\u00e0cies al treball de Bernardo Mora-Fandos, hem aconseguit que moltes ve\u00efnes i ve\u00efns descobrisquen obres, int\u00e8rprets i hist\u00f2ries que, d\u2019altra manera, no haurien tingut tan a prop. Esta \u00faltima sessi\u00f3 \u00e9s una mostra m\u00e9s de com la cultura pot emocionar, ensenyar i unir la ciutadania\u201d.<\/strong><\/p>\n\n\n\n<p>S\u00e1nchez ha afegit: <strong>\u201cPer a Torrent \u00e9s un orgull comptar amb un cicle tan consolidat i amb un p\u00fablic tan comprom\u00e9s. Shhc\u00fachame! demostra que la m\u00fasica t\u00e9 un paper fonamental en la construcci\u00f3 d\u2019una societat m\u00e9s culta, sensible i participativa\u201d.<\/strong><\/p>\n\n\n\n<p>Com a complement a esta \u00faltima sessi\u00f3 divulgativa, este dissabte 6 de desembre, l\u2019Auditori de Torrent acollir\u00e0 un concert espectacular a c\u00e0rrec de l\u2019Orquestra Simf\u00f2nica ESMAR, una de les agrupacions m\u00e9s destacades de l&#8217;Escola Superior de M\u00fasica d\u2019Alto Rendiment. El p\u00fablic podr\u00e0 disfrutar d\u2019una interpretaci\u00f3 vibrant i de primer nivell, que refor\u00e7a l\u2019aposta de Torrent per oferir una programaci\u00f3 musical de qualitat.<\/p>\n\n\n\n<p>El regidor ha volgut concloure amb un missatge d\u2019agra\u00efment: <strong>\u201cVull donar les gr\u00e0cies a totes les persones que han assistit, donat suport i gaudit de Shhc\u00fachame! durant tot este temps. El seu entusiasme i la seua sensibilitat per la m\u00fasica s\u00f3n el motor que impulsa este projecte. Vos esperem este dissabte i en totes les propostes culturals que vindran\u201d.<\/strong><\/p>\n\n\n\n<p>Amb esta \u00faltima sessi\u00f3, Torrent referma el seu comprom\u00eds amb la cultura, l\u2019educaci\u00f3 musical i la creaci\u00f3 d\u2019espais que fomenten el gaudi col\u00b7lectiu i el coneixement.<\/p>\n\n\n\n<figure class=\"wp-block-image size-large\"><img fetchpriority=\"high\" decoding=\"async\" width=\"1024\" height=\"768\" src=\"https:\/\/infotorrent.es\/wp-content\/uploads\/2025\/12\/WhatsApp-Image-2025-12-04-at-11.07.56-1024x768.jpeg\" alt=\"\" class=\"wp-image-89780\" srcset=\"https:\/\/infotorrent.es\/wp-content\/uploads\/2025\/12\/WhatsApp-Image-2025-12-04-at-11.07.56-1024x768.jpeg 1024w, https:\/\/infotorrent.es\/wp-content\/uploads\/2025\/12\/WhatsApp-Image-2025-12-04-at-11.07.56-300x225.jpeg 300w, https:\/\/infotorrent.es\/wp-content\/uploads\/2025\/12\/WhatsApp-Image-2025-12-04-at-11.07.56-768x576.jpeg 768w, https:\/\/infotorrent.es\/wp-content\/uploads\/2025\/12\/WhatsApp-Image-2025-12-04-at-11.07.56-1536x1152.jpeg 1536w, https:\/\/infotorrent.es\/wp-content\/uploads\/2025\/12\/WhatsApp-Image-2025-12-04-at-11.07.56.jpeg 1600w\" sizes=\"(max-width: 1024px) 100vw, 1024px\" \/><\/figure>\n\n\n\n<figure class=\"wp-block-image size-large\"><img decoding=\"async\" width=\"1024\" height=\"566\" src=\"https:\/\/infotorrent.es\/wp-content\/uploads\/2025\/12\/WhatsApp-Image-2025-12-04-at-11.07.56-2-1024x566.jpeg\" alt=\"\" class=\"wp-image-89782\" srcset=\"https:\/\/infotorrent.es\/wp-content\/uploads\/2025\/12\/WhatsApp-Image-2025-12-04-at-11.07.56-2-1024x566.jpeg 1024w, https:\/\/infotorrent.es\/wp-content\/uploads\/2025\/12\/WhatsApp-Image-2025-12-04-at-11.07.56-2-300x166.jpeg 300w, https:\/\/infotorrent.es\/wp-content\/uploads\/2025\/12\/WhatsApp-Image-2025-12-04-at-11.07.56-2-768x424.jpeg 768w, https:\/\/infotorrent.es\/wp-content\/uploads\/2025\/12\/WhatsApp-Image-2025-12-04-at-11.07.56-2-1536x849.jpeg 1536w, https:\/\/infotorrent.es\/wp-content\/uploads\/2025\/12\/WhatsApp-Image-2025-12-04-at-11.07.56-2.jpeg 1600w\" sizes=\"(max-width: 1024px) 100vw, 1024px\" \/><\/figure>\n","protected":false},"excerpt":{"rendered":"<p>L\u2019Ajuntament de Torrent posa el fermall final al cicle Shhc\u00fachame! 2025 amb una sessi\u00f3 extraordin\u00e0ria que culmina un any marcat per la divulgaci\u00f3 musical, la participaci\u00f3 ciutadana i el creixement cultural. El professor i music\u00f2leg Bernardo Mora-Fandos, responsable d\u2019impartir i desenvolupar esta iniciativa des dels seus inicis, ha sigut l\u2019encarregat de tancar el curs amb [&hellip;]<\/p>\n","protected":false},"author":21,"featured_media":89780,"comment_status":"open","ping_status":"open","sticky":false,"template":"","format":"standard","meta":{"_acf_changed":false,"footnotes":""},"categories":[126],"tags":[],"class_list":["post-89785","post","type-post","status-publish","format-standard","has-post-thumbnail","hentry","category-cultura-es-2"],"acf":[],"_links":{"self":[{"href":"https:\/\/infotorrent.es\/ca\/wp-json\/wp\/v2\/posts\/89785","targetHints":{"allow":["GET"]}}],"collection":[{"href":"https:\/\/infotorrent.es\/ca\/wp-json\/wp\/v2\/posts"}],"about":[{"href":"https:\/\/infotorrent.es\/ca\/wp-json\/wp\/v2\/types\/post"}],"author":[{"embeddable":true,"href":"https:\/\/infotorrent.es\/ca\/wp-json\/wp\/v2\/users\/21"}],"replies":[{"embeddable":true,"href":"https:\/\/infotorrent.es\/ca\/wp-json\/wp\/v2\/comments?post=89785"}],"version-history":[{"count":1,"href":"https:\/\/infotorrent.es\/ca\/wp-json\/wp\/v2\/posts\/89785\/revisions"}],"predecessor-version":[{"id":89787,"href":"https:\/\/infotorrent.es\/ca\/wp-json\/wp\/v2\/posts\/89785\/revisions\/89787"}],"wp:featuredmedia":[{"embeddable":true,"href":"https:\/\/infotorrent.es\/ca\/wp-json\/wp\/v2\/media\/89780"}],"wp:attachment":[{"href":"https:\/\/infotorrent.es\/ca\/wp-json\/wp\/v2\/media?parent=89785"}],"wp:term":[{"taxonomy":"category","embeddable":true,"href":"https:\/\/infotorrent.es\/ca\/wp-json\/wp\/v2\/categories?post=89785"},{"taxonomy":"post_tag","embeddable":true,"href":"https:\/\/infotorrent.es\/ca\/wp-json\/wp\/v2\/tags?post=89785"}],"curies":[{"name":"wp","href":"https:\/\/api.w.org\/{rel}","templated":true}]}}