{"id":8973,"date":"2017-12-11T07:42:04","date_gmt":"2017-12-11T07:42:04","guid":{"rendered":"https:\/\/infotorrent.es\/uncategorized\/torrent-invertira-700-000-e-per-a-millorar-la-via-publica\/"},"modified":"2017-12-11T07:38:53","modified_gmt":"2017-12-11T07:38:53","slug":"torrent-invertira-700-000-e-per-a-millorar-la-via-publica","status":"publish","type":"post","link":"https:\/\/infotorrent.es\/ca\/noticies\/torrent-invertira-700-000-e-per-a-millorar-la-via-publica\/","title":{"rendered":"Torrent invertir\u00e0 700.000 \u20ac per a millorar la via p\u00fablica"},"content":{"rendered":"<p style=\"text-align: justify;\">L&#8217;Ajuntament de Torrent ha posat en marxa un nou servei de conservaci\u00f3 de les vies p\u00fabliques. Despr\u00e9s de la licitaci\u00f3 d\u2019un contracte de 700.000 \u20ac anuals per al manteniment de les vies, esta setmana han comen\u00e7at les actuacions de\u00a0repavimentaci\u00f3 d\u2019algunes de les cal\u00e7ades de la ciutat en mal estat, com la del carrer de Sant Llu\u00eds Bertran. Durant els pr\u00f2xims dies es continuaran les labors de reparaci\u00f3 i pavimentaci\u00f3 de la via en altres carrers de la localitat, com ara Saragossa, Toledo, Ramiro de\u00a0Maeztu, Sant Joan Baptista,\u00a0Genaro Palau, l\u2019avinguda de Sant Lloren\u00e7, Alacant,\u00a0Constituci\u00f3, Vicente Cabanes, Sant Nicolau o\u00a0Granerers.<\/p>\n<p style=\"text-align: justify;\">\nAmb el nou servei es pret\u00e9n dur a terme un manteniment efectiu dels carrers amb xicotetes actuacions, com ara reparacions d\u2019asfalt i voreres, reposici\u00f3 de mobiliari urb\u00e0 i tapes d\u2019embornals, entre d\u2019altres. Tamb\u00e9 s\u2019inclouen reformes d\u2019accessibilitat i la supressi\u00f3 de barreres arquitect\u00f2niques.<\/p>\n<p style=\"text-align: justify;\">\nL\u2019alcalde, Jes\u00fas Ros, ha destacat \u201cla necessitat de regular un servei que beneficiar\u00e0 el manteniment de la ciutat\u201d. Amb el contracte es permetr\u00e0 solucionar amb m\u00e9s rapidesa i efic\u00e0cia qualsevol problema que puga sorgir en la via p\u00fablica, de forma puntual, com asfaltar clots en la cal\u00e7ada que estiguen causant problemes, reparar vorades o reposar llambordes.<\/p>\n","protected":false},"excerpt":{"rendered":"<p>L&#8217;Ajuntament de Torrent ha posat en marxa un nou servei de conservaci\u00f3 de les vies p\u00fabliques. Despr\u00e9s de la licitaci\u00f3 d\u2019un contracte de 700.000 \u20ac anuals per al manteniment de les vies, esta setmana han comen\u00e7at les actuacions de\u00a0repavimentaci\u00f3 d\u2019algunes de les cal\u00e7ades de la ciutat en mal estat, com la del carrer de Sant [&hellip;]<\/p>\n","protected":false},"author":13,"featured_media":1137,"comment_status":"open","ping_status":"open","sticky":false,"template":"","format":"standard","meta":{"_acf_changed":false,"footnotes":""},"categories":[116,133],"tags":[812],"class_list":["post-8973","post","type-post","status-publish","format-standard","has-post-thumbnail","hentry","category-noticies","category-urbanisme","tag-obresrepavimentacio"],"acf":[],"_links":{"self":[{"href":"https:\/\/infotorrent.es\/ca\/wp-json\/wp\/v2\/posts\/8973","targetHints":{"allow":["GET"]}}],"collection":[{"href":"https:\/\/infotorrent.es\/ca\/wp-json\/wp\/v2\/posts"}],"about":[{"href":"https:\/\/infotorrent.es\/ca\/wp-json\/wp\/v2\/types\/post"}],"author":[{"embeddable":true,"href":"https:\/\/infotorrent.es\/ca\/wp-json\/wp\/v2\/users\/13"}],"replies":[{"embeddable":true,"href":"https:\/\/infotorrent.es\/ca\/wp-json\/wp\/v2\/comments?post=8973"}],"version-history":[{"count":0,"href":"https:\/\/infotorrent.es\/ca\/wp-json\/wp\/v2\/posts\/8973\/revisions"}],"wp:featuredmedia":[{"embeddable":true,"href":"https:\/\/infotorrent.es\/ca\/wp-json\/wp\/v2\/media\/1137"}],"wp:attachment":[{"href":"https:\/\/infotorrent.es\/ca\/wp-json\/wp\/v2\/media?parent=8973"}],"wp:term":[{"taxonomy":"category","embeddable":true,"href":"https:\/\/infotorrent.es\/ca\/wp-json\/wp\/v2\/categories?post=8973"},{"taxonomy":"post_tag","embeddable":true,"href":"https:\/\/infotorrent.es\/ca\/wp-json\/wp\/v2\/tags?post=8973"}],"curies":[{"name":"wp","href":"https:\/\/api.w.org\/{rel}","templated":true}]}}