{"id":8972,"date":"2017-12-07T08:17:45","date_gmt":"2017-12-07T08:17:45","guid":{"rendered":"https:\/\/infotorrent.es\/uncategorized\/torrent-celebra-el-dia-de-les-persones-amb-discapacitat-a-ritme-de-batucada-2\/"},"modified":"2017-12-07T08:17:45","modified_gmt":"2017-12-07T08:17:45","slug":"torrent-celebra-el-dia-de-les-persones-amb-discapacitat-a-ritme-de-batucada-2","status":"publish","type":"post","link":"https:\/\/infotorrent.es\/ca\/noticies\/torrent-celebra-el-dia-de-les-persones-amb-discapacitat-a-ritme-de-batucada-2\/","title":{"rendered":"Torrent celebra el Dia de les Persones amb Discapacitat a ritme de\u00a0batucada"},"content":{"rendered":"<p style=\"text-align: justify;\"><strong>Representants d\u2019associacions de discapacitats de Torrent han llegit uns manifestos en la Torre<\/strong><\/p>\n<p style=\"text-align: justify;\">El dia 3 de desembre es commemor\u00e0 el Dia de les Persones amb Discapacitat, i Torrent ho va celebrar dilluns passat amb una jornada d\u2019activitats molt divertides i on la m\u00fasica va tindre un gran protagonisme. Des de la Comissi\u00f3 de Discapacitat o Depend\u00e8ncia de l\u2019Ajuntament de Torrent es va dissenyar un programa que s&#8217;inici\u00e0 amb una\u00a0batucada que va rec\u00f2rrer l\u2019avinguda al\u00a0Vedat, des de la parada del metro fins al\u00a0ficus, amb m\u00fasica i molt de ritme.<\/p>\n<p style=\"text-align: justify;\">Kultr\u00fan\u00a0Batucada va ser l\u2019agrupaci\u00f3 encarregada de posar el toc musical i fer que tots els assistents passaren un bon mat\u00ed. Moltes s\u00f3n les persones que van participar-hi, aix\u00ed com els col\u00b7legis Esquema, La Uni\u00f3 i El Mol\u00ed; a m\u00e9s dels centres ocupacionals Tom\u00e1s de Osma II,\u00a0ABD,\u00a0ADISTO i\u00a0ASIDIT. Igualment, no van voler perdre&#8217;s la jornada la unitat de salut mental del grup de ioga, els familiars i amics de Torrent, aix\u00ed com l&#8217;alcalde, Jes\u00fas Ros, i els membres de la corporaci\u00f3 municipal. El regidor d&#8217;Atenci\u00f3 a les Persones, Francesc Carbonell, es va sumar a la marxa i va assenyalar que \u201camb activitats com estes volem fer visible este col\u00b7lectiu tan important en la nostra societat\u201d.<\/p>\n<p style=\"text-align: justify;\">Finalment, el grup va arribar a la Torre, on es va fer la lectura de dos manifestos. El primer, a c\u00e0rrec de Juan Solars, representant d\u2019ASIDIT; i el segon, a c\u00e0rrec d\u2019Elena Garc\u00eda, membre d\u2019ADISTO.<\/p>\n","protected":false},"excerpt":{"rendered":"<p>Representants d\u2019associacions de discapacitats de Torrent han llegit uns manifestos en la Torre El dia 3 de desembre es commemor\u00e0 el Dia de les Persones amb Discapacitat, i Torrent ho va celebrar dilluns passat amb una jornada d\u2019activitats molt divertides i on la m\u00fasica va tindre un gran protagonisme. Des de la Comissi\u00f3 de Discapacitat [&hellip;]<\/p>\n","protected":false},"author":13,"featured_media":1137,"comment_status":"open","ping_status":"open","sticky":false,"template":"","format":"standard","meta":{"_acf_changed":false,"footnotes":""},"categories":[122,116],"tags":[811],"class_list":["post-8972","post","type-post","status-publish","format-standard","has-post-thumbnail","hentry","category-benestar-social","category-noticies","tag-asidit"],"acf":[],"_links":{"self":[{"href":"https:\/\/infotorrent.es\/ca\/wp-json\/wp\/v2\/posts\/8972","targetHints":{"allow":["GET"]}}],"collection":[{"href":"https:\/\/infotorrent.es\/ca\/wp-json\/wp\/v2\/posts"}],"about":[{"href":"https:\/\/infotorrent.es\/ca\/wp-json\/wp\/v2\/types\/post"}],"author":[{"embeddable":true,"href":"https:\/\/infotorrent.es\/ca\/wp-json\/wp\/v2\/users\/13"}],"replies":[{"embeddable":true,"href":"https:\/\/infotorrent.es\/ca\/wp-json\/wp\/v2\/comments?post=8972"}],"version-history":[{"count":0,"href":"https:\/\/infotorrent.es\/ca\/wp-json\/wp\/v2\/posts\/8972\/revisions"}],"wp:featuredmedia":[{"embeddable":true,"href":"https:\/\/infotorrent.es\/ca\/wp-json\/wp\/v2\/media\/1137"}],"wp:attachment":[{"href":"https:\/\/infotorrent.es\/ca\/wp-json\/wp\/v2\/media?parent=8972"}],"wp:term":[{"taxonomy":"category","embeddable":true,"href":"https:\/\/infotorrent.es\/ca\/wp-json\/wp\/v2\/categories?post=8972"},{"taxonomy":"post_tag","embeddable":true,"href":"https:\/\/infotorrent.es\/ca\/wp-json\/wp\/v2\/tags?post=8972"}],"curies":[{"name":"wp","href":"https:\/\/api.w.org\/{rel}","templated":true}]}}