{"id":89596,"date":"2025-12-01T10:48:11","date_gmt":"2025-12-01T09:48:11","guid":{"rendered":"https:\/\/infotorrent.es\/?p=89596"},"modified":"2025-12-01T10:52:27","modified_gmt":"2025-12-01T09:52:27","slug":"exit-rotund-de-la-ruta-torrent-medieval-que-reunix-150-participants-en-una-nova-edicio-de-rutes-del-temps","status":"publish","type":"post","link":"https:\/\/infotorrent.es\/ca\/noticias-2\/cultura-noticias-2\/exit-rotund-de-la-ruta-torrent-medieval-que-reunix-150-participants-en-una-nova-edicio-de-rutes-del-temps\/","title":{"rendered":"\u00c8xit rotund de la ruta \u2018Torrent Medieval\u2019, que reunix 150 participants en una nova edici\u00f3 de \u2018Rutes del Temps\u2019"},"content":{"rendered":"\n<p>L\u2019activitat, guiada pel cronista Pep\u00e9 Royo i amb teatralitzacions de Cucuruc\u00fa Teatre, supera totes les previsions de participaci\u00f3n<\/p>\n\n\n\n<p>L\u2019edici\u00f3 d\u2019enguany de \u2018Torrent Medieval\u2019, emmarcada dins del programa Rutes del Temps per Torrent, ha sigut un \u00e8xit absolut. La proposta cultural, organitzada per la Regidoria de Cultura de l\u2019Ajuntament de Torrent, ha reunit este mat\u00ed 150 persones, multiplicant amb escreix les 60 places inicialment previstes i consolidant-se com una de les activitats m\u00e9s demandades per la ciutadania.<\/p>\n\n\n\n<p>La ruta ha oferit un aut\u00e8ntic viatge al passat, recorrent els escenaris m\u00e9s representatius del Torrent medieval, una \u00e8poca marcada per la pres\u00e8ncia de l\u2019Orde dels Hospitalers, el llegat dels quals continua sent clau per a comprendre els or\u00edgens de la ciutat. El recorregut ha estat guiat per Pep\u00e9 Royo, cronista oficial de Torrent, les explicacions del qual han perm\u00e9s als assistents submergir-se en els esdeveniments i personatges que marcaren l\u2019etapa posterior a la Carta de Poblament de 1248.<\/p>\n\n\n\n<p>Durant l\u2019itinerari, els participants han visitat la pla\u00e7a Col\u00f3n, lloc on se situava l\u2019antic Ajuntament del municipi; el carrer Hospital; i la Torre, un dels principals s\u00edmbols patrimonials de Torrent, on Royo ha explicat la import\u00e0ncia defensiva i social d\u2019este emblem\u00e0tic edifici al llarg dels segles.<\/p>\n\n\n\n<p>L\u2019experi\u00e8ncia ha estat acompanyada per les teatralitzacions de Cucuruc\u00fa Teatre, que han donat vida a escenes hist\u00f2riques i moments quotidians de l\u2019\u00e8poca, convertint el passeig en una viv\u00e8ncia immersiva, participativa i altament evocadora.<\/p>\n\n\n\n<p>Esta sessi\u00f3 de Rutes del Temps ha coincidit amb la programaci\u00f3 especial de l\u2019aniversari de la Carta de Poblament, que va culminar eixa mateixa vesprada amb la celebraci\u00f3 dels Premis Carta de Poblament, creant aix\u00ed una jornada cultural completa dedicada a la mem\u00f2ria hist\u00f2rica del municipi.<\/p>\n\n\n\n<p>El regidor de Cultura, Aitor S\u00e1nchez, ha mostrat la seua satisfacci\u00f3 per l\u2019\u00e8xit de la convocat\u00f2ria: <strong>\u201cEstem molt orgullosos de veure com la ciutadania respon a propostes que posen en valor la nostra hist\u00f2ria i el nostre patrimoni. \u2018Rutes del Temps\u2019 s\u2019ha convertit en un projecte cultural imprescindible perqu\u00e8 combina rigor hist\u00f2ric, divulgaci\u00f3 i entreteniment\u201d.<\/strong><\/p>\n\n\n\n<p>S\u00e1nchez ha afegit que <strong>\u201cla gran participaci\u00f3 en esta edici\u00f3 demostra que Torrent vol con\u00e9ixer el seu passat, viure\u2019l i celebrar-lo. Continuarem treballant per a ampliar i millorar estes rutes, que cada any creixen gr\u00e0cies a la implicaci\u00f3 de guies, companyies teatrals i participants\u201d.<\/strong><\/p>\n\n\n\n<p>Amb esta alta participaci\u00f3 i l\u2019acollida entusiasta del p\u00fablic, \u2018Torrent Medieval\u2019 reafirma l\u2019\u00e8xit d\u2019un format que s\u2019ha convertit en un referent cultural i tur\u00edstic a la ciutat.<\/p>\n\n\n\n<figure class=\"wp-block-image size-large\"><img fetchpriority=\"high\" decoding=\"async\" width=\"1024\" height=\"683\" src=\"https:\/\/infotorrent.es\/wp-content\/uploads\/2025\/12\/Rutes-del-Temps-Torrent-5-1024x683.jpg\" alt=\"\" class=\"wp-image-89583\" srcset=\"https:\/\/infotorrent.es\/wp-content\/uploads\/2025\/12\/Rutes-del-Temps-Torrent-5-1024x683.jpg 1024w, https:\/\/infotorrent.es\/wp-content\/uploads\/2025\/12\/Rutes-del-Temps-Torrent-5-300x200.jpg 300w, https:\/\/infotorrent.es\/wp-content\/uploads\/2025\/12\/Rutes-del-Temps-Torrent-5-768x512.jpg 768w, https:\/\/infotorrent.es\/wp-content\/uploads\/2025\/12\/Rutes-del-Temps-Torrent-5.jpg 1065w\" sizes=\"(max-width: 1024px) 100vw, 1024px\" \/><\/figure>\n\n\n\n<figure class=\"wp-block-gallery has-nested-images columns-default is-cropped wp-block-gallery-1 is-layout-flex wp-block-gallery-is-layout-flex\">\n<figure class=\"wp-block-image size-large\"><img decoding=\"async\" width=\"1024\" height=\"683\" data-id=\"89586\" src=\"https:\/\/infotorrent.es\/wp-content\/uploads\/2025\/12\/Rutes-del-Temps-Torrent-2-1024x683.jpg\" alt=\"\" class=\"wp-image-89586\" srcset=\"https:\/\/infotorrent.es\/wp-content\/uploads\/2025\/12\/Rutes-del-Temps-Torrent-2-1024x683.jpg 1024w, https:\/\/infotorrent.es\/wp-content\/uploads\/2025\/12\/Rutes-del-Temps-Torrent-2-300x200.jpg 300w, https:\/\/infotorrent.es\/wp-content\/uploads\/2025\/12\/Rutes-del-Temps-Torrent-2-768x512.jpg 768w, https:\/\/infotorrent.es\/wp-content\/uploads\/2025\/12\/Rutes-del-Temps-Torrent-2.jpg 1065w\" sizes=\"(max-width: 1024px) 100vw, 1024px\" \/><\/figure>\n\n\n\n<figure class=\"wp-block-image size-large\"><img decoding=\"async\" width=\"1024\" height=\"683\" data-id=\"89588\" src=\"https:\/\/infotorrent.es\/wp-content\/uploads\/2025\/12\/Rutes-del-Temps-Torrent-3-1024x683.jpg\" alt=\"\" class=\"wp-image-89588\" srcset=\"https:\/\/infotorrent.es\/wp-content\/uploads\/2025\/12\/Rutes-del-Temps-Torrent-3-1024x683.jpg 1024w, https:\/\/infotorrent.es\/wp-content\/uploads\/2025\/12\/Rutes-del-Temps-Torrent-3-300x200.jpg 300w, https:\/\/infotorrent.es\/wp-content\/uploads\/2025\/12\/Rutes-del-Temps-Torrent-3-768x512.jpg 768w, https:\/\/infotorrent.es\/wp-content\/uploads\/2025\/12\/Rutes-del-Temps-Torrent-3.jpg 1065w\" sizes=\"(max-width: 1024px) 100vw, 1024px\" \/><\/figure>\n\n\n\n<figure class=\"wp-block-image size-large\"><img loading=\"lazy\" decoding=\"async\" width=\"1024\" height=\"683\" data-id=\"89590\" src=\"https:\/\/infotorrent.es\/wp-content\/uploads\/2025\/12\/Rutes-del-Temps-Torrent-1-1024x683.jpg\" alt=\"\" class=\"wp-image-89590\" srcset=\"https:\/\/infotorrent.es\/wp-content\/uploads\/2025\/12\/Rutes-del-Temps-Torrent-1-1024x683.jpg 1024w, https:\/\/infotorrent.es\/wp-content\/uploads\/2025\/12\/Rutes-del-Temps-Torrent-1-300x200.jpg 300w, https:\/\/infotorrent.es\/wp-content\/uploads\/2025\/12\/Rutes-del-Temps-Torrent-1-768x512.jpg 768w, https:\/\/infotorrent.es\/wp-content\/uploads\/2025\/12\/Rutes-del-Temps-Torrent-1.jpg 1065w\" sizes=\"(max-width: 1024px) 100vw, 1024px\" \/><\/figure>\n\n\n\n<figure class=\"wp-block-image size-large\"><img loading=\"lazy\" decoding=\"async\" width=\"1024\" height=\"683\" data-id=\"89592\" src=\"https:\/\/infotorrent.es\/wp-content\/uploads\/2025\/12\/Rutes-del-Temps-Torrent-6-1024x683.jpg\" alt=\"\" class=\"wp-image-89592\" srcset=\"https:\/\/infotorrent.es\/wp-content\/uploads\/2025\/12\/Rutes-del-Temps-Torrent-6-1024x683.jpg 1024w, https:\/\/infotorrent.es\/wp-content\/uploads\/2025\/12\/Rutes-del-Temps-Torrent-6-300x200.jpg 300w, https:\/\/infotorrent.es\/wp-content\/uploads\/2025\/12\/Rutes-del-Temps-Torrent-6-768x512.jpg 768w, https:\/\/infotorrent.es\/wp-content\/uploads\/2025\/12\/Rutes-del-Temps-Torrent-6.jpg 1065w\" sizes=\"(max-width: 1024px) 100vw, 1024px\" \/><\/figure>\n\n\n\n<figure class=\"wp-block-image size-large\"><img loading=\"lazy\" decoding=\"async\" width=\"1024\" height=\"683\" data-id=\"89594\" src=\"https:\/\/infotorrent.es\/wp-content\/uploads\/2025\/12\/Rutes-del-Temps-Torrent-4-1024x683.jpg\" alt=\"\" class=\"wp-image-89594\" srcset=\"https:\/\/infotorrent.es\/wp-content\/uploads\/2025\/12\/Rutes-del-Temps-Torrent-4-1024x683.jpg 1024w, https:\/\/infotorrent.es\/wp-content\/uploads\/2025\/12\/Rutes-del-Temps-Torrent-4-300x200.jpg 300w, https:\/\/infotorrent.es\/wp-content\/uploads\/2025\/12\/Rutes-del-Temps-Torrent-4-768x512.jpg 768w, https:\/\/infotorrent.es\/wp-content\/uploads\/2025\/12\/Rutes-del-Temps-Torrent-4.jpg 1065w\" sizes=\"(max-width: 1024px) 100vw, 1024px\" \/><\/figure>\n<\/figure>\n","protected":false},"excerpt":{"rendered":"<p>L\u2019activitat, guiada pel cronista Pep\u00e9 Royo i amb teatralitzacions de Cucuruc\u00fa Teatre, supera totes les previsions de participaci\u00f3n L\u2019edici\u00f3 d\u2019enguany de \u2018Torrent Medieval\u2019, emmarcada dins del programa Rutes del Temps per Torrent, ha sigut un \u00e8xit absolut. La proposta cultural, organitzada per la Regidoria de Cultura de l\u2019Ajuntament de Torrent, ha reunit este mat\u00ed 150 [&hellip;]<\/p>\n","protected":false},"author":21,"featured_media":89583,"comment_status":"open","ping_status":"open","sticky":false,"template":"","format":"standard","meta":{"_acf_changed":false,"footnotes":""},"categories":[756],"tags":[],"class_list":["post-89596","post","type-post","status-publish","format-standard","has-post-thumbnail","hentry","category-cultura-noticias-2"],"acf":[],"_links":{"self":[{"href":"https:\/\/infotorrent.es\/ca\/wp-json\/wp\/v2\/posts\/89596","targetHints":{"allow":["GET"]}}],"collection":[{"href":"https:\/\/infotorrent.es\/ca\/wp-json\/wp\/v2\/posts"}],"about":[{"href":"https:\/\/infotorrent.es\/ca\/wp-json\/wp\/v2\/types\/post"}],"author":[{"embeddable":true,"href":"https:\/\/infotorrent.es\/ca\/wp-json\/wp\/v2\/users\/21"}],"replies":[{"embeddable":true,"href":"https:\/\/infotorrent.es\/ca\/wp-json\/wp\/v2\/comments?post=89596"}],"version-history":[{"count":1,"href":"https:\/\/infotorrent.es\/ca\/wp-json\/wp\/v2\/posts\/89596\/revisions"}],"predecessor-version":[{"id":89598,"href":"https:\/\/infotorrent.es\/ca\/wp-json\/wp\/v2\/posts\/89596\/revisions\/89598"}],"wp:featuredmedia":[{"embeddable":true,"href":"https:\/\/infotorrent.es\/ca\/wp-json\/wp\/v2\/media\/89583"}],"wp:attachment":[{"href":"https:\/\/infotorrent.es\/ca\/wp-json\/wp\/v2\/media?parent=89596"}],"wp:term":[{"taxonomy":"category","embeddable":true,"href":"https:\/\/infotorrent.es\/ca\/wp-json\/wp\/v2\/categories?post=89596"},{"taxonomy":"post_tag","embeddable":true,"href":"https:\/\/infotorrent.es\/ca\/wp-json\/wp\/v2\/tags?post=89596"}],"curies":[{"name":"wp","href":"https:\/\/api.w.org\/{rel}","templated":true}]}}