{"id":8958,"date":"2017-12-04T10:25:04","date_gmt":"2017-12-04T10:25:04","guid":{"rendered":"https:\/\/infotorrent.es\/uncategorized\/xarrada-preventiva-sobre-el-cancer-de-prostata-en-la-casa-de-la-dona\/"},"modified":"2017-12-04T11:15:18","modified_gmt":"2017-12-04T11:15:18","slug":"xarrada-preventiva-sobre-el-cancer-de-prostata-en-la-casa-de-la-dona","status":"publish","type":"post","link":"https:\/\/infotorrent.es\/ca\/noticies\/xarrada-preventiva-sobre-el-cancer-de-prostata-en-la-casa-de-la-dona\/","title":{"rendered":"Xarrada preventiva sobre el c\u00e0ncer de pr\u00f2stata en la Casa de la Dona"},"content":{"rendered":"<p style=\"text-align: justify;\">Ahir a la vesprada, la Casa de la Dona va acollir una xarrada sobre prevenci\u00f3 del c\u00e0ncer de pr\u00f2stata, dins del programa que s\u2019organitza des de la junta local de l&#8217;Associaci\u00f3 Contra el C\u00e0ncer (AECC Torrent). La doctora Ana Ferrer hi va tractar aspectes com la prevenci\u00f3, les causes i els ex\u00e0mens de detecci\u00f3 en este tipus de c\u00e0ncer.<\/p>\n<p style=\"text-align: justify;\">Esta xarrada se suma a les que ja s\u2019han fet durant la programaci\u00f3 de l&#8217;any 2017, on tamb\u00e9 va participar la doctora Ferrer, sobre c\u00e0ncer de mama, c\u00f2lon i pell. Igualment, l\u2019AECC est\u00e0 duent a terme activitats conjuntes, com el mercat solidari, en el qual s\u2019han recaptat 25.415,50 \u20ac; o la carrera solid\u00e0ria Runc\u00e0ncer, on van participar m\u00e9s de 1.500 persones i es va aconseguir un total de 7.860 \u20ac per a col\u00b7laborar amb la recerca i la lluita contra el c\u00e0ncer.<\/p>\n<p style=\"text-align: justify;\">A m\u00e9s, en estos moments s\u2019est\u00e0 duent a terme en la Casa de la Dona un programa d\u2019ajuda per a deixar de fumar, en el qual els assistents treballen en el proc\u00e9s d\u2019eliminar la seua addicci\u00f3 al tabac. Un curs amb activitats d\u2019atenci\u00f3 en grup i individualitzes que s\u00f3n valorades com a fiables i que inclou una metodologia moderna i de comprom\u00eds, per\u00f2 sense obligaci\u00f3.<\/p>\n","protected":false},"excerpt":{"rendered":"<p>Ahir a la vesprada, la Casa de la Dona va acollir una xarrada sobre prevenci\u00f3 del c\u00e0ncer de pr\u00f2stata, dins del programa que s\u2019organitza des de la junta local de l&#8217;Associaci\u00f3 Contra el C\u00e0ncer (AECC Torrent). La doctora Ana Ferrer hi va tractar aspectes com la prevenci\u00f3, les causes i els ex\u00e0mens de detecci\u00f3 en [&hellip;]<\/p>\n","protected":false},"author":4,"featured_media":1137,"comment_status":"open","ping_status":"open","sticky":false,"template":"","format":"standard","meta":{"_acf_changed":false,"footnotes":""},"categories":[122,127,116],"tags":[805],"class_list":["post-8958","post","type-post","status-publish","format-standard","has-post-thumbnail","hentry","category-benestar-social","category-noticias-2","category-noticies","tag-aeccsolidaritat"],"acf":[],"_links":{"self":[{"href":"https:\/\/infotorrent.es\/ca\/wp-json\/wp\/v2\/posts\/8958","targetHints":{"allow":["GET"]}}],"collection":[{"href":"https:\/\/infotorrent.es\/ca\/wp-json\/wp\/v2\/posts"}],"about":[{"href":"https:\/\/infotorrent.es\/ca\/wp-json\/wp\/v2\/types\/post"}],"author":[{"embeddable":true,"href":"https:\/\/infotorrent.es\/ca\/wp-json\/wp\/v2\/users\/4"}],"replies":[{"embeddable":true,"href":"https:\/\/infotorrent.es\/ca\/wp-json\/wp\/v2\/comments?post=8958"}],"version-history":[{"count":0,"href":"https:\/\/infotorrent.es\/ca\/wp-json\/wp\/v2\/posts\/8958\/revisions"}],"wp:featuredmedia":[{"embeddable":true,"href":"https:\/\/infotorrent.es\/ca\/wp-json\/wp\/v2\/media\/1137"}],"wp:attachment":[{"href":"https:\/\/infotorrent.es\/ca\/wp-json\/wp\/v2\/media?parent=8958"}],"wp:term":[{"taxonomy":"category","embeddable":true,"href":"https:\/\/infotorrent.es\/ca\/wp-json\/wp\/v2\/categories?post=8958"},{"taxonomy":"post_tag","embeddable":true,"href":"https:\/\/infotorrent.es\/ca\/wp-json\/wp\/v2\/tags?post=8958"}],"curies":[{"name":"wp","href":"https:\/\/api.w.org\/{rel}","templated":true}]}}